{"id":2967,"date":"2008-06-20T22:39:00","date_gmt":"2008-06-20T20:39:00","guid":{"rendered":"https:\/\/arnwiesen.net\/wpt\/?p=2967"},"modified":"2022-07-14T21:04:09","modified_gmt":"2022-07-14T19:04:09","slug":"die-nordgruppe-laedt-ein","status":"publish","type":"post","link":"https:\/\/arnwiesen.net\/wpt\/2008\/die-nordgruppe-laedt-ein\/","title":{"rendered":"Die Nordgruppe l\u00e4dt ein"},"content":{"rendered":"\n<p>Hallo TCKJ-ler,<\/p>\n\n\n\n<p>der Norden l\u00e4dt ein. Nachdem wir die Terminkalender abgeglichen haben, steht das Wochenende 5. bis 7. September f\u00fcr das TCKJ-Jahrestreffen fest. Wir, die Nordgruppe des einzigen deutschlandweit aufgestellten Triathlonvereins w\u00fcrden uns freuen, m\u00f6glichst viele von Euch im Osnabr\u00fcckerland zu begr\u00fc\u00dfen.<\/p>\n\n\n<div class=\"wp-block-image\">\n<figure class=\"aligncenter\"><img decoding=\"async\" src=\"https:\/\/arnwiesen.net\/wpt\/wp-content\/uploads\/2008\/hagen-atw.png\" alt=\"Image\" title=\"Image\"\/><\/figure>\n<\/div>\n\n\n<p>Ein m\u00f6gliches Programm haben wir unten aufgestellt.<\/p>\n\n\n\n<!--more-->\n\n\n\n<p>F\u00fcr die bessere Planung (insbesondere \u00dcbernachtungspl\u00e4tze) w\u00e4re es sch\u00f6n, wenn wir eine Zusage der Teilnehmer bis Ende Juli h\u00e4tten.<\/p>\n\n\n\n<p><strong>Freitag:<\/strong><\/p>\n\n\n\n<p>Nachtw\u00e4chterf\u00fchrung in OS, die ist nicht teuer und k\u00f6nnte noch im Rampendahl ausklingen&#8230;&#8230;..<\/p>\n\n\n\n<p>Infos:&nbsp;<a href=\"http:\/\/www.osnabrueck.de\/15193.asp\" target=\"_blank\" rel=\"noreferrer noopener\">http:\/\/www.osnabrueck.de\/15193.asp<\/a><br>Infos:&nbsp;<a href=\"http:\/\/www.rampendahl.de\/\" target=\"_blank\" rel=\"noreferrer noopener\">http:\/\/www.rampendahl.de\/<\/a><\/p>\n\n\n\n<p><strong>Samstag:<\/strong><\/p>\n\n\n\n<p>Vormittags k\u00f6nnten wir den Kletterwald Ibbenb\u00fcren besuchen.Der Eintritt liegt bei Kinder bis 10 Jahren bei 10 \u20ac und steigert sich \u00fcber 12\u20ac bis 14 \u20ac f\u00fcr Erwachsene.<\/p>\n\n\n\n<p>Infos:&nbsp;<a href=\"http:\/\/www.kletterwald-ibbenbueren.de\/\" target=\"_blank\" rel=\"noreferrer noopener\">http:\/\/www.kletterwald-ibbenbueren.de\/<\/a><\/p>\n\n\n\n<p>Am Nachmittag um 14:30 Uhr beginnt der Hagener Volkslauf. Es gibt die 5, 10 und 20 km Varianten. Au\u00dferdem werden 5 und 10 km Walking-Strecken und ein Bambinilauf (400 m) angeboten.<\/p>\n\n\n\n<p>Danach Pastaparty bei Diekriede oder Hehemann<\/p>\n\n\n\n<p><strong>Sonntag:<\/strong><\/p>\n\n\n\n<p>Nach dem Fr\u00fchst\u00fcck k\u00f6nnten wir einen Ausflug in den Barfu\u00dfpark nach Lienen anbieten.<\/p>\n\n\n\n<p>Infos:&nbsp;<a href=\"http:\/\/www.in-lienen.de\/barfusspark\" target=\"_blank\" rel=\"noreferrer noopener\">http:\/\/www.in-lienen.de\/barfusspark<\/a><\/p>\n\n\n\n<p>Daf\u00fcr muss allerdings das Wetter mitspielen. Bei schlechtemWetter ist ein kleiner Abstecher zur n\u00f6rdlichsten \u201eJausestation Deutschlands\u201c eine Alternative.<\/p>\n\n\n\n<p>Infos:&nbsp;<a href=\"http:\/\/waldwirtschaft-malepartus.de\/\" target=\"_blank\" rel=\"noreferrer noopener\">http:\/\/waldwirtschaft-malepartus.de\/<\/a><\/p>\n\n\n\n<p>Ansonsten h\u00e4ten wir noch Alternativen im Angebot:<\/p>\n\n\n\n<p>Das Figurentheater in Osnabr\u00fcck&nbsp;<a href=\"http:\/\/www.figurentheater-osnabrueck.de\/\" target=\"_blank\" rel=\"noreferrer noopener\">http:\/\/www.figurentheater-osnabrueck.de\/<\/a>&nbsp;(am 06.09. beginnt hier die neue Saison) oder die Freilichtb\u00fchne Tecklenburg mit dem Musical &#8222;Footloose&#8220;&nbsp;<a href=\"http:\/\/www.freilichtspiele-tecklenburg.de\/\" target=\"_blank\" rel=\"noreferrer noopener\">http:\/\/www.freilichtspiele-tecklenburg.de<\/a>&nbsp;oder vielleicht etwas sportliches:<\/p>\n\n\n\n<p>Swin-Golf&nbsp;&nbsp;<a href=\"http:\/\/www.hofhorstmann.de\/50058194f1076e009\/index.html\" target=\"_blank\" rel=\"noreferrer noopener\">http:\/\/www.hofhorstmann.de\/<\/a><\/p>\n\n\n\n<p>oder f\u00fcr die radsportbegeisterten auf dem Weg in Richtung Heimat<\/p>\n\n\n\n<p>die RTF in Harsewinkel&nbsp;<a href=\"http:\/\/www.rad-net.de\/modules.php?name=Breitensport&amp;pgID_Termine=26&amp;ID_Termine=23097&amp;mode=breiten_detail\" target=\"_blank\" rel=\"noreferrer noopener\">http:\/\/www.rad-net.de\/<\/a><\/p>\n","protected":false},"excerpt":{"rendered":"<p>Hallo TCKJ-ler, der Norden l\u00e4dt ein. Nachdem wir die Terminkalender abgeglichen haben, steht das Wochenende 5. bis 7. September f\u00fcr das TCKJ-Jahrestreffen fest. Wir, die Nordgruppe des einzigen deutschlandweit aufgestellten Triathlonvereins w\u00fcrden uns freuen, m\u00f6glichst viele von Euch im Osnabr\u00fcckerland zu begr\u00fc\u00dfen. Ein m\u00f6gliches Programm haben wir unten aufgestellt.<\/p>\n","protected":false},"author":1,"featured_media":0,"comment_status":"closed","ping_status":"open","sticky":false,"template":"","format":"standard","meta":{"footnotes":""},"categories":[13],"tags":[262],"class_list":["post-2967","post","type-post","status-publish","format-standard","hentry","category-berichte-2008","tag-planung"],"_links":{"self":[{"href":"https:\/\/arnwiesen.net\/wpt\/wp-json\/wp\/v2\/posts\/2967","targetHints":{"allow":["GET"]}}],"collection":[{"href":"https:\/\/arnwiesen.net\/wpt\/wp-json\/wp\/v2\/posts"}],"about":[{"href":"https:\/\/arnwiesen.net\/wpt\/wp-json\/wp\/v2\/types\/post"}],"author":[{"embeddable":true,"href":"https:\/\/arnwiesen.net\/wpt\/wp-json\/wp\/v2\/users\/1"}],"replies":[{"embeddable":true,"href":"https:\/\/arnwiesen.net\/wpt\/wp-json\/wp\/v2\/comments?post=2967"}],"version-history":[{"count":3,"href":"https:\/\/arnwiesen.net\/wpt\/wp-json\/wp\/v2\/posts\/2967\/revisions"}],"predecessor-version":[{"id":3788,"href":"https:\/\/arnwiesen.net\/wpt\/wp-json\/wp\/v2\/posts\/2967\/revisions\/3788"}],"wp:attachment":[{"href":"https:\/\/arnwiesen.net\/wpt\/wp-json\/wp\/v2\/media?parent=2967"}],"wp:term":[{"taxonomy":"category","embeddable":true,"href":"https:\/\/arnwiesen.net\/wpt\/wp-json\/wp\/v2\/categories?post=2967"},{"taxonomy":"post_tag","embeddable":true,"href":"https:\/\/arnwiesen.net\/wpt\/wp-json\/wp\/v2\/tags?post=2967"}],"curies":[{"name":"wp","href":"https:\/\/api.w.org\/{rel}","templated":true}]}}