{"id":2958,"date":"2008-04-13T22:29:00","date_gmt":"2008-04-13T20:29:00","guid":{"rendered":"https:\/\/arnwiesen.net\/wpt\/?p=2958"},"modified":"2022-07-14T20:39:25","modified_gmt":"2022-07-14T18:39:25","slug":"20-jenaer-duathlon","status":"publish","type":"post","link":"https:\/\/arnwiesen.net\/wpt\/2008\/20-jenaer-duathlon\/","title":{"rendered":"20. Jenaer Duathlon"},"content":{"rendered":"\n<p><strong>TCKJ is back, nach 4 Jahren Pause<\/strong><\/p>\n\n\n<div class=\"wp-block-image\">\n<figure class=\"aligncenter\"><img decoding=\"async\" src=\"https:\/\/arnwiesen.net\/wpt\/wp-content\/uploads\/2008\/dua_jena_08.jpg\" alt=\"dua_jena_08\" title=\"Image\"\/><\/figure>\n<\/div>\n\n\n<p>Cossi, Henry, J\u00f6rg und Atze starteten am 13.4.08 bei sonnigem Fr\u00fchlingswetter beim 20. Jenaer Duathlon.&nbsp;Rechtzeitig zum Jubil\u00e4um war&nbsp;der TCKJ nach&nbsp;dreimaliger Abstinenz wieder dabei. Bei der Veranstaltung mit dem guten Preis\/Leistungsverh\u00e4ltnis 10 \u20ac Startgeld inkl. Jubil\u00e4ums &#8211; T &#8211; Shirt hat alles gepasst.<\/p>\n\n\n\n<!--more-->\n\n\n<div class=\"wp-block-image\">\n<figure class=\"aligncenter\"><img decoding=\"async\" src=\"https:\/\/arnwiesen.net\/wpt\/wp-content\/uploads\/2008\/dua_jena_08-2.jpg\" alt=\"dua_jena_08-2\" title=\"Image\"\/><\/figure>\n<\/div>\n\n\n<p>So hatten auch die anfeuernden TCKJlerinnen Heike, Angelika, B\u00e4rbel und Andrea ihren Spa\u00df.<\/p>\n\n\n<div class=\"wp-block-image\">\n<figure class=\"aligncenter\"><img decoding=\"async\" src=\"https:\/\/arnwiesen.net\/wpt\/wp-content\/uploads\/2008\/dua_jena_08-3.jpg\" alt=\"dua_jena_08-3\" title=\"Image\"\/><\/figure>\n<\/div>\n\n\n<p>Cossi war nicht mehr in der Form von 2004 als er vor J\u00f6rg ins Ziel kam. So fand er sich diesmal nach den ersten 5 Laufkilometern am Ende des Feldes. Hier nimmt er die Verfolgung auf und konnte&nbsp;auf der 20 km langen Radstrecke und dem abschlie\u00dfenden 2,5 km Lauf noch einige Duathleten \u00fcberholen.<\/p>\n\n\n<div class=\"wp-block-image\">\n<figure class=\"aligncenter\"><img decoding=\"async\" src=\"https:\/\/arnwiesen.net\/wpt\/wp-content\/uploads\/2008\/dua_jena_08-4.jpg\" alt=\"dua_jena_08-4\" title=\"Image\"\/><\/figure>\n<\/div>\n\n\n<p>Die Wechselzone war wieder im Ernst &#8211; Abbe &#8211; Stadion, wo der FC Carl &#8211; Zeiss Jena zur Zeit in der&nbsp;2.&nbsp;Fu\u00dfballbundesliga spielt.<\/p>\n\n\n<div class=\"wp-block-image\">\n<figure class=\"aligncenter\"><img decoding=\"async\" src=\"https:\/\/arnwiesen.net\/wpt\/wp-content\/uploads\/2008\/dua_jena_08-5.jpg\" alt=\"dua_jena_08-5\" title=\"Image\"\/><\/figure>\n<\/div>\n\n\n<p>Hier ist J\u00f6rg auf dem Weg zur Wechselzone, dem das Marathontraining im letzten Jahr sichtlich gut getan hat.<\/p>\n\n\n\n<p>Leider ist die Ergebnisliste beim Veranstalter Triathlon Jena zur Zeit nicht online. Daher hier nur die&nbsp;zirka Zeiten der TCKJler:<\/p>\n\n\n\n<figure class=\"wp-block-table\"><table><tbody><tr><td>Atze<\/td><td>01:10 Std<\/td><\/tr><tr><td>J\u00f6rg<\/td><td>01:15 Std<\/td><\/tr><tr><td>Henry<\/td><td>01:23 Std<\/td><\/tr><tr><td>Cossi<\/td><td>01:26 Std<\/td><\/tr><\/tbody><\/table><\/figure>\n","protected":false},"excerpt":{"rendered":"<p>TCKJ is back, nach 4 Jahren Pause Cossi, Henry, J\u00f6rg und Atze starteten am 13.4.08 bei sonnigem Fr\u00fchlingswetter beim 20. Jenaer Duathlon.&nbsp;Rechtzeitig zum Jubil\u00e4um war&nbsp;der TCKJ nach&nbsp;dreimaliger Abstinenz wieder dabei. Bei der Veranstaltung mit dem guten Preis\/Leistungsverh\u00e4ltnis 10 \u20ac Startgeld inkl. Jubil\u00e4ums &#8211; T &#8211; Shirt hat alles gepasst.<\/p>\n","protected":false},"author":5,"featured_media":0,"comment_status":"closed","ping_status":"open","sticky":false,"template":"","format":"standard","meta":{"footnotes":""},"categories":[13],"tags":[263,38],"class_list":["post-2958","post","type-post","status-publish","format-standard","hentry","category-berichte-2008","tag-duathlon","tag-jena"],"_links":{"self":[{"href":"https:\/\/arnwiesen.net\/wpt\/wp-json\/wp\/v2\/posts\/2958","targetHints":{"allow":["GET"]}}],"collection":[{"href":"https:\/\/arnwiesen.net\/wpt\/wp-json\/wp\/v2\/posts"}],"about":[{"href":"https:\/\/arnwiesen.net\/wpt\/wp-json\/wp\/v2\/types\/post"}],"author":[{"embeddable":true,"href":"https:\/\/arnwiesen.net\/wpt\/wp-json\/wp\/v2\/users\/5"}],"replies":[{"embeddable":true,"href":"https:\/\/arnwiesen.net\/wpt\/wp-json\/wp\/v2\/comments?post=2958"}],"version-history":[{"count":3,"href":"https:\/\/arnwiesen.net\/wpt\/wp-json\/wp\/v2\/posts\/2958\/revisions"}],"predecessor-version":[{"id":3778,"href":"https:\/\/arnwiesen.net\/wpt\/wp-json\/wp\/v2\/posts\/2958\/revisions\/3778"}],"wp:attachment":[{"href":"https:\/\/arnwiesen.net\/wpt\/wp-json\/wp\/v2\/media?parent=2958"}],"wp:term":[{"taxonomy":"category","embeddable":true,"href":"https:\/\/arnwiesen.net\/wpt\/wp-json\/wp\/v2\/categories?post=2958"},{"taxonomy":"post_tag","embeddable":true,"href":"https:\/\/arnwiesen.net\/wpt\/wp-json\/wp\/v2\/tags?post=2958"}],"curies":[{"name":"wp","href":"https:\/\/api.w.org\/{rel}","templated":true}]}}