{"id":2952,"date":"2008-01-04T22:26:00","date_gmt":"2008-01-04T21:26:00","guid":{"rendered":"https:\/\/arnwiesen.net\/wpt\/?p=2952"},"modified":"2022-07-14T20:49:06","modified_gmt":"2022-07-14T18:49:06","slug":"vorschau-2008","status":"publish","type":"post","link":"https:\/\/arnwiesen.net\/wpt\/2008\/vorschau-2008\/","title":{"rendered":"Vorschau 2008"},"content":{"rendered":"\n<p>Nachdem ich meine kurze Rede beendet hatte brannte auch schon das Lagerfeuer am Ufer der Saale. Beim gem\u00fctlichen und w\u00e4rmenden Feuer und reichlich Getr\u00e4nken wurden noch mal einige Themen, die ich angesprochen hatte durchdiskutiert. Und folgendes kam dabei heraus:<\/p>\n\n\n<div class=\"wp-block-image\">\n<figure class=\"aligncenter size-full\"><img loading=\"lazy\" decoding=\"async\" width=\"459\" height=\"390\" src=\"https:\/\/arnwiesen.net\/wpt\/wp-content\/uploads\/2007\/jahrestreffen-lagerfeuer-2.jpg\" alt=\"\" class=\"wp-image-1662\" srcset=\"https:\/\/arnwiesen.net\/wpt\/wp-content\/uploads\/2007\/jahrestreffen-lagerfeuer-2.jpg 459w, https:\/\/arnwiesen.net\/wpt\/wp-content\/uploads\/2007\/jahrestreffen-lagerfeuer-2-300x255.jpg 300w\" sizes=\"auto, (max-width: 459px) 85vw, 459px\" \/><\/figure>\n<\/div>\n\n\n<!--more-->\n\n\n<div class=\"wp-block-image\">\n<figure class=\"aligncenter\"><img decoding=\"async\" src=\"https:\/\/arnwiesen.net\/wpt\/wp-content\/uploads\/2007\/alpen\/ludwig_unter_gigathleten.jpg\" alt=\"Image\" title=\"Image\"\/><\/figure>\n<\/div>\n\n\n<p>Nach der&nbsp;<strong>Alpentour<\/strong>&nbsp;2007, hier Ludwig zwischen Gigathleten, kam die Frage auf &#8222;wie wird es&nbsp;<strong>2008<\/strong>?&#8220; Allen Teilnehmern hatte die Tour sehr gut gefallen, aber einige meinten sie k\u00f6nnten nicht jedes Jahr ihre Familien 1 Woche alleine lassen.<\/p>\n\n\n<div class=\"wp-block-image\">\n<figure class=\"aligncenter size-full\"><img loading=\"lazy\" decoding=\"async\" width=\"460\" height=\"345\" src=\"https:\/\/arnwiesen.net\/wpt\/wp-content\/uploads\/2007\/jahrestreffen_4-1.jpg\" alt=\"\" class=\"wp-image-1656\" srcset=\"https:\/\/arnwiesen.net\/wpt\/wp-content\/uploads\/2007\/jahrestreffen_4-1.jpg 460w, https:\/\/arnwiesen.net\/wpt\/wp-content\/uploads\/2007\/jahrestreffen_4-1-300x225.jpg 300w\" sizes=\"auto, (max-width: 460px) 85vw, 460px\" \/><\/figure>\n<\/div>\n\n\n<p>So haben sich&nbsp;<strong>Frank und Andreas<\/strong>&nbsp;bereit erkl\u00e4rt 2 Touren auszuarbeiten, eine f\u00fcr ein verl\u00e4ngertes Wochenende, eine f\u00fcr eine Woche. Das Ergebnis wird bald erwartet.<\/p>\n\n\n<div class=\"wp-block-image\">\n<figure class=\"aligncenter\"><img decoding=\"async\" src=\"https:\/\/arnwiesen.net\/wpt\/wp-content\/uploads\/2007\/09_drbo_captain.jpg\" alt=\"Image\" title=\"Image\"\/><\/figure>\n<\/div>\n\n\n<p>Viel Spa\u00df hatten auch die Teilnehmer beim&nbsp;<strong>Drachenbootrennen&nbsp;<\/strong>in M\u00fclheim. Das Manko damals : Zu wenig Paddeler im Boot.<\/p>\n\n\n<div class=\"wp-block-image\">\n<figure class=\"aligncenter\"><img decoding=\"async\" src=\"https:\/\/arnwiesen.net\/wpt\/wp-content\/uploads\/2007\/01_drbo_training.jpg\" alt=\"Image\" title=\"Image\"\/><\/figure>\n<\/div>\n\n\n<p>Als Problem wurde erkannt, das der Aufwand der&nbsp;Anreise aus Ost und Nord jedes Jahr f\u00fcr eine nicht TCKJ typische Sportart zu gro\u00df ist. Die L\u00f6sung ist :&nbsp;<strong>Carola<\/strong>, im oberen&nbsp;Bild bei ihrer T\u00e4tigkeit als Teamcaptain 2007, und&nbsp;<strong>Carsten<\/strong>, 2. von links in der vorderen Reihe, werden die Organisation f\u00fcr das Drachenbootrennen 2008 \u00fcbernehmen. Wenn sich nicht gen\u00fcgend TCKJler&nbsp;melden, werden sie die Crew durch weitere Ortsnahe erg\u00e4nzen.<\/p>\n\n\n<div class=\"wp-block-image\">\n<figure class=\"aligncenter\"><img decoding=\"async\" src=\"https:\/\/arnwiesen.net\/wpt\/wp-content\/uploads\/2007\/06_drbo_tckj.jpg\" alt=\"Image\" title=\"Image\"\/><\/figure>\n<\/div>\n\n\n<p>Beim Drachenboot &#8211; Festival 2007 kamen&nbsp;die blauen&nbsp;<strong>TCKJ &#8211; Trikots<\/strong>&nbsp;voll zur Geltung. Inzwischen sind die Trikots bereits \u00fcber 5 Jahre alt, bei einigen Vielstartern beginnen sie sich langsam aufzul\u00f6sen und einige Neue haben noch gar kein TCKJ &#8211; Shirt.<\/p>\n\n\n<div class=\"wp-block-image\">\n<figure class=\"aligncenter\"><img decoding=\"async\" src=\"https:\/\/arnwiesen.net\/wpt\/wp-content\/uploads\/2004\/riesenbeck-bild2420.jpg\" alt=\"Image\" title=\"Image\"\/><\/figure>\n<\/div>\n\n\n<p>Die Fans beim Kernberglauf hatten Schwierigkeiten die TCKJ &#8211; L\u00e4ufer rechtzeitig zu erkennen, da Blau die dominierende Farbe des Laufs war. So kam der Vorschlag bei der Neuauflage orange Trikots zu nehmen. Der Aufdruck bleibt gleich. Trikots bitte bei&nbsp;<strong>Cossi&nbsp;<\/strong>bestellen, Rad- und Lauftrikots sind m\u00f6glich. Das Beflocken bei Bunert dauert ca. 2 Wochen. Vielleicht k\u00f6nnen die neuen Trikots bereits bei Saisoner\u00f6ffnug eingeweiht&nbsp;werden.&nbsp;Und so bunt k\u00f6nnten die Mannschaftsfotos bald aussehen, hier bereits vorweggenommen beim Riesenbecktriathlon 2004.<\/p>\n\n\n\n<figure class=\"wp-block-image size-full\"><img loading=\"lazy\" decoding=\"async\" width=\"460\" height=\"345\" src=\"https:\/\/arnwiesen.net\/wpt\/wp-content\/uploads\/2007\/jahrestreffen_5-1.jpg\" alt=\"\" class=\"wp-image-1657\" srcset=\"https:\/\/arnwiesen.net\/wpt\/wp-content\/uploads\/2007\/jahrestreffen_5-1.jpg 460w, https:\/\/arnwiesen.net\/wpt\/wp-content\/uploads\/2007\/jahrestreffen_5-1-300x225.jpg 300w\" sizes=\"auto, (max-width: 460px) 85vw, 460px\" \/><\/figure>\n\n\n\n<p>Hier ein weiteres Foto vom Jahrestreffen 2007, das mir von Frank zugeschickt wurde und ihn mit Iris zeigt. Das&nbsp;<strong>Jahrestreffen 2008<\/strong>&nbsp;wird von der Nordgruppe organisiert. Wahrscheinlich wird es&nbsp;im August oder September stattfinden, der genaue Termin wird schnellst m\u00f6glich bekanntgegeben.<\/p>\n","protected":false},"excerpt":{"rendered":"<p>Nachdem ich meine kurze Rede beendet hatte brannte auch schon das Lagerfeuer am Ufer der Saale. Beim gem\u00fctlichen und w\u00e4rmenden Feuer und reichlich Getr\u00e4nken wurden noch mal einige Themen, die ich angesprochen hatte durchdiskutiert. Und folgendes kam dabei heraus:<\/p>\n","protected":false},"author":5,"featured_media":0,"comment_status":"closed","ping_status":"open","sticky":false,"template":"","format":"standard","meta":{"footnotes":""},"categories":[13],"tags":[262],"class_list":["post-2952","post","type-post","status-publish","format-standard","hentry","category-berichte-2008","tag-planung"],"_links":{"self":[{"href":"https:\/\/arnwiesen.net\/wpt\/wp-json\/wp\/v2\/posts\/2952","targetHints":{"allow":["GET"]}}],"collection":[{"href":"https:\/\/arnwiesen.net\/wpt\/wp-json\/wp\/v2\/posts"}],"about":[{"href":"https:\/\/arnwiesen.net\/wpt\/wp-json\/wp\/v2\/types\/post"}],"author":[{"embeddable":true,"href":"https:\/\/arnwiesen.net\/wpt\/wp-json\/wp\/v2\/users\/5"}],"replies":[{"embeddable":true,"href":"https:\/\/arnwiesen.net\/wpt\/wp-json\/wp\/v2\/comments?post=2952"}],"version-history":[{"count":2,"href":"https:\/\/arnwiesen.net\/wpt\/wp-json\/wp\/v2\/posts\/2952\/revisions"}],"predecessor-version":[{"id":3784,"href":"https:\/\/arnwiesen.net\/wpt\/wp-json\/wp\/v2\/posts\/2952\/revisions\/3784"}],"wp:attachment":[{"href":"https:\/\/arnwiesen.net\/wpt\/wp-json\/wp\/v2\/media?parent=2952"}],"wp:term":[{"taxonomy":"category","embeddable":true,"href":"https:\/\/arnwiesen.net\/wpt\/wp-json\/wp\/v2\/categories?post=2952"},{"taxonomy":"post_tag","embeddable":true,"href":"https:\/\/arnwiesen.net\/wpt\/wp-json\/wp\/v2\/tags?post=2952"}],"curies":[{"name":"wp","href":"https:\/\/api.w.org\/{rel}","templated":true}]}}