{"id":2944,"date":"2009-09-27T22:19:00","date_gmt":"2009-09-27T20:19:00","guid":{"rendered":"https:\/\/arnwiesen.net\/wpt\/?p=2944"},"modified":"2022-07-22T22:45:39","modified_gmt":"2022-07-22T20:45:39","slug":"jahrestreffen-09-4-teil","status":"publish","type":"post","link":"https:\/\/arnwiesen.net\/wpt\/2009\/jahrestreffen-09-4-teil\/","title":{"rendered":"23. Wedaupokal"},"content":{"rendered":"\n<p>Jahrestreffen &#8211; Teil 4 &#8211; Sonntag, 27.09.2009 &#8211; 2. Sportevent<\/p>\n\n\n\n<p>Hier der Start zum 9,2 km-Lauf&nbsp;zum 4,5 km-Lauf und 4,5 km-Walking.&nbsp;Stammteilnehmer Joachim fehlte&nbsp;erst zum 3. Mal, war also schon 20 Mal dabei. In der Vorbereitung hat er die Strecke mit seinem GPS neu vermessen. So ist die kurze Strecke seit dieser 23. Auflage offiziell 4,5 km lang und wird auf den Urkunden so vermerkt. Der Wedaupokal war das 2. Sportevent des Jahrestreffen&nbsp;des TCKJ 2009. <\/p>\n\n\n<div class=\"wp-block-image\">\n<figure class=\"aligncenter size-full\"><img loading=\"lazy\" decoding=\"async\" width=\"459\" height=\"324\" src=\"https:\/\/arnwiesen.net\/wpt\/wp-content\/uploads\/2009\/wedau09_1.jpg\" alt=\"\" class=\"wp-image-1289\" srcset=\"https:\/\/arnwiesen.net\/wpt\/wp-content\/uploads\/2009\/wedau09_1.jpg 459w, https:\/\/arnwiesen.net\/wpt\/wp-content\/uploads\/2009\/wedau09_1-300x212.jpg 300w\" sizes=\"auto, (max-width: 459px) 85vw, 459px\" \/><\/figure>\n<\/div>\n\n\n<p>Am Start sind einige Sieger in der ersten Reihe. Von links nach rechts: Uli F. \u00fcber 2 Runden, Jan &#8211; Phillip zum 5. Mal in Folge \u00fcber eine Runde, Frank, der nie joggt und daher in Radklamotten an den Start ging \u00fcberraschte erneut, wurde 2. \u00fcber 1 Runde und gewann den B-Pokal. Christine startete nach 5 Jahren wieder auf der Jogging-Strecke und gewann den B-Pokal der Frauen. David gewann das 3. Mal den Jungenpokal und kann ihn jetzt behalten. Au\u00dferdem lief er auch 4,5 km und blieb dort vor seiner Mutter.<\/p>\n\n\n\n<!--more-->\n\n\n<div class=\"wp-block-image\">\n<figure class=\"aligncenter size-full\"><img loading=\"lazy\" decoding=\"async\" width=\"345\" height=\"460\" src=\"https:\/\/arnwiesen.net\/wpt\/wp-content\/uploads\/2009\/wedau09_2.jpg\" alt=\"\" class=\"wp-image-1290\" srcset=\"https:\/\/arnwiesen.net\/wpt\/wp-content\/uploads\/2009\/wedau09_2.jpg 345w, https:\/\/arnwiesen.net\/wpt\/wp-content\/uploads\/2009\/wedau09_2-225x300.jpg 225w\" sizes=\"auto, (max-width: 345px) 85vw, 345px\" \/><\/figure>\n<\/div>\n\n\n<p>W\u00e4hrend Atun vor seinem ersten Wettkampf noch etwas skeptisch in die Kamera schaut,&nbsp;macht Annette einen zuversichtlichen Eindruck, und das mit Recht. Beim Walking verbessert sie ihre pers\u00f6nliche Bestleistung um 3 Minuten und distanziert die beiden walkenden M\u00e4nner Bernd (hier im Bild) und Susu (der erste Nordicwalker beim Wedaupokal) um eine Sekunde.<\/p>\n\n\n<div class=\"wp-block-image\">\n<figure class=\"aligncenter size-full\"><img loading=\"lazy\" decoding=\"async\" width=\"345\" height=\"259\" src=\"https:\/\/arnwiesen.net\/wpt\/wp-content\/uploads\/2009\/wedau09_3.jpg\" alt=\"\" class=\"wp-image-1291\" srcset=\"https:\/\/arnwiesen.net\/wpt\/wp-content\/uploads\/2009\/wedau09_3.jpg 345w, https:\/\/arnwiesen.net\/wpt\/wp-content\/uploads\/2009\/wedau09_3-300x225.jpg 300w\" sizes=\"auto, (max-width: 345px) 85vw, 345px\" \/><\/figure>\n<\/div>\n\n\n<p>Nach 8 Jahren waren die Birgits beim Wedaupokal wieder dabei. Birgit Schm. (links) \u00fcbernahm zusammen mit der erfahrenen Maren die Zeitnahme. Birgit Sch\u00f6. (rechts) startete beim Walking.<\/p>\n\n\n<div class=\"wp-block-image\">\n<figure class=\"aligncenter size-full\"><img loading=\"lazy\" decoding=\"async\" width=\"460\" height=\"437\" src=\"https:\/\/arnwiesen.net\/wpt\/wp-content\/uploads\/2009\/wedau09_5.jpg\" alt=\"\" class=\"wp-image-1293\" srcset=\"https:\/\/arnwiesen.net\/wpt\/wp-content\/uploads\/2009\/wedau09_5.jpg 460w, https:\/\/arnwiesen.net\/wpt\/wp-content\/uploads\/2009\/wedau09_5-300x285.jpg 300w\" sizes=\"auto, (max-width: 460px) 85vw, 460px\" \/><\/figure>\n<\/div>\n\n\n<p>Werner war beim TCKJ nur als Radfahrer und einmal als Triathlet (1998) im Einsatz. Bei seinem ersten Start bei einem Volkslauf wurde er gleich 4.<\/p>\n\n\n<div class=\"wp-block-image\">\n<figure class=\"aligncenter size-full\"><img loading=\"lazy\" decoding=\"async\" width=\"460\" height=\"359\" src=\"https:\/\/arnwiesen.net\/wpt\/wp-content\/uploads\/2009\/wedau09_6.jpg\" alt=\"\" class=\"wp-image-1294\" srcset=\"https:\/\/arnwiesen.net\/wpt\/wp-content\/uploads\/2009\/wedau09_6.jpg 460w, https:\/\/arnwiesen.net\/wpt\/wp-content\/uploads\/2009\/wedau09_6-300x234.jpg 300w\" sizes=\"auto, (max-width: 460px) 85vw, 460px\" \/><\/figure>\n<\/div>\n\n\n<p>Bernhard im Schlussspurt mit Siegerin Rosi.<\/p>\n\n\n<div class=\"wp-block-image\">\n<figure class=\"aligncenter size-full\"><img loading=\"lazy\" decoding=\"async\" width=\"460\" height=\"384\" src=\"https:\/\/arnwiesen.net\/wpt\/wp-content\/uploads\/2009\/wedau09_4.jpg\" alt=\"\" class=\"wp-image-1292\" srcset=\"https:\/\/arnwiesen.net\/wpt\/wp-content\/uploads\/2009\/wedau09_4.jpg 460w, https:\/\/arnwiesen.net\/wpt\/wp-content\/uploads\/2009\/wedau09_4-300x250.jpg 300w\" sizes=\"auto, (max-width: 460px) 85vw, 460px\" \/><\/figure>\n<\/div>\n\n\n<p>Beim Kinderlauf legt Atun in der ersten H\u00e4ltfte ein&nbsp;scharfes Tempo vor, so da\u00df Begleitl\u00e4ufer Bernd ganz sch\u00f6n ins Pusten kommt.<\/p>\n\n\n<div class=\"wp-block-image\">\n<figure class=\"aligncenter size-full\"><img loading=\"lazy\" decoding=\"async\" width=\"337\" height=\"348\" src=\"https:\/\/arnwiesen.net\/wpt\/wp-content\/uploads\/2009\/wedau09_8.jpg\" alt=\"\" class=\"wp-image-1209\" srcset=\"https:\/\/arnwiesen.net\/wpt\/wp-content\/uploads\/2009\/wedau09_8.jpg 337w, https:\/\/arnwiesen.net\/wpt\/wp-content\/uploads\/2009\/wedau09_8-291x300.jpg 291w\" sizes=\"auto, (max-width: 337px) 85vw, 337px\" \/><\/figure>\n<\/div>\n\n\n<p>Hier der Schlussspurt beim Walking, Birgit siegt bei ihrem Comeback. B\u00e4rbel ist das 7. Mal in Folge unter den 2 Ersten.<\/p>\n\n\n<div class=\"wp-block-image\">\n<figure class=\"aligncenter size-full\"><img loading=\"lazy\" decoding=\"async\" width=\"337\" height=\"460\" src=\"https:\/\/arnwiesen.net\/wpt\/wp-content\/uploads\/2009\/wedau09_7.jpg\" alt=\"\" class=\"wp-image-1295\" srcset=\"https:\/\/arnwiesen.net\/wpt\/wp-content\/uploads\/2009\/wedau09_7.jpg 337w, https:\/\/arnwiesen.net\/wpt\/wp-content\/uploads\/2009\/wedau09_7-220x300.jpg 220w\" sizes=\"auto, (max-width: 337px) 85vw, 337px\" \/><\/figure>\n<\/div>\n\n\n<p>Uli F. verteidigt den Pokal \u00fcber 9,2 km und schrappt nur knapp am Weltrekord vorbei.<\/p>\n\n\n<div class=\"wp-block-image\">\n<figure class=\"aligncenter size-full\"><img loading=\"lazy\" decoding=\"async\" width=\"337\" height=\"419\" src=\"https:\/\/arnwiesen.net\/wpt\/wp-content\/uploads\/2009\/wedau09_9.jpg\" alt=\"\" class=\"wp-image-1296\" srcset=\"https:\/\/arnwiesen.net\/wpt\/wp-content\/uploads\/2009\/wedau09_9.jpg 337w, https:\/\/arnwiesen.net\/wpt\/wp-content\/uploads\/2009\/wedau09_9-241x300.jpg 241w\" sizes=\"auto, (max-width: 337px) 85vw, 337px\" \/><\/figure>\n<\/div>\n\n\n<p>Atze wird 2. auf der 9,2 km &#8211; Strecke<\/p>\n\n\n<div class=\"wp-block-image\">\n<figure class=\"aligncenter size-full\"><img loading=\"lazy\" decoding=\"async\" width=\"304\" height=\"460\" src=\"https:\/\/arnwiesen.net\/wpt\/wp-content\/uploads\/2009\/wedau09_10.jpg\" alt=\"\" class=\"wp-image-1297\" srcset=\"https:\/\/arnwiesen.net\/wpt\/wp-content\/uploads\/2009\/wedau09_10.jpg 304w, https:\/\/arnwiesen.net\/wpt\/wp-content\/uploads\/2009\/wedau09_10-198x300.jpg 198w\" sizes=\"auto, (max-width: 304px) 85vw, 304px\" \/><\/figure>\n<\/div>\n\n\n<p>J\u00f6rg&nbsp;wird 3. auf der 9,2 km &#8211; Strecke und freut sich \u00fcber seine Schnapszahlzeit: 44,44 Minuten.<\/p>\n\n\n\n<figure class=\"wp-block-table\"><table><tbody><tr><td>&nbsp;<\/td><td>Jungen<\/td><td>&nbsp;0,7 km<\/td><td>&nbsp;<\/td><td>&nbsp;Frauen<\/td><td>&nbsp;<br>4,5 km<\/td><\/tr><tr><td>1.<\/td><td>David<\/td><td>2,58<\/td><td>&nbsp;1.<\/td><td>&nbsp;Rosi<\/td><td>&nbsp;28,20<\/td><\/tr><tr><td>2.&nbsp;<\/td><td>Atun&nbsp;&nbsp;&nbsp;&nbsp;&nbsp;&nbsp;<\/td><td>5,32<\/td><td>&nbsp;2.<\/td><td>&nbsp;Christine<\/td><td>&nbsp;28,32<\/td><\/tr><tr><td>&nbsp;<\/td><td>M\u00e4dchen<\/td><td>&nbsp;0,7 km<\/td><td>&nbsp;<\/td><td>&nbsp;<\/td><td>&nbsp;<\/td><\/tr><tr><td>1.<\/td><td>&nbsp;Louisa<\/td><td>3,19<\/td><td>&nbsp;<\/td><td>&nbsp;<\/td><td>&nbsp;<\/td><\/tr><tr><td>2.<br>3.<\/td><td>&nbsp;Anna<br>&nbsp;Emilia<\/td><td>4,53&nbsp;<br>6,55&nbsp;<\/td><td>&nbsp;<\/td><td>&nbsp;<\/td><td>&nbsp;<\/td><\/tr><tr><td>&nbsp;<\/td><td>M\u00e4nner<\/td><td>&nbsp;4,5 km<\/td><td>&nbsp;<\/td><td>M\u00e4nner<\/td><td>B-Wertung<br>Differenz<\/td><\/tr><tr><td>1.<\/td><td>Jan-Philipp<\/td><td>18,54<\/td><td>1.<\/td><td>Jan-Philipp<\/td><td>-0,33&nbsp; a.W.<\/td><\/tr><tr><td>2.<\/td><td>Frank<\/td><td>21,56<\/td><td>2.<\/td><td>Frank<\/td><td>0,27<\/td><\/tr><tr><td>3.<\/td><td>Ralf<\/td><td>23,00<\/td><td>3.<\/td><td>Bernhard<\/td><td>0,38<\/td><\/tr><tr><td>4.<\/td><td>Cossi<\/td><td>25,06<\/td><td>4.<\/td><td>Cossi<\/td><td>0,43<\/td><\/tr><tr><td>5.<\/td><td>Werner<\/td><td>27,02<\/td><td>5.<\/td><td>Ralf<\/td><td>1,20<\/td><\/tr><tr><td>6.<\/td><td>David<\/td><td>28,15<\/td><td>6.<\/td><td>Ulrich J.<\/td><td>2,20<\/td><\/tr><tr><td>7.<\/td><td>Bernhard<\/td><td>28,21<\/td><td>&nbsp;<\/td><td>&nbsp;<\/td><td>&nbsp;<\/td><\/tr><tr><td>8.<\/td><td>Ulrich J.<\/td><td>30,24<\/td><td>&nbsp;<\/td><td>&nbsp;<\/td><td>&nbsp;<\/td><\/tr><tr><td>&nbsp;<\/td><td>&nbsp;<\/td><td>&nbsp;<\/td><td>&nbsp;<\/td><td>&nbsp;<\/td><td>&nbsp;<\/td><\/tr><tr><td>&nbsp;<\/td><td>M\u00e4nner<\/td><td>&nbsp;9,2 km<\/td><td>&nbsp;<\/td><td>&nbsp;Frauen<\/td><td>&nbsp;&nbsp;9,2 km<\/td><\/tr><tr><td>1.<\/td><td>Ulrich F.<\/td><td>36,56<\/td><td>&nbsp;1.<\/td><td>&nbsp;Ulla<\/td><td>&nbsp;50,21<\/td><\/tr><tr><td>2.<\/td><td>Atze<\/td><td>42,13<\/td><td>&nbsp;<\/td><td>&nbsp;<\/td><td>&nbsp;<\/td><\/tr><tr><td>3.<\/td><td>J\u00f6rg<\/td><td>44,44<\/td><td>&nbsp;<\/td><td>&nbsp;<\/td><td>&nbsp;<\/td><\/tr><tr><td>&nbsp;<\/td><td>&nbsp;<\/td><td>&nbsp;<\/td><td>&nbsp;<\/td><td>&nbsp;<\/td><td>&nbsp;<\/td><\/tr><tr><td>&nbsp;<\/td><td>Walking<\/td><td>&nbsp;4,5 km<\/td><td>&nbsp;<\/td><td>&nbsp;M\u00e4nner<\/td><td>&nbsp;4,5 km<\/td><\/tr><tr><td>1.<\/td><td>Birgit<\/td><td>38,57<\/td><td>&nbsp;<\/td><td>&nbsp;<\/td><td>&nbsp;<\/td><\/tr><tr><td>2.<\/td><td>B\u00e4rbel<\/td><td>38,58<\/td><td>&nbsp;<\/td><td>&nbsp;<\/td><td>&nbsp;<\/td><\/tr><tr><td>3.<\/td><td>Annette<\/td><td>39,40<\/td><td>&nbsp;<\/td><td>&nbsp;<\/td><td>&nbsp;<\/td><\/tr><tr><td>&nbsp;<\/td><td>&nbsp;<\/td><td>&nbsp;<\/td><td>&nbsp;1.<\/td><td>&nbsp;Bernd<\/td><td>&nbsp;39,41<\/td><\/tr><tr><td>&nbsp;<\/td><td>&nbsp;<\/td><td>&nbsp;<\/td><td>&nbsp;1.<\/td><td>&nbsp;Susu<\/td><td>&nbsp;39,41<\/td><\/tr><\/tbody><\/table><\/figure>\n","protected":false},"excerpt":{"rendered":"<p>Jahrestreffen &#8211; Teil 4 &#8211; Sonntag, 27.09.2009 &#8211; 2. Sportevent Hier der Start zum 9,2 km-Lauf&nbsp;zum 4,5 km-Lauf und 4,5 km-Walking.&nbsp;Stammteilnehmer Joachim fehlte&nbsp;erst zum 3. Mal, war also schon 20 Mal dabei. In der Vorbereitung hat er die Strecke mit seinem GPS neu vermessen. So ist die kurze Strecke seit dieser 23. Auflage offiziell 4,5 &hellip; <a href=\"https:\/\/arnwiesen.net\/wpt\/2009\/jahrestreffen-09-4-teil\/\" class=\"more-link\"><span class=\"screen-reader-text\">\u201e23. Wedaupokal\u201c<\/span> weiterlesen<\/a><\/p>\n","protected":false},"author":5,"featured_media":0,"comment_status":"closed","ping_status":"open","sticky":false,"template":"","format":"standard","meta":{"footnotes":""},"categories":[14],"tags":[125,196,148,307,261,130],"class_list":["post-2944","post","type-post","status-publish","format-standard","hentry","category-berichte-2009","tag-10km","tag-5km","tag-duisburg","tag-duisburg-wedau","tag-walking","tag-wedaupokal"],"_links":{"self":[{"href":"https:\/\/arnwiesen.net\/wpt\/wp-json\/wp\/v2\/posts\/2944","targetHints":{"allow":["GET"]}}],"collection":[{"href":"https:\/\/arnwiesen.net\/wpt\/wp-json\/wp\/v2\/posts"}],"about":[{"href":"https:\/\/arnwiesen.net\/wpt\/wp-json\/wp\/v2\/types\/post"}],"author":[{"embeddable":true,"href":"https:\/\/arnwiesen.net\/wpt\/wp-json\/wp\/v2\/users\/5"}],"replies":[{"embeddable":true,"href":"https:\/\/arnwiesen.net\/wpt\/wp-json\/wp\/v2\/comments?post=2944"}],"version-history":[{"count":7,"href":"https:\/\/arnwiesen.net\/wpt\/wp-json\/wp\/v2\/posts\/2944\/revisions"}],"predecessor-version":[{"id":3645,"href":"https:\/\/arnwiesen.net\/wpt\/wp-json\/wp\/v2\/posts\/2944\/revisions\/3645"}],"wp:attachment":[{"href":"https:\/\/arnwiesen.net\/wpt\/wp-json\/wp\/v2\/media?parent=2944"}],"wp:term":[{"taxonomy":"category","embeddable":true,"href":"https:\/\/arnwiesen.net\/wpt\/wp-json\/wp\/v2\/categories?post=2944"},{"taxonomy":"post_tag","embeddable":true,"href":"https:\/\/arnwiesen.net\/wpt\/wp-json\/wp\/v2\/tags?post=2944"}],"curies":[{"name":"wp","href":"https:\/\/api.w.org\/{rel}","templated":true}]}}