{"id":2932,"date":"2009-08-17T22:13:00","date_gmt":"2009-08-17T20:13:00","guid":{"rendered":"https:\/\/arnwiesen.net\/wpt\/?p=2932"},"modified":"2022-07-12T11:35:08","modified_gmt":"2022-07-12T09:35:08","slug":"radtour-muenchen-timmelsjoch-verona","status":"publish","type":"post","link":"https:\/\/arnwiesen.net\/wpt\/2009\/radtour-muenchen-timmelsjoch-verona\/","title":{"rendered":"Radtour: M\u00fcnchen &#8211; Timmelsjoch &#8211; Verona &#8211; 2009"},"content":{"rendered":"\n<p>Die diesj\u00e4hrige Alpen-Radtour des TCKJ f\u00fchrte uns in der Woche vom 17. &#8211; 22. August 2009<br>von M\u00fcnchen nach Verona.<br><strong>M\u00fcnchen &#8211; Mittenwald &#8211; S\u00f6lden &#8211; Bozen &#8211; Trento &#8211; Malcesine &#8211; Verona<\/strong>\u00a0\u00a0\u00a0\u00a0\u00a0\u00a0 (6 Tage = 540 km)<br>Dabei \u00fcberquerten wir das Timmelsjoch mit 2509 m H\u00f6he und fuhren u.a. am Gardasee entlang.<br>In diesem Jahr waren wir 12 Mitfahrer:<br>Ludwig, Bernhard, Burkhard, Werner, Cossi, Ludger, Henry, Atze, Hardy, J\u00f6rg, Andreas und Frank.<br>Am letzten Tag teilte sich die Gruppe aufgrund der unterschiedlichen Varianten der R\u00fcckfahrt.<br>J\u00f6rg, Atze und Hardy wurden in Malcesine mit dem Auto abgeholt<br>und machten am Sonnabend noch einen Abstecher zum Lago di Ledro.<br>Die anderen 8 Mitfahrer fuhren mit dem Rad nach Verona und von dort mit der Bahn zur\u00fcck nach Deutschland.<\/p>\n\n\n<div class=\"wp-block-image\">\n<figure class=\"aligncenter size-full\"><img loading=\"lazy\" decoding=\"async\" width=\"480\" height=\"360\" src=\"https:\/\/arnwiesen.net\/wpt\/wp-content\/uploads\/2009\/muenchen-verona\/120.jpg\" alt=\"\" class=\"wp-image-1390\" srcset=\"https:\/\/arnwiesen.net\/wpt\/wp-content\/uploads\/2009\/muenchen-verona\/120.jpg 480w, https:\/\/arnwiesen.net\/wpt\/wp-content\/uploads\/2009\/muenchen-verona\/120-300x225.jpg 300w\" sizes=\"auto, (max-width: 480px) 85vw, 480px\" \/><figcaption>MINOLTA DIGITAL CAMERA<\/figcaption><\/figure>\n<\/div>\n\n\n<!--more-->\n\n\n\n<p>Die 5 Th\u00fcringer und Andreas waren schon am Sonntag abend&nbsp;in M\u00fcnchen angereist<br>und kosteten das Bier im Biergarten &#8222;Augustiner-Keller&#8220;.<br>Montag fr\u00fch traf auch die Nordgruppe des TCKJ am M\u00fcnchner Hbf ein und die Tour konnte beginnen.<br>An dieser Isar-Br\u00fccke haben wir kurzzeitig den Radweg&nbsp;verloren.<\/p>\n\n\n<div class=\"wp-block-image\">\n<figure class=\"aligncenter size-full\"><img loading=\"lazy\" decoding=\"async\" width=\"480\" height=\"360\" src=\"https:\/\/arnwiesen.net\/wpt\/wp-content\/uploads\/2009\/muenchen-verona\/175.jpg\" alt=\"\" class=\"wp-image-1391\" srcset=\"https:\/\/arnwiesen.net\/wpt\/wp-content\/uploads\/2009\/muenchen-verona\/175.jpg 480w, https:\/\/arnwiesen.net\/wpt\/wp-content\/uploads\/2009\/muenchen-verona\/175-300x225.jpg 300w\" sizes=\"auto, (max-width: 480px) 85vw, 480px\" \/><\/figure>\n<\/div>\n\n\n<p>Am ertsen Tag radelten wir immer auf dem Radweg &nbsp;<a href=\"http:\/\/www.via-bavarica-tyrolensis.com\/\">Via Bavarica Tyrolensis<\/a>&nbsp; an der Isar entlang.<br>Es war sehr hei\u00df und an einer ruhigen Stelle nach Bad T\u00f6lz&nbsp;konnten wir uns erst mal in der Isar abk\u00fchlen.<br>Nun geht es weiter&nbsp;in Richtung Berge.&nbsp;<\/p>\n\n\n<div class=\"wp-block-image\">\n<figure class=\"aligncenter size-full\"><img loading=\"lazy\" decoding=\"async\" width=\"480\" height=\"360\" src=\"https:\/\/arnwiesen.net\/wpt\/wp-content\/uploads\/2009\/muenchen-verona\/215.jpg\" alt=\"\" class=\"wp-image-1392\" srcset=\"https:\/\/arnwiesen.net\/wpt\/wp-content\/uploads\/2009\/muenchen-verona\/215.jpg 480w, https:\/\/arnwiesen.net\/wpt\/wp-content\/uploads\/2009\/muenchen-verona\/215-300x225.jpg 300w\" sizes=\"auto, (max-width: 480px) 85vw, 480px\" \/><\/figure>\n<\/div>\n\n\n<p>Am 2.Tag mu\u00dften wir zuerst die Buchener H\u00f6he mit ca. 1250 m H\u00f6he \u00fcberwinden.<br>Danach ging es wieder bergab ins Inn-Tal auf ca. 630 m H\u00f6he.<br>Das St\u00fcck Inntal-Radweg zwischen Telfs und dem \u00d6tztal kannten wir schon von unserer vorj\u00e4hrigen Tour.<\/p>\n\n\n<div class=\"wp-block-image\">\n<figure class=\"aligncenter size-full\"><img loading=\"lazy\" decoding=\"async\" width=\"480\" height=\"360\" src=\"https:\/\/arnwiesen.net\/wpt\/wp-content\/uploads\/2009\/muenchen-verona\/260.jpg\" alt=\"\" class=\"wp-image-1393\" srcset=\"https:\/\/arnwiesen.net\/wpt\/wp-content\/uploads\/2009\/muenchen-verona\/260.jpg 480w, https:\/\/arnwiesen.net\/wpt\/wp-content\/uploads\/2009\/muenchen-verona\/260-300x225.jpg 300w\" sizes=\"auto, (max-width: 480px) 85vw, 480px\" \/><figcaption>MINOLTA DIGITAL CAMERA<\/figcaption><\/figure>\n<\/div>\n\n\n<p>Dieses Plakat weckte die Vorfreude auf die Serpentinen am Timmelsjoch.<br>In diesem Jahr feiert die Pa\u00dfstra\u00dfe ihr 50-j\u00e4hriges Jubil\u00e4um.<\/p>\n\n\n<div class=\"wp-block-image\">\n<figure class=\"aligncenter size-full\"><img loading=\"lazy\" decoding=\"async\" width=\"480\" height=\"360\" src=\"https:\/\/arnwiesen.net\/wpt\/wp-content\/uploads\/2009\/muenchen-verona\/319.jpg\" alt=\"\" class=\"wp-image-1394\" srcset=\"https:\/\/arnwiesen.net\/wpt\/wp-content\/uploads\/2009\/muenchen-verona\/319.jpg 480w, https:\/\/arnwiesen.net\/wpt\/wp-content\/uploads\/2009\/muenchen-verona\/319-300x225.jpg 300w\" sizes=\"auto, (max-width: 480px) 85vw, 480px\" \/><\/figure>\n<\/div>\n\n\n<p>Werner bei der Auffahrt zum Timmelsjoch.<br>Dieses Foto hat Atze aus dem Stra\u00dfengraben heraus geschossen.<\/p>\n\n\n<div class=\"wp-block-image\">\n<figure class=\"aligncenter size-full\"><img loading=\"lazy\" decoding=\"async\" width=\"480\" height=\"360\" src=\"https:\/\/arnwiesen.net\/wpt\/wp-content\/uploads\/2009\/muenchen-verona\/357.jpg\" alt=\"\" class=\"wp-image-1395\" srcset=\"https:\/\/arnwiesen.net\/wpt\/wp-content\/uploads\/2009\/muenchen-verona\/357.jpg 480w, https:\/\/arnwiesen.net\/wpt\/wp-content\/uploads\/2009\/muenchen-verona\/357-300x225.jpg 300w\" sizes=\"auto, (max-width: 480px) 85vw, 480px\" \/><\/figure>\n<\/div>\n\n\n<p>Gruppenfoto vor der Baude auf dem Timmelsjoch.<br>Es ist uns nicht gelungen, alle 12 Mann gleichzeitig vor die Kamera zu bekommen.<\/p>\n\n\n<div class=\"wp-block-image\">\n<figure class=\"aligncenter size-full\"><img loading=\"lazy\" decoding=\"async\" width=\"480\" height=\"360\" src=\"https:\/\/arnwiesen.net\/wpt\/wp-content\/uploads\/2009\/muenchen-verona\/359.jpg\" alt=\"\" class=\"wp-image-1396\" srcset=\"https:\/\/arnwiesen.net\/wpt\/wp-content\/uploads\/2009\/muenchen-verona\/359.jpg 480w, https:\/\/arnwiesen.net\/wpt\/wp-content\/uploads\/2009\/muenchen-verona\/359-300x225.jpg 300w\" sizes=\"auto, (max-width: 480px) 85vw, 480px\" \/><\/figure>\n<\/div>\n\n\n<p>Wir sind der Meinung, da\u00df die 2509 m H\u00f6he nicht stimmen,<br>denn alle unsere GPS-Ger\u00e4te zeigten nur ca. 2490 m H\u00f6he an.<\/p>\n\n\n<div class=\"wp-block-image\">\n<figure class=\"aligncenter size-full\"><img loading=\"lazy\" decoding=\"async\" width=\"480\" height=\"360\" src=\"https:\/\/arnwiesen.net\/wpt\/wp-content\/uploads\/2009\/muenchen-verona\/363.jpg\" alt=\"\" class=\"wp-image-1397\" srcset=\"https:\/\/arnwiesen.net\/wpt\/wp-content\/uploads\/2009\/muenchen-verona\/363.jpg 480w, https:\/\/arnwiesen.net\/wpt\/wp-content\/uploads\/2009\/muenchen-verona\/363-300x225.jpg 300w\" sizes=\"auto, (max-width: 480px) 85vw, 480px\" \/><\/figure>\n<\/div>\n\n\n<p>Abfahrt vom Timmelsjoch nach S\u00fcdtirol.<br>Die S\u00fcdseite des Passes ist steiler und l\u00e4nger als die Nordseite.<\/p>\n\n\n<div class=\"wp-block-image\">\n<figure class=\"aligncenter size-full\"><img loading=\"lazy\" decoding=\"async\" width=\"480\" height=\"360\" src=\"https:\/\/arnwiesen.net\/wpt\/wp-content\/uploads\/2009\/muenchen-verona\/395.jpg\" alt=\"\" class=\"wp-image-1398\" srcset=\"https:\/\/arnwiesen.net\/wpt\/wp-content\/uploads\/2009\/muenchen-verona\/395.jpg 480w, https:\/\/arnwiesen.net\/wpt\/wp-content\/uploads\/2009\/muenchen-verona\/395-300x225.jpg 300w\" sizes=\"auto, (max-width: 480px) 85vw, 480px\" \/><\/figure>\n<\/div>\n\n\n<p>Eigentlich wollten wir in Meran \u00fcbernachten, haben dort aber kein Quartier mehr bekommen.<br>So mu\u00dften wir bis Bozen weiterradeln (105 km am Tag der Pa\u00df\u00fcberquerung).<\/p>\n\n\n<div class=\"wp-block-image\">\n<figure class=\"aligncenter size-full\"><img loading=\"lazy\" decoding=\"async\" width=\"480\" height=\"360\" src=\"https:\/\/arnwiesen.net\/wpt\/wp-content\/uploads\/2009\/muenchen-verona\/436.jpg\" alt=\"\" class=\"wp-image-1399\" srcset=\"https:\/\/arnwiesen.net\/wpt\/wp-content\/uploads\/2009\/muenchen-verona\/436.jpg 480w, https:\/\/arnwiesen.net\/wpt\/wp-content\/uploads\/2009\/muenchen-verona\/436-300x225.jpg 300w\" sizes=\"auto, (max-width: 480px) 85vw, 480px\" \/><\/figure>\n<\/div>\n\n\n<p>Nach einer Weinprobe am &#8222;Kalterer See&#8220; mu\u00dften wir auf diesem steilen St\u00fcck mal kurz schieben.<\/p>\n\n\n<div class=\"wp-block-image\">\n<figure class=\"aligncenter size-full\"><img loading=\"lazy\" decoding=\"async\" width=\"480\" height=\"360\" src=\"https:\/\/arnwiesen.net\/wpt\/wp-content\/uploads\/2009\/muenchen-verona\/445.jpg\" alt=\"\" class=\"wp-image-1400\" srcset=\"https:\/\/arnwiesen.net\/wpt\/wp-content\/uploads\/2009\/muenchen-verona\/445.jpg 480w, https:\/\/arnwiesen.net\/wpt\/wp-content\/uploads\/2009\/muenchen-verona\/445-300x225.jpg 300w\" sizes=\"auto, (max-width: 480px) 85vw, 480px\" \/><\/figure>\n<\/div>\n\n\n<p>Zwischen Bozen und Rovereto sind wir auf dem Etsch-Radweg &nbsp;<a href=\"http:\/\/bicicletta.bonavoglia.eu\/itinerari\/adige.html\">Pista ciclopedonale &#8222;Adige&#8220;<\/a>&nbsp; gefahren.<br>Da es hier sehr z\u00fcgig voranging, bekam die diesj\u00e4hrige Alpenradtour den Beinamen &#8222;Hetzertour&#8220;.<\/p>\n\n\n<div class=\"wp-block-image\">\n<figure class=\"aligncenter size-full\"><img loading=\"lazy\" decoding=\"async\" width=\"480\" height=\"360\" src=\"https:\/\/arnwiesen.net\/wpt\/wp-content\/uploads\/2009\/muenchen-verona\/545.jpg\" alt=\"\" class=\"wp-image-1401\" srcset=\"https:\/\/arnwiesen.net\/wpt\/wp-content\/uploads\/2009\/muenchen-verona\/545.jpg 480w, https:\/\/arnwiesen.net\/wpt\/wp-content\/uploads\/2009\/muenchen-verona\/545-300x225.jpg 300w\" sizes=\"auto, (max-width: 480px) 85vw, 480px\" \/><\/figure>\n<\/div>\n\n\n<p>Am Gardasee gab es dann keinen Radweg mehr<br>und wir mu\u00dften die ganze Zeit auf der Stra\u00dfe entlang fahren.<\/p>\n\n\n<div class=\"wp-block-image\">\n<figure class=\"aligncenter size-full\"><img loading=\"lazy\" decoding=\"async\" width=\"480\" height=\"360\" src=\"https:\/\/arnwiesen.net\/wpt\/wp-content\/uploads\/2009\/muenchen-verona\/555.jpg\" alt=\"\" class=\"wp-image-1402\" srcset=\"https:\/\/arnwiesen.net\/wpt\/wp-content\/uploads\/2009\/muenchen-verona\/555.jpg 480w, https:\/\/arnwiesen.net\/wpt\/wp-content\/uploads\/2009\/muenchen-verona\/555-300x225.jpg 300w\" sizes=\"auto, (max-width: 480px) 85vw, 480px\" \/><\/figure>\n<\/div>\n\n\n<p>Der 5.Tag war mit 56 km die k\u00fcrzeste Etappe und somit hatten wir in Malcesine noch gen\u00fcgend Zeit<br>zum Baden im Gardasee.<br>Was gibt es hier wohl zu sehen &#8230; ?<\/p>\n\n\n<div class=\"wp-block-image\">\n<figure class=\"aligncenter size-full\"><img loading=\"lazy\" decoding=\"async\" width=\"480\" height=\"360\" src=\"https:\/\/arnwiesen.net\/wpt\/wp-content\/uploads\/2009\/muenchen-verona\/565.jpg\" alt=\"\" class=\"wp-image-1403\" srcset=\"https:\/\/arnwiesen.net\/wpt\/wp-content\/uploads\/2009\/muenchen-verona\/565.jpg 480w, https:\/\/arnwiesen.net\/wpt\/wp-content\/uploads\/2009\/muenchen-verona\/565-300x225.jpg 300w\" sizes=\"auto, (max-width: 480px) 85vw, 480px\" \/><\/figure>\n<\/div>\n\n\n<p>Dies ist das letzte gemeinsame Abendbrot der Gruppe bei dieser Radtour.<br>Morgen fr\u00fch&nbsp;wird sich die Gruppe teilen.<br>Henry h\u00e4ngt noch&nbsp;2 Wochen Urlaub in Norditalien dran.<br>Atze, Hardy und J\u00f6rg werden mit dem Auto abgeholt.<br>Die anderen 8 Mann radeln weiter nach Verona.<\/p>\n\n\n<div class=\"wp-block-image\">\n<figure class=\"aligncenter size-full\"><img loading=\"lazy\" decoding=\"async\" width=\"480\" height=\"360\" src=\"https:\/\/arnwiesen.net\/wpt\/wp-content\/uploads\/2009\/muenchen-verona\/603.jpg\" alt=\"\" class=\"wp-image-1404\" srcset=\"https:\/\/arnwiesen.net\/wpt\/wp-content\/uploads\/2009\/muenchen-verona\/603.jpg 480w, https:\/\/arnwiesen.net\/wpt\/wp-content\/uploads\/2009\/muenchen-verona\/603-300x225.jpg 300w\" sizes=\"auto, (max-width: 480px) 85vw, 480px\" \/><\/figure>\n<\/div>\n\n\n<p>6.Tag&nbsp;&nbsp; (3 Mann)<br>Atze, J\u00f6rg und Hardy fahren auf der alten stillgelegten Stra\u00dfe von Riva zum Lago di Ledro.<\/p>\n\n\n<div class=\"wp-block-image\">\n<figure class=\"aligncenter size-full\"><img loading=\"lazy\" decoding=\"async\" width=\"480\" height=\"360\" src=\"https:\/\/arnwiesen.net\/wpt\/wp-content\/uploads\/2009\/muenchen-verona\/606.jpg\" alt=\"\" class=\"wp-image-1405\" srcset=\"https:\/\/arnwiesen.net\/wpt\/wp-content\/uploads\/2009\/muenchen-verona\/606.jpg 480w, https:\/\/arnwiesen.net\/wpt\/wp-content\/uploads\/2009\/muenchen-verona\/606-300x225.jpg 300w\" sizes=\"auto, (max-width: 480px) 85vw, 480px\" \/><\/figure>\n<\/div>\n\n\n<p>Von dieser ehemaligen Stra\u00dfe bieten sich herrliche Ausblicke auf den Gardasee.<\/p>\n\n\n<div class=\"wp-block-image\">\n<figure class=\"aligncenter size-full\"><img loading=\"lazy\" decoding=\"async\" width=\"480\" height=\"360\" src=\"https:\/\/arnwiesen.net\/wpt\/wp-content\/uploads\/2009\/muenchen-verona\/640.jpg\" alt=\"\" class=\"wp-image-1406\" srcset=\"https:\/\/arnwiesen.net\/wpt\/wp-content\/uploads\/2009\/muenchen-verona\/640.jpg 480w, https:\/\/arnwiesen.net\/wpt\/wp-content\/uploads\/2009\/muenchen-verona\/640-300x225.jpg 300w\" sizes=\"auto, (max-width: 480px) 85vw, 480px\" \/><figcaption>MINOLTA DIGITAL CAMERA<\/figcaption><\/figure>\n<\/div>\n\n\n<p>Die anderen 8 Mann besichtigen am Sonnabend vormittag das Castell in Malcesine.<br>Auch Goethe war auf seiner Italienreise hier mal f\u00fcr eine Nacht eingesperrt,<br>weil er beim Malen eines Bildes als Spion verd\u00e4chtigt wurde.<\/p>\n\n\n<div class=\"wp-block-image\">\n<figure class=\"aligncenter size-full\"><img loading=\"lazy\" decoding=\"async\" width=\"480\" height=\"360\" src=\"https:\/\/arnwiesen.net\/wpt\/wp-content\/uploads\/2009\/muenchen-verona\/692.jpg\" alt=\"\" class=\"wp-image-1407\" srcset=\"https:\/\/arnwiesen.net\/wpt\/wp-content\/uploads\/2009\/muenchen-verona\/692.jpg 480w, https:\/\/arnwiesen.net\/wpt\/wp-content\/uploads\/2009\/muenchen-verona\/692-300x225.jpg 300w\" sizes=\"auto, (max-width: 480px) 85vw, 480px\" \/><figcaption>MINOLTA DIGITAL CAMERA<\/figcaption><\/figure>\n<\/div>\n\n\n<p>Hier sind wir schon in Verona.<br>Wir haben noch viel Zeit, denn unser Zug f\u00e4hrt erst nach 1:00 Uhr nachts.<br>In einem Freibad k\u00f6nnen wir kurz vor Feierabend noch duschen<br>und uns anschlie\u00dfend noch in Ruhe Verona bei Nacht ansehen.<\/p>\n\n\n<div class=\"wp-block-image\">\n<figure class=\"aligncenter size-full\"><img loading=\"lazy\" decoding=\"async\" width=\"480\" height=\"360\" src=\"https:\/\/arnwiesen.net\/wpt\/wp-content\/uploads\/2009\/muenchen-verona\/695.jpg\" alt=\"\" class=\"wp-image-1408\" srcset=\"https:\/\/arnwiesen.net\/wpt\/wp-content\/uploads\/2009\/muenchen-verona\/695.jpg 480w, https:\/\/arnwiesen.net\/wpt\/wp-content\/uploads\/2009\/muenchen-verona\/695-300x225.jpg 300w\" sizes=\"auto, (max-width: 480px) 85vw, 480px\" \/><\/figure>\n<\/div>\n\n\n<p>An der Arena in Verona haben wir unser Ziel erreicht.<br>An diesem Abend wurde gerade die Oper &#8222;Tosca&#8220; aufgef\u00fchrt.<\/p>\n\n\n<div class=\"wp-block-image\">\n<figure class=\"aligncenter size-full\"><img loading=\"lazy\" decoding=\"async\" width=\"480\" height=\"322\" src=\"https:\/\/arnwiesen.net\/wpt\/wp-content\/uploads\/2009\/muenchen-verona\/hoehenprofil-1.jpg\" alt=\"\" class=\"wp-image-1409\" srcset=\"https:\/\/arnwiesen.net\/wpt\/wp-content\/uploads\/2009\/muenchen-verona\/hoehenprofil-1.jpg 480w, https:\/\/arnwiesen.net\/wpt\/wp-content\/uploads\/2009\/muenchen-verona\/hoehenprofil-1-300x201.jpg 300w\" sizes=\"auto, (max-width: 480px) 85vw, 480px\" \/><figcaption>H\u00f6henprofil<\/figcaption><\/figure>\n<\/div>\n\n\n<p>Hier noch die \u00fcbliche Statistik mit dem H\u00f6henprofil.<br><br>Mehr Fotos gibt es wie \u00fcblich auf den HomePages<br>von Atze:&nbsp;&nbsp;&nbsp;<a rel=\"noreferrer noopener\" href=\"http:\/\/jetzweb.de\/uucms\/\" target=\"_blank\">http:\/\/jetzweb.de\/uucms\/<\/a>&nbsp;&nbsp;&nbsp;&nbsp;&nbsp;&nbsp;&nbsp;&nbsp;&nbsp;&nbsp;&nbsp;&nbsp;&nbsp;&nbsp;&nbsp;&nbsp;&nbsp;&nbsp;&nbsp;&nbsp;&nbsp;&nbsp;&nbsp;&nbsp;&nbsp;&nbsp;&nbsp;&nbsp;&nbsp;&nbsp;&nbsp;&nbsp;&nbsp;&nbsp;&nbsp;&nbsp;&nbsp;&nbsp;&nbsp;&nbsp;&nbsp;&nbsp;&nbsp;&nbsp;&nbsp;&nbsp;&nbsp;&nbsp;&nbsp;&nbsp;&nbsp;&nbsp;&nbsp;&nbsp;&nbsp;&nbsp;&nbsp;&nbsp;&nbsp;&nbsp;&nbsp;&nbsp;&nbsp;&nbsp;&nbsp;&nbsp;&nbsp;&nbsp;&nbsp;(sehr, sehr viele Fotos)<br>und Frank:&nbsp;&nbsp;<a rel=\"noreferrer noopener\" href=\"http:\/\/franklehmann.dyndns.eu\/index.php?folder=\/2009\/09_Timmelsjoch\/\" target=\"_blank\">http:\/\/franklehmann.dyndns.eu\/index.php?folder=\/2009\/09_Timmelsjoch\/<\/a>&nbsp;&nbsp;(nur 100 ausgew\u00e4hlte)<br><\/p>\n","protected":false},"excerpt":{"rendered":"<p>Die diesj\u00e4hrige Alpen-Radtour des TCKJ f\u00fchrte uns in der Woche vom 17. &#8211; 22. August 2009von M\u00fcnchen nach Verona.M\u00fcnchen &#8211; Mittenwald &#8211; S\u00f6lden &#8211; Bozen &#8211; Trento &#8211; Malcesine &#8211; Verona\u00a0\u00a0\u00a0\u00a0\u00a0\u00a0 (6 Tage = 540 km)Dabei \u00fcberquerten wir das Timmelsjoch mit 2509 m H\u00f6he und fuhren u.a. am Gardasee entlang.In diesem Jahr waren wir 12 &hellip; <a href=\"https:\/\/arnwiesen.net\/wpt\/2009\/radtour-muenchen-timmelsjoch-verona\/\" class=\"more-link\"><span class=\"screen-reader-text\">\u201eRadtour: M\u00fcnchen &#8211; Timmelsjoch &#8211; Verona &#8211; 2009\u201c<\/span> weiterlesen<\/a><\/p>\n","protected":false},"author":6,"featured_media":0,"comment_status":"closed","ping_status":"open","sticky":false,"template":"","format":"standard","meta":{"footnotes":""},"categories":[14],"tags":[32,96,99,46,50,69,31,100,98],"class_list":["post-2932","post","type-post","status-publish","format-standard","hentry","category-berichte-2009","tag-alpen","tag-bozen","tag-etsch-radweg","tag-gardasee","tag-malcesine","tag-muenchen","tag-radtour","tag-riva","tag-timmelsjoch"],"_links":{"self":[{"href":"https:\/\/arnwiesen.net\/wpt\/wp-json\/wp\/v2\/posts\/2932","targetHints":{"allow":["GET"]}}],"collection":[{"href":"https:\/\/arnwiesen.net\/wpt\/wp-json\/wp\/v2\/posts"}],"about":[{"href":"https:\/\/arnwiesen.net\/wpt\/wp-json\/wp\/v2\/types\/post"}],"author":[{"embeddable":true,"href":"https:\/\/arnwiesen.net\/wpt\/wp-json\/wp\/v2\/users\/6"}],"replies":[{"embeddable":true,"href":"https:\/\/arnwiesen.net\/wpt\/wp-json\/wp\/v2\/comments?post=2932"}],"version-history":[{"count":5,"href":"https:\/\/arnwiesen.net\/wpt\/wp-json\/wp\/v2\/posts\/2932\/revisions"}],"predecessor-version":[{"id":3650,"href":"https:\/\/arnwiesen.net\/wpt\/wp-json\/wp\/v2\/posts\/2932\/revisions\/3650"}],"wp:attachment":[{"href":"https:\/\/arnwiesen.net\/wpt\/wp-json\/wp\/v2\/media?parent=2932"}],"wp:term":[{"taxonomy":"category","embeddable":true,"href":"https:\/\/arnwiesen.net\/wpt\/wp-json\/wp\/v2\/categories?post=2932"},{"taxonomy":"post_tag","embeddable":true,"href":"https:\/\/arnwiesen.net\/wpt\/wp-json\/wp\/v2\/tags?post=2932"}],"curies":[{"name":"wp","href":"https:\/\/api.w.org\/{rel}","templated":true}]}}