{"id":2930,"date":"2009-07-19T22:12:00","date_gmt":"2009-07-19T20:12:00","guid":{"rendered":"https:\/\/arnwiesen.net\/wpt\/?p=2930"},"modified":"2022-07-11T11:55:20","modified_gmt":"2022-07-11T09:55:20","slug":"1-nehlsen-triathlon-bremen","status":"publish","type":"post","link":"https:\/\/arnwiesen.net\/wpt\/2009\/1-nehlsen-triathlon-bremen\/","title":{"rendered":"1. Triathlon &#8211; Bremen"},"content":{"rendered":"\n<p>Auch hier, beim 1. Nehlsen Triathlon in Bremen war der TC-K\u00f6ln-Jena vertreten.<\/p>\n\n\n\n<p>Ulli mu\u00dfte zwar auf Grund einer Muskelzerrung passen. Daf\u00fcr aber gl\u00e4nzte Klaus bei seinem Heimspiel. Da es hier keine unangenehmen Berge gab, keine Sprachprobleme vorlagen und&nbsp; war die Veranstaltung&nbsp;&nbsp;ein gelungener Triathlon-Einstand.<\/p>\n\n\n\n<!--more-->\n\n\n\n<p><strong>1. Nehlsen-Triathlon Bremen-Grambke &#8211; VolksTriathlon<\/strong><\/p>\n\n\n\n<figure class=\"wp-block-table\"><table><tbody><tr><td>&nbsp;Starter<\/td><td>Platz<\/td><td>&nbsp;AK<\/td><td>Schwimmen \/ Rad<\/td><td>Laufen<\/td><td>gesamt<\/td><\/tr><tr><td>&nbsp;Klaus<\/td><td>118.<\/td><td>&nbsp;28<\/td><td>01:02:22.1<\/td><td>00:34:37.6<\/td><td>01:36:59.7<\/td><\/tr><\/tbody><\/table><\/figure>\n","protected":false},"excerpt":{"rendered":"<p>Auch hier, beim 1. Nehlsen Triathlon in Bremen war der TC-K\u00f6ln-Jena vertreten. Ulli mu\u00dfte zwar auf Grund einer Muskelzerrung passen. Daf\u00fcr aber gl\u00e4nzte Klaus bei seinem Heimspiel. Da es hier keine unangenehmen Berge gab, keine Sprachprobleme vorlagen und&nbsp; war die Veranstaltung&nbsp;&nbsp;ein gelungener Triathlon-Einstand.<\/p>\n","protected":false},"author":1,"featured_media":0,"comment_status":"closed","ping_status":"open","sticky":false,"template":"","format":"standard","meta":{"footnotes":""},"categories":[14],"tags":[229,136,141],"class_list":["post-2930","post","type-post","status-publish","format-standard","hentry","category-berichte-2009","tag-bremen","tag-triathlon","tag-volkstriathlon"],"_links":{"self":[{"href":"https:\/\/arnwiesen.net\/wpt\/wp-json\/wp\/v2\/posts\/2930","targetHints":{"allow":["GET"]}}],"collection":[{"href":"https:\/\/arnwiesen.net\/wpt\/wp-json\/wp\/v2\/posts"}],"about":[{"href":"https:\/\/arnwiesen.net\/wpt\/wp-json\/wp\/v2\/types\/post"}],"author":[{"embeddable":true,"href":"https:\/\/arnwiesen.net\/wpt\/wp-json\/wp\/v2\/users\/1"}],"replies":[{"embeddable":true,"href":"https:\/\/arnwiesen.net\/wpt\/wp-json\/wp\/v2\/comments?post=2930"}],"version-history":[{"count":3,"href":"https:\/\/arnwiesen.net\/wpt\/wp-json\/wp\/v2\/posts\/2930\/revisions"}],"predecessor-version":[{"id":3684,"href":"https:\/\/arnwiesen.net\/wpt\/wp-json\/wp\/v2\/posts\/2930\/revisions\/3684"}],"wp:attachment":[{"href":"https:\/\/arnwiesen.net\/wpt\/wp-json\/wp\/v2\/media?parent=2930"}],"wp:term":[{"taxonomy":"category","embeddable":true,"href":"https:\/\/arnwiesen.net\/wpt\/wp-json\/wp\/v2\/categories?post=2930"},{"taxonomy":"post_tag","embeddable":true,"href":"https:\/\/arnwiesen.net\/wpt\/wp-json\/wp\/v2\/tags?post=2930"}],"curies":[{"name":"wp","href":"https:\/\/api.w.org\/{rel}","templated":true}]}}