{"id":2920,"date":"2009-06-26T22:07:00","date_gmt":"2009-06-26T20:07:00","guid":{"rendered":"https:\/\/arnwiesen.net\/wpt\/?p=2920"},"modified":"2022-07-12T12:33:33","modified_gmt":"2022-07-12T10:33:33","slug":"malteserlauf-2009","status":"publish","type":"post","link":"https:\/\/arnwiesen.net\/wpt\/2009\/malteserlauf-2009\/","title":{"rendered":"Malteserlauf 2009"},"content":{"rendered":"\n<p><strong>Nachbarschaftslauf der Malteser in Bad Iburg &#8211; 26.06.09<\/strong><\/p>\n\n\n\n<p>Leider mu\u00dften Ulli und Rosi zum Starttermin in ihrer Nachbarschaft einen Weggen wegbringen. Damit der Weggen und das Drumherum auch gut bekommt, gedachten sie, im Vorfeld die Strecke abzulaufen. Ab 16:30 ist die Streke markiert sagte Ludwig. Also 2 Stunden vor den anderen los und ab in den Wald.<\/p>\n\n\n<div class=\"wp-block-image\">\n<figure class=\"aligncenter\"><img decoding=\"async\" src=\"https:\/\/arnwiesen.net\/wpt\/wp-content\/uploads\/2009\/lauf08_64_20080627_1720219206.jpg\" alt=\"\"\/><\/figure>\n<\/div>\n\n\n<p>Bis Kilometer 5 ging auch alles gut, aber danach verlie\u00df uns die Orientierung und der direkte Weg. Nach gef\u00fchlten 16 km und 1 Std und 45 Min erreichten wir die Zielliene &#8211; nat\u00fcrlich als 1. Die anderen standen schon in den Startl\u00f6chern und staunten nicht schlecht.<\/p>\n\n\n\n<!--more-->\n\n\n\n<p>Burkhard erreichte \u00fcber 10,5 km in 54:08 Minuten den 59. Platz der Gesamtwertung.<\/p>\n\n\n\n<p><a href=\"http:\/\/www.laufen-os.de\/malteser\/Laufergebnisse.pdf\">http:\/\/www.laufen-os.de\/malteser\/Laufergebnisse.pdf<\/a><\/p>\n\n\n<div class=\"wp-block-image\">\n<figure class=\"aligncenter\"><img decoding=\"async\" src=\"https:\/\/arnwiesen.net\/wpt\/wp-content\/uploads\/2009\/lauf08_68_20080627_1912766598.jpg\" alt=\"\"\/><\/figure>\n<\/div>\n\n\n<p>Raphael erreichte beim 6,5 km Walking einen hervorragenden&nbsp;3. Platz der Gesamtwertung.&nbsp;&nbsp;<\/p>\n\n\n\n<p><a href=\"http:\/\/www.laufen-os.de\/malteser\/walker.pdf\">http:\/\/www.laufen-os.de\/malteser\/walker.pdf<\/a><\/p>\n\n\n\n<p><strong>Hauptlauf &#8211; 10,5 km<\/strong><\/p>\n\n\n\n<figure class=\"wp-block-table\"><table><tbody><tr><td>&nbsp;Starter<\/td><td>Platz<\/td><td>Laufen<\/td><\/tr><tr><td>&nbsp;Andrea<\/td><td>29.<\/td><td>00:47:51.21<\/td><\/tr><tr><td>&nbsp;Burkhard<\/td><td>59.<\/td><td>00:54:08.92<\/td><\/tr><tr><td>&nbsp;Ludwig<\/td><td>95.<\/td><td>00:59:29.95<\/td><\/tr><\/tbody><\/table><\/figure>\n\n\n\n<p><strong>Walking &#8211; 6,5 km<\/strong><\/p>\n\n\n\n<figure class=\"wp-block-table\"><table><tbody><tr><td>&nbsp;Starter<\/td><td>Platz<\/td><td>Laufen<\/td><\/tr><tr><td>&nbsp;Raphael<\/td><td>3.<\/td><td>00:59:29.95<\/td><\/tr><\/tbody><\/table><\/figure>\n\n\n\n<p>Ausser Konkurenz dabei &#8211; Ulli und Rosi &#8211; 1 Std, 45 Min<\/p>\n","protected":false},"excerpt":{"rendered":"<p>Nachbarschaftslauf der Malteser in Bad Iburg &#8211; 26.06.09 Leider mu\u00dften Ulli und Rosi zum Starttermin in ihrer Nachbarschaft einen Weggen wegbringen. Damit der Weggen und das Drumherum auch gut bekommt, gedachten sie, im Vorfeld die Strecke abzulaufen. Ab 16:30 ist die Streke markiert sagte Ludwig. Also 2 Stunden vor den anderen los und ab in &hellip; <a href=\"https:\/\/arnwiesen.net\/wpt\/2009\/malteserlauf-2009\/\" class=\"more-link\"><span class=\"screen-reader-text\">\u201eMalteserlauf 2009\u201c<\/span> weiterlesen<\/a><\/p>\n","protected":false},"author":5,"featured_media":0,"comment_status":"closed","ping_status":"open","sticky":false,"template":"","format":"standard","meta":{"footnotes":""},"categories":[14],"tags":[125,196,202,220,210],"class_list":["post-2920","post","type-post","status-publish","format-standard","hentry","category-berichte-2009","tag-10km","tag-5km","tag-bad-iburg","tag-malteser-lauf","tag-volkslauf"],"_links":{"self":[{"href":"https:\/\/arnwiesen.net\/wpt\/wp-json\/wp\/v2\/posts\/2920","targetHints":{"allow":["GET"]}}],"collection":[{"href":"https:\/\/arnwiesen.net\/wpt\/wp-json\/wp\/v2\/posts"}],"about":[{"href":"https:\/\/arnwiesen.net\/wpt\/wp-json\/wp\/v2\/types\/post"}],"author":[{"embeddable":true,"href":"https:\/\/arnwiesen.net\/wpt\/wp-json\/wp\/v2\/users\/5"}],"replies":[{"embeddable":true,"href":"https:\/\/arnwiesen.net\/wpt\/wp-json\/wp\/v2\/comments?post=2920"}],"version-history":[{"count":2,"href":"https:\/\/arnwiesen.net\/wpt\/wp-json\/wp\/v2\/posts\/2920\/revisions"}],"predecessor-version":[{"id":3689,"href":"https:\/\/arnwiesen.net\/wpt\/wp-json\/wp\/v2\/posts\/2920\/revisions\/3689"}],"wp:attachment":[{"href":"https:\/\/arnwiesen.net\/wpt\/wp-json\/wp\/v2\/media?parent=2920"}],"wp:term":[{"taxonomy":"category","embeddable":true,"href":"https:\/\/arnwiesen.net\/wpt\/wp-json\/wp\/v2\/categories?post=2920"},{"taxonomy":"post_tag","embeddable":true,"href":"https:\/\/arnwiesen.net\/wpt\/wp-json\/wp\/v2\/tags?post=2920"}],"curies":[{"name":"wp","href":"https:\/\/api.w.org\/{rel}","templated":true}]}}