{"id":2901,"date":"2009-04-26T21:55:00","date_gmt":"2009-04-26T19:55:00","guid":{"rendered":"https:\/\/arnwiesen.net\/wpt\/?p=2901"},"modified":"2022-07-11T11:25:29","modified_gmt":"2022-07-11T09:25:29","slug":"25-meller-volkstriathlon-abgesagt","status":"publish","type":"post","link":"https:\/\/arnwiesen.net\/wpt\/2009\/25-meller-volkstriathlon-abgesagt\/","title":{"rendered":"25. Meller Volkstriathlon abgesagt"},"content":{"rendered":"\n<p>Liebe Triathlonfreunde,<\/p>\n\n\n\n<p>auch der Meller Triathlon h\u00e4tte in diesem Jahr aufgrund einer neuen Richtlinie nur noch auf einem vollgesperrten Rundkurs durchgef\u00fchrt werden d\u00fcrfen.<\/p>\n\n\n\n<p>Leider konnten wir in Sachen Vollsperrung keine einvernehmliche und f\u00fcr uns tragbare Regelung mit den Beh\u00f6rden treffen.<\/p>\n\n\n\n<p>Daher haben wir schweren Herzens die Entscheidung getroffen, unseren 25. (!) Meller Volks-Triathlon abzusagen.<\/p>\n\n\n\n<p>Ich hoffe, wir k\u00f6nnen im n\u00e4chsten Jahr wieder eine sch\u00f6ne Veranstaltung auf die Beine stellen \u2013 und ihr seid wieder dabei\u2026<\/p>\n\n\n\n<p>Lieben Gru\u00df<br><br>Cindy Bordihn<br>SC Melle 03<\/p>\n","protected":false},"excerpt":{"rendered":"<p>Liebe Triathlonfreunde, auch der Meller Triathlon h\u00e4tte in diesem Jahr aufgrund einer neuen Richtlinie nur noch auf einem vollgesperrten Rundkurs durchgef\u00fchrt werden d\u00fcrfen. Leider konnten wir in Sachen Vollsperrung keine einvernehmliche und f\u00fcr uns tragbare Regelung mit den Beh\u00f6rden treffen. Daher haben wir schweren Herzens die Entscheidung getroffen, unseren 25. (!) Meller Volks-Triathlon abzusagen. Ich &hellip; <a href=\"https:\/\/arnwiesen.net\/wpt\/2009\/25-meller-volkstriathlon-abgesagt\/\" class=\"more-link\"><span class=\"screen-reader-text\">\u201e25. Meller Volkstriathlon abgesagt\u201c<\/span> weiterlesen<\/a><\/p>\n","protected":false},"author":1,"featured_media":0,"comment_status":"closed","ping_status":"open","sticky":false,"template":"","format":"standard","meta":{"footnotes":""},"categories":[14],"tags":[227],"class_list":["post-2901","post","type-post","status-publish","format-standard","hentry","category-berichte-2009","tag-absage"],"_links":{"self":[{"href":"https:\/\/arnwiesen.net\/wpt\/wp-json\/wp\/v2\/posts\/2901","targetHints":{"allow":["GET"]}}],"collection":[{"href":"https:\/\/arnwiesen.net\/wpt\/wp-json\/wp\/v2\/posts"}],"about":[{"href":"https:\/\/arnwiesen.net\/wpt\/wp-json\/wp\/v2\/types\/post"}],"author":[{"embeddable":true,"href":"https:\/\/arnwiesen.net\/wpt\/wp-json\/wp\/v2\/users\/1"}],"replies":[{"embeddable":true,"href":"https:\/\/arnwiesen.net\/wpt\/wp-json\/wp\/v2\/comments?post=2901"}],"version-history":[{"count":2,"href":"https:\/\/arnwiesen.net\/wpt\/wp-json\/wp\/v2\/posts\/2901\/revisions"}],"predecessor-version":[{"id":3679,"href":"https:\/\/arnwiesen.net\/wpt\/wp-json\/wp\/v2\/posts\/2901\/revisions\/3679"}],"wp:attachment":[{"href":"https:\/\/arnwiesen.net\/wpt\/wp-json\/wp\/v2\/media?parent=2901"}],"wp:term":[{"taxonomy":"category","embeddable":true,"href":"https:\/\/arnwiesen.net\/wpt\/wp-json\/wp\/v2\/categories?post=2901"},{"taxonomy":"post_tag","embeddable":true,"href":"https:\/\/arnwiesen.net\/wpt\/wp-json\/wp\/v2\/tags?post=2901"}],"curies":[{"name":"wp","href":"https:\/\/api.w.org\/{rel}","templated":true}]}}