{"id":2893,"date":"2010-10-17T21:48:00","date_gmt":"2010-10-17T19:48:00","guid":{"rendered":"https:\/\/arnwiesen.net\/wpt\/?p=2893"},"modified":"2022-07-12T13:22:35","modified_gmt":"2022-07-12T11:22:35","slug":"34-kernberglauf","status":"publish","type":"post","link":"https:\/\/arnwiesen.net\/wpt\/2010\/34-kernberglauf\/","title":{"rendered":"34. Kernberglauf"},"content":{"rendered":"\n<p><strong>34. Kernberglauf und Jahrestreffen TC-K\u00f6ln-Jena<\/strong><\/p>\n\n\n\n<p>Das Wetter war nicht einladend &#8211; aber sonst war alles SUPER. Schon die mehrst\u00fcndige Nudelparty am Freitag-Abend entsch\u00e4digte f\u00fcr die lange Anfahrt. Am Samstag-Vormittag&nbsp;&nbsp;ging es um den Kernberg &#8211; entweder gerannt oder gem\u00fctlich bei Tee mit Rum.<\/p>\n\n\n<div class=\"wp-block-image\">\n<figure class=\"aligncenter size-full\"><img loading=\"lazy\" decoding=\"async\" width=\"480\" height=\"360\" src=\"https:\/\/arnwiesen.net\/wpt\/wp-content\/uploads\/2010\/jena\/cimg4115-kl.jpg\" alt=\"\" class=\"wp-image-1247\" srcset=\"https:\/\/arnwiesen.net\/wpt\/wp-content\/uploads\/2010\/jena\/cimg4115-kl.jpg 480w, https:\/\/arnwiesen.net\/wpt\/wp-content\/uploads\/2010\/jena\/cimg4115-kl-300x225.jpg 300w\" sizes=\"auto, (max-width: 480px) 85vw, 480px\" \/><figcaption>Die Rum-L\u00e4ufer des TC-K\u00f6ln-Jena auf der Wanderung<br>Tee mit Rum und Kuchen<\/figcaption><\/figure>\n<\/div>\n\n\n<!--more-->\n\n\n\n<p>Nach den sportlichen Highlights und leckerer Th\u00fcringer Bratwurst&nbsp;absolvierten wir das Kulturprogramm &#8222;Darwin im Depot&#8220;. Eine engagierte Mitarbeiterin f\u00fchrte uns fesselnd durch die Ausstellung. Mit der obligatorischen Jahres-Abschlu\u00dfrede des Pr\u00e4sidenten &#8211; f\u00fcr jeden eine positive Leistungsbewertung &#8211; klang der Abend im&nbsp;Klubhaus des Kanuvereins Jena gem\u00fctlich aus.<\/p>\n\n\n\n<p>Sonntagvormittag gab es noch ein meisterliches Drachenboot-Sonder-Training. Wenn wir jetzt nicht siegen, wann dann &#8230;<\/p>\n\n\n<div class=\"wp-block-image\">\n<figure class=\"aligncenter size-full\"><img loading=\"lazy\" decoding=\"async\" width=\"480\" height=\"360\" src=\"https:\/\/arnwiesen.net\/wpt\/wp-content\/uploads\/2010\/jena\/cimg4120-kl.jpg\" alt=\"\" class=\"wp-image-1248\" srcset=\"https:\/\/arnwiesen.net\/wpt\/wp-content\/uploads\/2010\/jena\/cimg4120-kl.jpg 480w, https:\/\/arnwiesen.net\/wpt\/wp-content\/uploads\/2010\/jena\/cimg4120-kl-300x225.jpg 300w\" sizes=\"auto, (max-width: 480px) 85vw, 480px\" \/><\/figure>\n<\/div>\n\n\n<p>Atze &#8211; trotz Dauerregen nicht zu stoppen<\/p>\n\n\n<div class=\"wp-block-image\">\n<figure class=\"aligncenter size-full\"><img loading=\"lazy\" decoding=\"async\" width=\"460\" height=\"345\" src=\"https:\/\/arnwiesen.net\/wpt\/wp-content\/uploads\/2010\/jena\/jahrestreffen_8.jpg\" alt=\"\" class=\"wp-image-1153\" srcset=\"https:\/\/arnwiesen.net\/wpt\/wp-content\/uploads\/2010\/jena\/jahrestreffen_8.jpg 460w, https:\/\/arnwiesen.net\/wpt\/wp-content\/uploads\/2010\/jena\/jahrestreffen_8-300x225.jpg 300w\" sizes=\"auto, (max-width: 460px) 85vw, 460px\" \/><\/figure>\n<\/div>\n\n\n<p>Um 11.00 Uhr erfolgte der Start \u00fcber&nbsp;5, 15 und 27 km gemeinsam. Mittendrin reihen sich Rafael, Ralf und Cossi ein.&nbsp;<\/p>\n\n\n<div class=\"wp-block-image\">\n<figure class=\"aligncenter size-full\"><img loading=\"lazy\" decoding=\"async\" width=\"460\" height=\"345\" src=\"https:\/\/arnwiesen.net\/wpt\/wp-content\/uploads\/2010\/jena\/jahrestreffen_7.jpg\" alt=\"\" class=\"wp-image-1152\" srcset=\"https:\/\/arnwiesen.net\/wpt\/wp-content\/uploads\/2010\/jena\/jahrestreffen_7.jpg 460w, https:\/\/arnwiesen.net\/wpt\/wp-content\/uploads\/2010\/jena\/jahrestreffen_7-300x225.jpg 300w\" sizes=\"auto, (max-width: 460px) 85vw, 460px\" \/><\/figure>\n<\/div>\n\n\n<p>So&nbsp;&nbsp;ist 5 Kilometrl\u00e4ufer Rafael zu weit hinten eingereiht. Er wird, obwohl &nbsp;nach der neuen&nbsp;Chipmessung Dritter,&nbsp;als Vierter gewertet, da nach Meinung der Schiedsrichter der Zieleinlauf z\u00e4hlt. ( 84 Teilnehmer)<\/p>\n\n\n<div class=\"wp-block-image\">\n<figure class=\"aligncenter size-full\"><img loading=\"lazy\" decoding=\"async\" width=\"460\" height=\"391\" src=\"https:\/\/arnwiesen.net\/wpt\/wp-content\/uploads\/2010\/jena\/jahrestreffen_1.jpg\" alt=\"\" class=\"wp-image-1146\" srcset=\"https:\/\/arnwiesen.net\/wpt\/wp-content\/uploads\/2010\/jena\/jahrestreffen_1.jpg 460w, https:\/\/arnwiesen.net\/wpt\/wp-content\/uploads\/2010\/jena\/jahrestreffen_1-300x255.jpg 300w\" sizes=\"auto, (max-width: 460px) 85vw, 460px\" \/><\/figure>\n<\/div>\n\n\n<p>Nach dem schweren Anstieg hat sich 15 Kilometerl\u00e4ufer Willi eine kleine Pause verdient.<\/p>\n\n\n<div class=\"wp-block-image\">\n<figure class=\"aligncenter size-full\"><img loading=\"lazy\" decoding=\"async\" width=\"460\" height=\"389\" src=\"https:\/\/arnwiesen.net\/wpt\/wp-content\/uploads\/2010\/jena\/jahrestreffen_2.jpg\" alt=\"\" class=\"wp-image-1147\" srcset=\"https:\/\/arnwiesen.net\/wpt\/wp-content\/uploads\/2010\/jena\/jahrestreffen_2.jpg 460w, https:\/\/arnwiesen.net\/wpt\/wp-content\/uploads\/2010\/jena\/jahrestreffen_2-300x254.jpg 300w\" sizes=\"auto, (max-width: 460px) 85vw, 460px\" \/><\/figure>\n<\/div>\n\n\n<p>Noch eine Banane und schon geht es den matschigen Berg wieder runter.<\/p>\n\n\n<div class=\"wp-block-image\">\n<figure class=\"aligncenter size-full\"><img loading=\"lazy\" decoding=\"async\" width=\"460\" height=\"345\" src=\"https:\/\/arnwiesen.net\/wpt\/wp-content\/uploads\/2010\/jena\/jahrestreffen_3.jpg\" alt=\"\" class=\"wp-image-1148\" srcset=\"https:\/\/arnwiesen.net\/wpt\/wp-content\/uploads\/2010\/jena\/jahrestreffen_3.jpg 460w, https:\/\/arnwiesen.net\/wpt\/wp-content\/uploads\/2010\/jena\/jahrestreffen_3-300x225.jpg 300w\" sizes=\"auto, (max-width: 460px) 85vw, 460px\" \/><figcaption>Romin<\/figcaption><\/figure>\n<\/div>\n\n\n<p>Romin schon seit Jahren f\u00fcr den TCKJ am Kernberg dabei. Hier das erste Mal im Bild.<\/p>\n\n\n<div class=\"wp-block-image\">\n<figure class=\"aligncenter size-full\"><img loading=\"lazy\" decoding=\"async\" width=\"460\" height=\"345\" src=\"https:\/\/arnwiesen.net\/wpt\/wp-content\/uploads\/2010\/jena\/jahrestreffen_4.jpg\" alt=\"\" class=\"wp-image-1149\" srcset=\"https:\/\/arnwiesen.net\/wpt\/wp-content\/uploads\/2010\/jena\/jahrestreffen_4.jpg 460w, https:\/\/arnwiesen.net\/wpt\/wp-content\/uploads\/2010\/jena\/jahrestreffen_4-300x225.jpg 300w\" sizes=\"auto, (max-width: 460px) 85vw, 460px\" \/><\/figure>\n<\/div>\n\n\n<p>So sehen L\u00e4uferbeine nach 15 km Regenwetter aus, die hier sind von Romin.<\/p>\n\n\n<div class=\"wp-block-image\">\n<figure class=\"aligncenter size-full\"><img loading=\"lazy\" decoding=\"async\" width=\"460\" height=\"557\" src=\"https:\/\/arnwiesen.net\/wpt\/wp-content\/uploads\/2010\/jena\/jahrestreffen_5.jpg\" alt=\"\" class=\"wp-image-1150\" srcset=\"https:\/\/arnwiesen.net\/wpt\/wp-content\/uploads\/2010\/jena\/jahrestreffen_5.jpg 460w, https:\/\/arnwiesen.net\/wpt\/wp-content\/uploads\/2010\/jena\/jahrestreffen_5-248x300.jpg 248w\" sizes=\"auto, (max-width: 460px) 85vw, 460px\" \/><\/figure>\n<\/div>\n\n\n<p>Obacht glatt!<\/p>\n\n\n<div class=\"wp-block-image\">\n<figure class=\"aligncenter size-full\"><img loading=\"lazy\" decoding=\"async\" width=\"391\" height=\"460\" src=\"https:\/\/arnwiesen.net\/wpt\/wp-content\/uploads\/2010\/jena\/jahrestreffen_6.jpg\" alt=\"\" class=\"wp-image-1151\" srcset=\"https:\/\/arnwiesen.net\/wpt\/wp-content\/uploads\/2010\/jena\/jahrestreffen_6.jpg 391w, https:\/\/arnwiesen.net\/wpt\/wp-content\/uploads\/2010\/jena\/jahrestreffen_6-255x300.jpg 255w\" sizes=\"auto, (max-width: 391px) 85vw, 391px\" \/><\/figure>\n<\/div>\n\n\n<p>Schon 26 km hinter sich und noch immer ein L\u00e4cheln auf dem Gesicht, Henry im Nebel.<\/p>\n\n\n<div class=\"wp-block-image\">\n<figure class=\"aligncenter size-full\"><img loading=\"lazy\" decoding=\"async\" width=\"460\" height=\"345\" src=\"https:\/\/arnwiesen.net\/wpt\/wp-content\/uploads\/2010\/jena\/jahrestreffen_9.jpg\" alt=\"\" class=\"wp-image-1154\" srcset=\"https:\/\/arnwiesen.net\/wpt\/wp-content\/uploads\/2010\/jena\/jahrestreffen_9.jpg 460w, https:\/\/arnwiesen.net\/wpt\/wp-content\/uploads\/2010\/jena\/jahrestreffen_9-300x225.jpg 300w\" sizes=\"auto, (max-width: 460px) 85vw, 460px\" \/><\/figure>\n<\/div>\n\n\n<p>Jetzt auch noch ein Endspurt, und unter 3 Stunden.<\/p>\n\n\n\n<figure class=\"wp-block-table\"><table><thead><tr><th>Starter<\/th><th>5 km &#8211; Zeit<\/th><\/tr><\/thead><tbody><tr><td>Raphael<\/td><td>00:24:23<\/td><\/tr><tr><td>Ralf U<\/td><td>00:29:35<\/td><\/tr><\/tbody><\/table><\/figure>\n\n\n\n<figure class=\"wp-block-table\"><table><thead><tr><th>Starter<\/th><th>15 km &#8211; Zeit<\/th><\/tr><\/thead><tbody><tr><td>Martin Sch<\/td><td>01:17:27<\/td><\/tr><tr><td>Romin<\/td><td>01:23:03<\/td><\/tr><tr><td>Cossi<\/td><td>01:39:07<\/td><\/tr><tr><td>Wieland<\/td><td>01:55:24<\/td><\/tr><\/tbody><\/table><\/figure>\n\n\n\n<figure class=\"wp-block-table\"><table><thead><tr><th>Starter<\/th><th>27 km &#8211; Zeit<\/th><\/tr><\/thead><tbody><tr><td>Atze<\/td><td>02:35:28<\/td><\/tr><tr><td>Michael S<\/td><td>02:53:05<\/td><\/tr><tr><td>Henry<\/td><td>02:59:27<\/td><\/tr><\/tbody><\/table><\/figure>\n","protected":false},"excerpt":{"rendered":"<p>34. Kernberglauf und Jahrestreffen TC-K\u00f6ln-Jena Das Wetter war nicht einladend &#8211; aber sonst war alles SUPER. Schon die mehrst\u00fcndige Nudelparty am Freitag-Abend entsch\u00e4digte f\u00fcr die lange Anfahrt. Am Samstag-Vormittag&nbsp;&nbsp;ging es um den Kernberg &#8211; entweder gerannt oder gem\u00fctlich bei Tee mit Rum.<\/p>\n","protected":false},"author":4,"featured_media":0,"comment_status":"closed","ping_status":"open","sticky":false,"template":"","format":"standard","meta":{"footnotes":""},"categories":[15],"tags":[125,150,123,149],"class_list":["post-2893","post","type-post","status-publish","format-standard","hentry","category-berichte-2010","tag-10km","tag-crosslauf","tag-halbmarathon","tag-kernberglauf"],"_links":{"self":[{"href":"https:\/\/arnwiesen.net\/wpt\/wp-json\/wp\/v2\/posts\/2893","targetHints":{"allow":["GET"]}}],"collection":[{"href":"https:\/\/arnwiesen.net\/wpt\/wp-json\/wp\/v2\/posts"}],"about":[{"href":"https:\/\/arnwiesen.net\/wpt\/wp-json\/wp\/v2\/types\/post"}],"author":[{"embeddable":true,"href":"https:\/\/arnwiesen.net\/wpt\/wp-json\/wp\/v2\/users\/4"}],"replies":[{"embeddable":true,"href":"https:\/\/arnwiesen.net\/wpt\/wp-json\/wp\/v2\/comments?post=2893"}],"version-history":[{"count":4,"href":"https:\/\/arnwiesen.net\/wpt\/wp-json\/wp\/v2\/posts\/2893\/revisions"}],"predecessor-version":[{"id":3537,"href":"https:\/\/arnwiesen.net\/wpt\/wp-json\/wp\/v2\/posts\/2893\/revisions\/3537"}],"wp:attachment":[{"href":"https:\/\/arnwiesen.net\/wpt\/wp-json\/wp\/v2\/media?parent=2893"}],"wp:term":[{"taxonomy":"category","embeddable":true,"href":"https:\/\/arnwiesen.net\/wpt\/wp-json\/wp\/v2\/categories?post=2893"},{"taxonomy":"post_tag","embeddable":true,"href":"https:\/\/arnwiesen.net\/wpt\/wp-json\/wp\/v2\/tags?post=2893"}],"curies":[{"name":"wp","href":"https:\/\/api.w.org\/{rel}","templated":true}]}}