{"id":2873,"date":"2010-09-05T21:33:00","date_gmt":"2010-09-05T19:33:00","guid":{"rendered":"https:\/\/arnwiesen.net\/wpt\/?p=2873"},"modified":"2022-07-12T11:35:08","modified_gmt":"2022-07-12T09:35:08","slug":"moldau-elbe-radtour-von-prag-bis-magdeburg","status":"publish","type":"post","link":"https:\/\/arnwiesen.net\/wpt\/2010\/moldau-elbe-radtour-von-prag-bis-magdeburg\/","title":{"rendered":"Moldau-Elbe-Radtour von Prag bis Magdeburg &#8211; 2010"},"content":{"rendered":"\n<p>Im Jahr 2010 f\u00fchrte die Radwanderung des TCKJ ausnahmsweise einmal nicht \u00fcber die Alpen.<br>Wir fuhren den Radwanderweg entlang der Moldau und der Elbe von Prag bis Magdeburg.<br><strong>Prag &#8211; Roudnice n. L. &#8211; K\u00f6nigstein &#8211; Mei\u00dfen &#8211; Torgau &#8211; Coswig (Anhalt) &#8211; Magdeburg<\/strong><br>Da 2 Mitfahrer aufgrund von Urlaubssperre in ihrer Firma die Radtour noch kurzfristig absagen mu\u00dften,<br>waren wir diesmal nur 5 Radler:<br>Cossi, Ludger, Ludwig, Werner und Frank.<\/p>\n\n\n<div class=\"wp-block-image\">\n<figure class=\"aligncenter\"><img decoding=\"async\" src=\"https:\/\/arnwiesen.net\/wpt\/wp-content\/uploads\/2010\/elbe-radtour\/01_karlsbruecke.jpg\" alt=\"\"\/><figcaption>Prag<\/figcaption><\/figure>\n<\/div>\n\n\n<!--more-->\n\n\n\n<p>Cossi hatte mit B\u00e4rbel und Carola schon seit Mittwoch ein paar Tage Urlaub in Prag verbracht.<br>Die anderen trafen am Sonnabend nachmittag in Prag ein.<br>Der Sonntag war f\u00fcr ausgiebiges Sightseeing vorgesehen.<br>B\u00e4rbel und Carola flogen wieder nach Hause und die anderen radelten am Montag fr\u00fch los.<\/p>\n\n\n<div class=\"wp-block-image\">\n<figure class=\"aligncenter\"><img decoding=\"async\" src=\"https:\/\/arnwiesen.net\/wpt\/wp-content\/uploads\/2010\/elbe-radtour\/02_wald.jpg\" alt=\"\"\/><\/figure>\n<\/div>\n\n\n<p>Ein paar Kilometer vor Melnik hatten wir den Radweg verloren.<br>Kurz vorher hatten wir noch die Schilder gesehen, aber pl\u00f6tzlich landeten wir im dicht bewachsenen Wald.<br>Anschlie\u00dfend ging es \u00fcber schlammige Feldwege. Was hatten wir falsch gemacht ?&nbsp;<\/p>\n\n\n<div class=\"wp-block-image\">\n<figure class=\"aligncenter\"><img decoding=\"async\" src=\"https:\/\/arnwiesen.net\/wpt\/wp-content\/uploads\/2010\/elbe-radtour\/03_treppe.jpg\" alt=\"\"\/><\/figure>\n<\/div>\n\n\n<p>Diese Stahltreppe haben wir nat\u00fcrlich nicht als &#8222;Moldauradweg&#8220; erkannt. Erst ein Blick in den Radwanderf\u00fchrer machte uns klar, wo wir den Radweg verloren hatten. Es war sehr m\u00fchselig, die Fahrr\u00e4der samt Gep\u00e4ck diese Treppe hinauf und auf der anderen Seite der Moldau wieder hinunter zu tragen.<\/p>\n\n\n<div class=\"wp-block-image\">\n<figure class=\"aligncenter\"><img decoding=\"async\" src=\"https:\/\/arnwiesen.net\/wpt\/wp-content\/uploads\/2010\/elbe-radtour\/04_schmutz.jpg\" alt=\"\"\/><\/figure>\n<\/div>\n\n\n<p>Unser Irrweg durch die schlammigen Feldwege hat unsere Fahrr\u00e4der total verschmutzt. Den Dreck haben wir gr\u00f6\u00dftenteils mit nach Hause genommen, da wir zwischendurch keine Gelegenheit hatten, die R\u00e4der ordentlich zu reinigen.<\/p>\n\n\n<div class=\"wp-block-image\">\n<figure class=\"aligncenter\"><img decoding=\"async\" src=\"https:\/\/arnwiesen.net\/wpt\/wp-content\/uploads\/2010\/elbe-radtour\/05_roudnice.jpg\" alt=\"\"\/><\/figure>\n<\/div>\n\n\n<p>Den Zusammenflu\u00df von Moldau und Elbe haben wir schon am Nachmittag des 1.Tages hinter uns gelassen.<br>In Roudnice n. L.&nbsp;\u00fcbernachteten wir in einem sch\u00f6nen Hotel mit ger\u00e4umigen Zimmern.<br>Nach einigem Suchen fanden wir auch diese wundersch\u00f6ne Terasse, wo wir beim Abendbrot den Sonnenuntergang \u00fcber der Elbe beobachten konnten.<\/p>\n\n\n<div class=\"wp-block-image\">\n<figure class=\"aligncenter\"><img decoding=\"async\" src=\"https:\/\/arnwiesen.net\/wpt\/wp-content\/uploads\/2010\/elbe-radtour\/06_grenze.jpg\" alt=\"\"\/><\/figure>\n<\/div>\n\n\n<p>Nachdem wir Usti n. L. und Decin hinter uns gelassen hatten, \u00fcberquerten wir am Nachmittag des 2.Tages&nbsp;die tschechisch-deutsche Grenze und wechselten von der B\u00f6hmischen Schweiz in die S\u00e4chsische Schweiz \u00fcber.<\/p>\n\n\n<div class=\"wp-block-image\">\n<figure class=\"aligncenter\"><img decoding=\"async\" src=\"https:\/\/arnwiesen.net\/wpt\/wp-content\/uploads\/2010\/elbe-radtour\/07_koenigstein.jpg\" alt=\"\"\/><\/figure>\n<\/div>\n\n\n<p>Nach der \u00dcbernachtung und einem reichlichen Abendbrot&nbsp;im Naturfreundehaus in K\u00f6nigstein wechselten wir mit einer F\u00e4hre das Elb-Ufer.<br>Im Hintergrund sieht man die Festung K\u00f6nigstein.&nbsp;&nbsp;<\/p>\n\n\n<div class=\"wp-block-image\">\n<figure class=\"aligncenter\"><img decoding=\"async\" src=\"https:\/\/arnwiesen.net\/wpt\/wp-content\/uploads\/2010\/elbe-radtour\/08_bastei.jpg\" alt=\"\"\/><\/figure>\n<\/div>\n\n\n<p>Hier beim Kurort Rathen ist der vielleicht&nbsp;bekannteste Teil der S\u00e4chsischen Schweiz mit Bastei, Amselsee, Felsenb\u00fchne und Lokomotive.&nbsp;<\/p>\n\n\n<div class=\"wp-block-image\">\n<figure class=\"aligncenter\"><img decoding=\"async\" src=\"https:\/\/arnwiesen.net\/wpt\/wp-content\/uploads\/2010\/elbe-radtour\/09_pillnitz.jpg\" alt=\"\"\/><\/figure>\n<\/div>\n\n\n<p>Das Schlo\u00df Pillnitz (die Sommer-Residenz August des Starken) ist zu jeder Jahreszeit sehenswert. Hier wurde der chinesische Baustil nachempfunden. Au\u00dferdem steht hier im Garten die ber\u00fchmte Kamelie.<\/p>\n\n\n<div class=\"wp-block-image\">\n<figure class=\"aligncenter\"><img decoding=\"async\" src=\"https:\/\/arnwiesen.net\/wpt\/wp-content\/uploads\/2010\/elbe-radtour\/10_august.jpg\" alt=\"\"\/><\/figure>\n<\/div>\n\n\n<p>In Dresden haben wir unweit vom &#8222;Goldenen Reiter&#8220; Mittag gegessen, ehe wir den Zwinger und die Frauenkirche besichtigt haben.&nbsp;<\/p>\n\n\n<div class=\"wp-block-image\">\n<figure class=\"aligncenter\"><img decoding=\"async\" src=\"https:\/\/arnwiesen.net\/wpt\/wp-content\/uploads\/2010\/elbe-radtour\/11_zwinger.jpg\" alt=\"\"\/><\/figure>\n<\/div>\n\n\n<p>Unser Gep\u00e4ck haben wir vorher bei den &#8222;Dresdener Maltesern&#8220; gelagert, damit wir uns unbeschwert ins Stadtget\u00fcmmel st\u00fcrzen konnten.<\/p>\n\n\n<div class=\"wp-block-image\">\n<figure class=\"aligncenter\"><img decoding=\"async\" src=\"https:\/\/arnwiesen.net\/wpt\/wp-content\/uploads\/2010\/elbe-radtour\/12_belgern.jpg\" alt=\"\"\/><\/figure>\n<\/div>\n\n\n<p>Nachdem wir die 3. Nacht in Mei\u00dfen verbrachten und bereits Riesa&nbsp;hinter uns gelassen haben, sind wir nun auf dem Weg nach Torgau.<br>Dieser &#8222;Roland&#8220; in Belgern ist etwas eigenartig proportioniert. Die Beine sind viel zu lang und auch sonst sieht er irgendwie&nbsp;seltsam aus.<\/p>\n\n\n<div class=\"wp-block-image\">\n<figure class=\"aligncenter\"><img decoding=\"async\" src=\"https:\/\/arnwiesen.net\/wpt\/wp-content\/uploads\/2010\/elbe-radtour\/13_wittenberg.jpg\" alt=\"\"\/><\/figure>\n<\/div>\n\n\n<p>In Lutherstadt Wittenberg haben wir Kaffee getrunken und uns die Schlo\u00dfkirche mit den nachgestalteten 95 Thesen Martin Luthers angesehen.<br>Anschlie\u00dfend geht es noch weiter bis Coswig (Anhalt).<\/p>\n\n\n<div class=\"wp-block-image\">\n<figure class=\"aligncenter\"><img decoding=\"async\" src=\"https:\/\/arnwiesen.net\/wpt\/wp-content\/uploads\/2010\/elbe-radtour\/14_magdeburg.jpg\" alt=\"\"\/><\/figure>\n<\/div>\n\n\n<p>Zu Beginn&nbsp;des letzten Tages haben wir noch den W\u00f6rlitzer Park besichtigt und waren in Dessau am Technischen Museum der&nbsp;ehemaligen &#8222;Hugo Junkers Werke&#8220;.&nbsp;<br>Das Endziel Magdeburg haben nur Cossi und Frank erreicht, da Ludger schon am Sonnabend abend dringend in Osnabr\u00fcck sein mu\u00dfte.<br>So&nbsp;haben Ludwig, Werner und Ludger schon ab Barby die Heimreise angetreten.<br>Hier sieht man ein Denkmal f\u00fcr die ber\u00fchmten Magdeburger Halbkugeln, mit denen der ehemalige B\u00fcrgermeister Otto von Guericke den Luftdruck nachgewiesen hat.<\/p>\n\n\n\n<p>ein paar mehr Fotos dieser Radtour findet man wie immer unter<br><a href=\"http:\/\/franklehmann.dyndns.eu\/index.php?folder=\/2010\/07_Elbe-Radtour\/\" target=\"_blank\" rel=\"noreferrer noopener\">http:\/\/franklehmann.dyndns.eu\/index.php?folder=\/2010\/07_Elbe-Radtour\/<\/a>&nbsp;<\/p>\n","protected":false},"excerpt":{"rendered":"<p>Im Jahr 2010 f\u00fchrte die Radwanderung des TCKJ ausnahmsweise einmal nicht \u00fcber die Alpen.Wir fuhren den Radwanderweg entlang der Moldau und der Elbe von Prag bis Magdeburg.Prag &#8211; Roudnice n. L. &#8211; K\u00f6nigstein &#8211; Mei\u00dfen &#8211; Torgau &#8211; Coswig (Anhalt) &#8211; MagdeburgDa 2 Mitfahrer aufgrund von Urlaubssperre in ihrer Firma die Radtour noch kurzfristig absagen &hellip; <a href=\"https:\/\/arnwiesen.net\/wpt\/2010\/moldau-elbe-radtour-von-prag-bis-magdeburg\/\" class=\"more-link\"><span class=\"screen-reader-text\">\u201eMoldau-Elbe-Radtour von Prag bis Magdeburg &#8211; 2010\u201c<\/span> weiterlesen<\/a><\/p>\n","protected":false},"author":6,"featured_media":0,"comment_status":"closed","ping_status":"open","sticky":false,"template":"","format":"standard","meta":{"footnotes":""},"categories":[15],"tags":[90,92,91,94,93,110,89,31],"class_list":["post-2873","post","type-post","status-publish","format-standard","hentry","category-berichte-2010","tag-elbetal","tag-elbsandsteingebirge","tag-koenigstein","tag-magdeburg","tag-meissen","tag-moldau","tag-prag","tag-radtour"],"_links":{"self":[{"href":"https:\/\/arnwiesen.net\/wpt\/wp-json\/wp\/v2\/posts\/2873","targetHints":{"allow":["GET"]}}],"collection":[{"href":"https:\/\/arnwiesen.net\/wpt\/wp-json\/wp\/v2\/posts"}],"about":[{"href":"https:\/\/arnwiesen.net\/wpt\/wp-json\/wp\/v2\/types\/post"}],"author":[{"embeddable":true,"href":"https:\/\/arnwiesen.net\/wpt\/wp-json\/wp\/v2\/users\/6"}],"replies":[{"embeddable":true,"href":"https:\/\/arnwiesen.net\/wpt\/wp-json\/wp\/v2\/comments?post=2873"}],"version-history":[{"count":3,"href":"https:\/\/arnwiesen.net\/wpt\/wp-json\/wp\/v2\/posts\/2873\/revisions"}],"predecessor-version":[{"id":3382,"href":"https:\/\/arnwiesen.net\/wpt\/wp-json\/wp\/v2\/posts\/2873\/revisions\/3382"}],"wp:attachment":[{"href":"https:\/\/arnwiesen.net\/wpt\/wp-json\/wp\/v2\/media?parent=2873"}],"wp:term":[{"taxonomy":"category","embeddable":true,"href":"https:\/\/arnwiesen.net\/wpt\/wp-json\/wp\/v2\/categories?post=2873"},{"taxonomy":"post_tag","embeddable":true,"href":"https:\/\/arnwiesen.net\/wpt\/wp-json\/wp\/v2\/tags?post=2873"}],"curies":[{"name":"wp","href":"https:\/\/api.w.org\/{rel}","templated":true}]}}