{"id":2863,"date":"2010-08-07T21:27:00","date_gmt":"2010-08-07T19:27:00","guid":{"rendered":"https:\/\/arnwiesen.net\/wpt\/?p=2863"},"modified":"2022-07-12T11:28:33","modified_gmt":"2022-07-12T09:28:33","slug":"14-triathlon-thuelsfelder-talsperre","status":"publish","type":"post","link":"https:\/\/arnwiesen.net\/wpt\/2010\/14-triathlon-thuelsfelder-talsperre\/","title":{"rendered":"14. Triathlon Th\u00fclsfelder Talsperre"},"content":{"rendered":"\n<p><a href=\"https:\/\/www.jaronline.de\/tckj\/index.php\/berichte-2010\/268-was-ist-los-in-thuelsfeld#\">&nbsp;<\/a>So schlecht war die Radstrecke nun auch nicht (siehe Mail unten)&nbsp;und das Wasser war ausreichend und angenehm. Ein bisschen Sonne und kein Wind &#8211; da kann Triathlon Spa\u00df machen. So viel, dass Carsten sich zum 1. Mal auf die Kurzdistanz wagte. Inka und Ulli blieben der Volksdistanz treu.<\/p>\n\n\n<div class=\"wp-block-image\">\n<figure class=\"aligncenter size-full\"><img loading=\"lazy\" decoding=\"async\" width=\"480\" height=\"360\" src=\"https:\/\/arnwiesen.net\/wpt\/wp-content\/uploads\/2010\/Cimg3867kl.jpg\" alt=\"\" class=\"wp-image-1222\" srcset=\"https:\/\/arnwiesen.net\/wpt\/wp-content\/uploads\/2010\/Cimg3867kl.jpg 480w, https:\/\/arnwiesen.net\/wpt\/wp-content\/uploads\/2010\/Cimg3867kl-300x225.jpg 300w\" sizes=\"auto, (max-width: 480px) 85vw, 480px\" \/><figcaption>Carsten, Ulli, Inka &#8211; die Schwimmtrainingsgruppe aus Oldenburg<\/figcaption><\/figure>\n<\/div>\n\n\n<!--more-->\n\n\n\n<p><strong>14. Triathlon Th\u00fclsfelder Talsperre 2010<\/strong><\/p>\n\n\n\n<p><strong>Kurztriathlon &#8211; 1.000 m &#8211; 40,0 km &#8211; 10.000 m&nbsp;<\/strong><\/p>\n\n\n\n<figure class=\"wp-block-table\"><table><tbody><tr><td>Starter<\/td><td>Platz gesamt<\/td><td>&nbsp;Platz AK<\/td><td>Schwimmen<\/td><td>Rad + Laufen<\/td><td>Laufen<\/td><td>Gesamtzeit<\/td><\/tr><tr><td>&nbsp;Carsten<\/td><td>&nbsp;93.<\/td><td>&nbsp;18.<\/td><td>&nbsp;00:24:19<\/td><td>&nbsp;02:00:18<\/td><td>&nbsp;00:16:52<\/td><td>&nbsp;02:43:07<\/td><\/tr><\/tbody><\/table><\/figure>\n\n\n\n<p><strong>Volkstriathlon &#8211; 500 m &#8211; 22,0 km &#8211; 5.000 m&nbsp;<\/strong><\/p>\n\n\n\n<figure class=\"wp-block-table\"><table><tbody><tr><td>Starter<\/td><td>Platz gesamt<\/td><td>&nbsp;Platz AK<\/td><td>Schwimmen<\/td><td>Rad<\/td><td>Laufen<\/td><td>Gesamtzeit<\/td><\/tr><tr><td>&nbsp;Inka<\/td><td>&nbsp;112.<\/td><td>&nbsp;2.<\/td><td>&nbsp;00:15:59<\/td><td>&nbsp;00:44:14<\/td><td>&nbsp;00:26:18<\/td><td>&nbsp;01:26:31<\/td><\/tr><tr><td>&nbsp;Ulli<\/td><td>&nbsp;139.<\/td><td>&nbsp;6.<\/td><td>&nbsp;00:16:25<\/td><td>&nbsp;00:50:19<\/td><td>&nbsp;00:36:43<\/td><td>&nbsp;01:43:27<\/td><\/tr><\/tbody><\/table><\/figure>\n\n\n\n<hr class=\"wp-block-separator has-alpha-channel-opacity\"\/>\n\n\n\n<p><strong>Nach &#8222;kein Wasswer im See &#8211; 2009&#8220; hei\u00dft es f\u00fcr 2010 &#8222;keine optimale Radrennstrecke&#8220;<\/strong><\/p>\n\n\n\n<p>Wettkampfinformation<\/p>\n\n\n\n<p>Liebe Triathletinnen,<br>Liebe Triathleten,<\/p>\n\n\n\n<p>trotz erfolgter Ausbesserungsarbeiten durch die zust\u00e4ndige Kommune, befindet sich die Radstrecke auf einem Teilst\u00fcck von ca. 5 km L\u00e4nge, nach wie vor in keinem guten Zustand. Da es sich bei unserer Radstrecke um eine Wendepunktstrecke handelt, muss der besagte Streckenteil zweimal durchfahren werden. Aufgrund der massiven Wintersch\u00e4den und der allseits knappen Kassen war es nicht m\u00f6glich, die Strecke in einen Top Zustand zu versetzen. Um unn\u00f6tige Pannen zu vermeiden, wird die Benutzung von der Route entsprechenden Reifen und Felgen dringend empfohlen.<\/p>\n\n\n\n<p>Ein Plan der Radstrecke findet sich im Internet unter&nbsp;<a target=\"_blank\" href=\"http:\/\/www.thuelsfelder-talsperre.de\/\" rel=\"noreferrer noopener\">www.thuelsfelder-talsperre.de<\/a><\/p>\n\n\n\n<p>Mit freundlichen Gr\u00fc\u00dfen<\/p>\n\n\n\n<p>Das Orga-Team vom<br>Erholungsgebiet Th\u00fclsfelder Talsperre e.V.<\/p>\n","protected":false},"excerpt":{"rendered":"<p>&nbsp;So schlecht war die Radstrecke nun auch nicht (siehe Mail unten)&nbsp;und das Wasser war ausreichend und angenehm. Ein bisschen Sonne und kein Wind &#8211; da kann Triathlon Spa\u00df machen. So viel, dass Carsten sich zum 1. Mal auf die Kurzdistanz wagte. Inka und Ulli blieben der Volksdistanz treu.<\/p>\n","protected":false},"author":1,"featured_media":0,"comment_status":"closed","ping_status":"open","sticky":false,"template":"","format":"standard","meta":{"footnotes":""},"categories":[15],"tags":[198,225,136,141],"class_list":["post-2863","post","type-post","status-publish","format-standard","hentry","category-berichte-2010","tag-kurztriathlon","tag-thuelsfelder-talsperre","tag-triathlon","tag-volkstriathlon"],"_links":{"self":[{"href":"https:\/\/arnwiesen.net\/wpt\/wp-json\/wp\/v2\/posts\/2863","targetHints":{"allow":["GET"]}}],"collection":[{"href":"https:\/\/arnwiesen.net\/wpt\/wp-json\/wp\/v2\/posts"}],"about":[{"href":"https:\/\/arnwiesen.net\/wpt\/wp-json\/wp\/v2\/types\/post"}],"author":[{"embeddable":true,"href":"https:\/\/arnwiesen.net\/wpt\/wp-json\/wp\/v2\/users\/1"}],"replies":[{"embeddable":true,"href":"https:\/\/arnwiesen.net\/wpt\/wp-json\/wp\/v2\/comments?post=2863"}],"version-history":[{"count":3,"href":"https:\/\/arnwiesen.net\/wpt\/wp-json\/wp\/v2\/posts\/2863\/revisions"}],"predecessor-version":[{"id":3739,"href":"https:\/\/arnwiesen.net\/wpt\/wp-json\/wp\/v2\/posts\/2863\/revisions\/3739"}],"wp:attachment":[{"href":"https:\/\/arnwiesen.net\/wpt\/wp-json\/wp\/v2\/media?parent=2863"}],"wp:term":[{"taxonomy":"category","embeddable":true,"href":"https:\/\/arnwiesen.net\/wpt\/wp-json\/wp\/v2\/categories?post=2863"},{"taxonomy":"post_tag","embeddable":true,"href":"https:\/\/arnwiesen.net\/wpt\/wp-json\/wp\/v2\/tags?post=2863"}],"curies":[{"name":"wp","href":"https:\/\/api.w.org\/{rel}","templated":true}]}}