{"id":2857,"date":"2010-06-19T21:22:00","date_gmt":"2010-06-19T19:22:00","guid":{"rendered":"https:\/\/arnwiesen.net\/wpt\/?p=2857"},"modified":"2022-07-12T11:29:02","modified_gmt":"2022-07-12T09:29:02","slug":"1-darnsee-3-kampf","status":"publish","type":"post","link":"https:\/\/arnwiesen.net\/wpt\/2010\/1-darnsee-3-kampf\/","title":{"rendered":"1. Darnsee 3-Kampf"},"content":{"rendered":"\n<p>Nachdem die Warmduscher des TC-K\u00f6ln-Jena vor 2 Wochen bei herrlichem Sommerwetter die Triathlon-Saison im beheizten Freibad von Melle er\u00f6ffnet hatten, zogen J\u00f6rg und Ulli mit den Kaltduschen am Darnsee nach. Bei s\u00fcdafrikanischen Temperaturen &#8211; nur m\u00e4\u00dfige 12\u00b0, kalter Wind und dichter Bew\u00f6lkung ging es in den schon aufgetauten See. Die Radstrecke ein enger, kurviger Rundkurs musste 5-mal befahren werden, bevor es auf die abschlie\u00dfende 5 km Laufstrecke ging.<\/p>\n\n\n<div class=\"wp-block-image\">\n<figure class=\"aligncenter size-full\"><img loading=\"lazy\" decoding=\"async\" width=\"480\" height=\"360\" src=\"https:\/\/arnwiesen.net\/wpt\/wp-content\/uploads\/2010\/100_5640-kl.jpg\" alt=\"\" class=\"wp-image-1213\" srcset=\"https:\/\/arnwiesen.net\/wpt\/wp-content\/uploads\/2010\/100_5640-kl.jpg 480w, https:\/\/arnwiesen.net\/wpt\/wp-content\/uploads\/2010\/100_5640-kl-300x225.jpg 300w\" sizes=\"auto, (max-width: 480px) 85vw, 480px\" \/><\/figure>\n<\/div>\n\n\n<p>J\u00f6rg &#8211; 01:04:48, schon frisch gef\u00f6nt und warm angezogen als Ulli endlich ins Ziel kommt<\/p>\n\n\n\n<!--more-->\n\n\n\n<p>Schon beim Start zeigte sich, reine Hobbyisten bevorzugen angenehmere Bedingungen. Neoprenschwimmer und spurtstarke Staffeln pr\u00e4gten das Starterfeld. Das bei diesen \u00e4u\u00dferen Bedingungen 4\/5 der Teilnehmer weniger als 1 Std. und 10 Min. ben\u00f6tigten ist verst\u00e4ndlich.<\/p>\n\n\n\n<p>J\u00f6rg L., nach Jahren mal wieder als TCKJ-ler am Start, lie\u00df sich geh\u00f6rig mitrei\u00dfen und wurde mit 1:04:48 gesamt 10. und 2. seiner Altersklasse.<\/p>\n\n\n\n<p><strong>1. Darnsee 3-Kampf &#8211; 400 m &#8211; 16<\/strong><strong>&nbsp;km &#8211; 5000 m<\/strong><\/p>\n\n\n\n<figure class=\"wp-block-table\"><table><tbody><tr><td>Starter<\/td><td>AK Platz<\/td><td>Platz gesamt<\/td><td>Schwimmen<\/td><td>Rad<\/td><td>Laufen<\/td><td>Gesamtzeit<\/td><\/tr><tr><td>J\u00f6rg L<\/td><td>2.<\/td><td>10.<\/td><td>ca. 08:55<\/td><td>ca. 31:58<\/td><td>23:55<\/td><td>01:04:48<\/td><\/tr><tr><td>Ulli<\/td><td>5.<\/td><td>25.<\/td><td>ca. 09:40<\/td><td>ca. 43:05<\/td><td>35:30<\/td><td>01:28:15<\/td><\/tr><\/tbody><\/table><\/figure>\n\n\n\n<hr class=\"wp-block-separator has-alpha-channel-opacity\"\/>\n\n\n\n<p>Aktuelle Meldung des Triathlon Verband Niedersachsen vom 17.06.2010<\/p>\n\n\n\n<p><strong>Darnsee-Dreikampf wird nun offiziell genehmigter Triathlon!<\/strong><\/p>\n\n\n\n<p>Der im letzten Jahr ganz kurzfristig aus dem Nichts aufgetauchte Darnsee-Triathlon, welcher aufgrund fehlender Genehmigung der Stra\u00dfenverkehrsbeh\u00f6rde in 2009 kurzfristig noch in einen Swim&amp;Run umge\u00e4ndert wurde, hat in 2010 alle sport- und ordnungsrechtlichen Bedingungen erf\u00fcllt und wird als genehmigte Triathlonveranstaltung am kommenden Wochenende f\u00fcr alle Startpassinhaber und Breitensportler offen sein! Dank der guten Zusammenarbeit zwischen dem Hauptorganisator des TUS Bramsche, Peter Rohde, sowie dem Beauftragten f\u00fcr Triathlonveranstaltungen, Michael Faehse, sind alle genehmigungstechnischen Barrieren beseitigt worden und der Breitensportveranstaltung am Darnsee \u00fcber 400m Schwimmen, 16 km Radfahren und 5 km Laufen steht nun nichts mehr im Wege.<\/p>\n","protected":false},"excerpt":{"rendered":"<p>Nachdem die Warmduscher des TC-K\u00f6ln-Jena vor 2 Wochen bei herrlichem Sommerwetter die Triathlon-Saison im beheizten Freibad von Melle er\u00f6ffnet hatten, zogen J\u00f6rg und Ulli mit den Kaltduschen am Darnsee nach. Bei s\u00fcdafrikanischen Temperaturen &#8211; nur m\u00e4\u00dfige 12\u00b0, kalter Wind und dichter Bew\u00f6lkung ging es in den schon aufgetauten See. Die Radstrecke ein enger, kurviger Rundkurs &hellip; <a href=\"https:\/\/arnwiesen.net\/wpt\/2010\/1-darnsee-3-kampf\/\" class=\"more-link\"><span class=\"screen-reader-text\">\u201e1. Darnsee 3-Kampf\u201c<\/span> weiterlesen<\/a><\/p>\n","protected":false},"author":1,"featured_media":0,"comment_status":"closed","ping_status":"open","sticky":false,"template":"","format":"standard","meta":{"footnotes":""},"categories":[15],"tags":[173,203,258,136,141],"class_list":["post-2857","post","type-post","status-publish","format-standard","hentry","category-berichte-2010","tag-bramsche","tag-darnsee","tag-darnsee-3-kampf","tag-triathlon","tag-volkstriathlon"],"_links":{"self":[{"href":"https:\/\/arnwiesen.net\/wpt\/wp-json\/wp\/v2\/posts\/2857","targetHints":{"allow":["GET"]}}],"collection":[{"href":"https:\/\/arnwiesen.net\/wpt\/wp-json\/wp\/v2\/posts"}],"about":[{"href":"https:\/\/arnwiesen.net\/wpt\/wp-json\/wp\/v2\/types\/post"}],"author":[{"embeddable":true,"href":"https:\/\/arnwiesen.net\/wpt\/wp-json\/wp\/v2\/users\/1"}],"replies":[{"embeddable":true,"href":"https:\/\/arnwiesen.net\/wpt\/wp-json\/wp\/v2\/comments?post=2857"}],"version-history":[{"count":2,"href":"https:\/\/arnwiesen.net\/wpt\/wp-json\/wp\/v2\/posts\/2857\/revisions"}],"predecessor-version":[{"id":3565,"href":"https:\/\/arnwiesen.net\/wpt\/wp-json\/wp\/v2\/posts\/2857\/revisions\/3565"}],"wp:attachment":[{"href":"https:\/\/arnwiesen.net\/wpt\/wp-json\/wp\/v2\/media?parent=2857"}],"wp:term":[{"taxonomy":"category","embeddable":true,"href":"https:\/\/arnwiesen.net\/wpt\/wp-json\/wp\/v2\/categories?post=2857"},{"taxonomy":"post_tag","embeddable":true,"href":"https:\/\/arnwiesen.net\/wpt\/wp-json\/wp\/v2\/tags?post=2857"}],"curies":[{"name":"wp","href":"https:\/\/api.w.org\/{rel}","templated":true}]}}