{"id":2853,"date":"2010-05-04T21:20:00","date_gmt":"2010-05-04T19:20:00","guid":{"rendered":"https:\/\/arnwiesen.net\/wpt\/?p=2853"},"modified":"2022-07-12T11:29:23","modified_gmt":"2022-07-12T09:29:23","slug":"25-meller-triathlon","status":"publish","type":"post","link":"https:\/\/arnwiesen.net\/wpt\/2010\/25-meller-triathlon\/","title":{"rendered":"25. Meller-Triathlon"},"content":{"rendered":"\n<p><strong>25. Gr\u00f6negau Triathlon Melle<\/strong><\/p>\n\n\n<div class=\"wp-block-image\">\n<figure class=\"aligncenter size-full\"><img loading=\"lazy\" decoding=\"async\" width=\"270\" height=\"360\" src=\"https:\/\/arnwiesen.net\/wpt\/wp-content\/uploads\/2010\/melle\/Cimg3527-kl.jpg\" alt=\"\" class=\"wp-image-1261\" srcset=\"https:\/\/arnwiesen.net\/wpt\/wp-content\/uploads\/2010\/melle\/Cimg3527-kl.jpg 270w, https:\/\/arnwiesen.net\/wpt\/wp-content\/uploads\/2010\/melle\/Cimg3527-kl-225x300.jpg 225w\" sizes=\"auto, (max-width: 270px) 85vw, 270px\" \/><figcaption>Auch ein Gewinner &#8211; Kevin<\/figcaption><\/figure>\n<\/div>\n\n\n<p>Nachdem 2009 der Triathlon auf Grund der nicht genehmigten Radstrecke abgesagt werden musste, pa\u00dfte dieses Jahr wieder alles super zusammen. Der Preis (g\u00fcnstigster Triathlon Deutschlands), das Wetter, das Drum und Dran. Melle ist seit Jahren fest auf unserem Terminplaner. Ludwig, Richard und Ulli mussten krankheitsbedingt kurzfristig passen. Bernhard und Michael organisierten in ihrer Firma 4 Staffeln und haben so sicherlich den einen oder anderen auf die Spur gesetzt. Der Kreis der Triathleten wird gr\u00f6\u00dfer.<\/p>\n\n\n\n<!--more-->\n\n\n\n<p>Carsten war schon am Abend vorher angereist und konnte so in den ersten Startgruppen antreten. Als er sich dem Ziel n\u00e4herte verlie\u00df Rosi gerade die Wechselzone mit dem Rad. Ihr 2. Wechsel kreuzte sich mit dem Radwechsel von Burkhard und Cossi, die fast zeitgleich die Radstrecke angingen. Cossi, von seinem Halbmarathon vor&nbsp;7 Tagen noch nicht wieder erholt, musste schon auf der Radstrecke abrei\u00dfen lassen. Burkhard zeigt sich trotz der Nacht von Hasbergen gut im Tritt und vergr\u00f6\u00dferte seinen Vorsprung auf der Laufstrecke.<\/p>\n\n\n<div class=\"wp-block-image\">\n<figure class=\"aligncenter size-full\"><img loading=\"lazy\" decoding=\"async\" width=\"480\" height=\"360\" src=\"https:\/\/arnwiesen.net\/wpt\/wp-content\/uploads\/2010\/melle\/Cimg3470-kl.jpg\" alt=\"\" class=\"wp-image-1255\" srcset=\"https:\/\/arnwiesen.net\/wpt\/wp-content\/uploads\/2010\/melle\/Cimg3470-kl.jpg 480w, https:\/\/arnwiesen.net\/wpt\/wp-content\/uploads\/2010\/melle\/Cimg3470-kl-300x225.jpg 300w\" sizes=\"auto, (max-width: 480px) 85vw, 480px\" \/><\/figure>\n<\/div>\n\n\n<p>Wenigstens einer aus der Familie am Start &#8211; Rosi. Ulli f\u00e4llt krankheitsbedingt aus.<\/p>\n\n\n<div class=\"wp-block-image\">\n<figure class=\"aligncenter size-full\"><img loading=\"lazy\" decoding=\"async\" width=\"480\" height=\"360\" src=\"https:\/\/arnwiesen.net\/wpt\/wp-content\/uploads\/2010\/melle\/Cimg3486-kl.jpg\" alt=\"\" class=\"wp-image-1259\" srcset=\"https:\/\/arnwiesen.net\/wpt\/wp-content\/uploads\/2010\/melle\/Cimg3486-kl.jpg 480w, https:\/\/arnwiesen.net\/wpt\/wp-content\/uploads\/2010\/melle\/Cimg3486-kl-300x225.jpg 300w\" sizes=\"auto, (max-width: 480px) 85vw, 480px\" \/><\/figure>\n<\/div>\n\n\n<p>Nur eine Fotomontage. Cossi kam erst einige Minuten nach Burkhard ins Ziel &#8211; der Halbmarathon vor&nbsp;7 Tagen zeigte seine Nachwirkung.<\/p>\n\n\n<div class=\"wp-block-image\">\n<figure class=\"aligncenter size-full\"><img loading=\"lazy\" decoding=\"async\" width=\"480\" height=\"360\" src=\"https:\/\/arnwiesen.net\/wpt\/wp-content\/uploads\/2010\/melle\/Cimg3480-kl.jpg\" alt=\"\" class=\"wp-image-1256\" srcset=\"https:\/\/arnwiesen.net\/wpt\/wp-content\/uploads\/2010\/melle\/Cimg3480-kl.jpg 480w, https:\/\/arnwiesen.net\/wpt\/wp-content\/uploads\/2010\/melle\/Cimg3480-kl-300x225.jpg 300w\" sizes=\"auto, (max-width: 480px) 85vw, 480px\" \/><\/figure>\n<\/div>\n\n\n<p>Wer als 1. im Ziel ist, hat viel Zeit zum Entspannen &#8211; Carsten<\/p>\n\n\n<div class=\"wp-block-image\">\n<figure class=\"aligncenter size-full\"><img loading=\"lazy\" decoding=\"async\" width=\"480\" height=\"360\" src=\"https:\/\/arnwiesen.net\/wpt\/wp-content\/uploads\/2010\/melle\/Cimg3488-kl.jpg\" alt=\"\" class=\"wp-image-1260\" srcset=\"https:\/\/arnwiesen.net\/wpt\/wp-content\/uploads\/2010\/melle\/Cimg3488-kl.jpg 480w, https:\/\/arnwiesen.net\/wpt\/wp-content\/uploads\/2010\/melle\/Cimg3488-kl-300x225.jpg 300w\" sizes=\"auto, (max-width: 480px) 85vw, 480px\" \/><figcaption>Carsten, Burkhard, Cossi, Rosi, Michael R, Bernhard<\/figcaption><\/figure>\n<\/div>\n\n\n<p><strong>25. Meller Triathlon &#8211; 400 m &#8211; 16,6 km &#8211; 5000 m<\/strong><\/p>\n\n\n\n<figure class=\"wp-block-table\"><table><tbody><tr><td>Starter<\/td><td>AK Platz<\/td><td>Platz gesamt<\/td><td>Gesamtzeit<\/td><\/tr><tr><td>Carsten<\/td><td>26.<\/td><td>60.<\/td><td>01:07:34,0<\/td><\/tr><tr><td>Burkhard<\/td><td>39.<\/td><td>83.<\/td><td>01:11:31,0<\/td><\/tr><tr><td>Michael R<\/td><td>19.<\/td><td>107.<\/td><td>01:19:17,0<\/td><\/tr><tr><td>Cossi<\/td><td>21.<\/td><td>110.<\/td><td>01:22:05,0<\/td><\/tr><tr><td>Rosi<\/td><td>6.<\/td><td>34.<\/td><td>01:26:28,0<\/td><\/tr><\/tbody><\/table><\/figure>\n\n\n\n<p>Au\u00dfer Konkurenz in den 4 Firmenstaffeln der ITEBO-Osnabr\u00fcck &#8211; Bernhard als Radfahrer und Michael R, mit seinem 2. Start, als Schwimmer.<\/p>\n\n\n\n<p>Erg\u00e4nzend zu Ulli\u00b4s sch\u00f6nem Bericht hier noch&nbsp;2 Fotos die von Sportfotos-live.de zur&nbsp;Verwendung freigegeben wurden:<\/p>\n\n\n<div class=\"wp-block-image\">\n<figure class=\"aligncenter size-full\"><img loading=\"lazy\" decoding=\"async\" width=\"319\" height=\"480\" src=\"https:\/\/arnwiesen.net\/wpt\/wp-content\/uploads\/2010\/melle\/melle_michael.jpg\" alt=\"\" class=\"wp-image-1262\" srcset=\"https:\/\/arnwiesen.net\/wpt\/wp-content\/uploads\/2010\/melle\/melle_michael.jpg 319w, https:\/\/arnwiesen.net\/wpt\/wp-content\/uploads\/2010\/melle\/melle_michael-199x300.jpg 199w\" sizes=\"auto, (max-width: 319px) 85vw, 319px\" \/><\/figure>\n<\/div>\n\n\n<p>Hier ist Michael bei&nbsp;seinem kompletten Triathlon.<\/p>\n\n\n<div class=\"wp-block-image\">\n<figure class=\"aligncenter size-full\"><img loading=\"lazy\" decoding=\"async\" width=\"480\" height=\"319\" src=\"https:\/\/arnwiesen.net\/wpt\/wp-content\/uploads\/2010\/melle\/melle_zuschauer.jpg\" alt=\"\" class=\"wp-image-1263\" srcset=\"https:\/\/arnwiesen.net\/wpt\/wp-content\/uploads\/2010\/melle\/melle_zuschauer.jpg 480w, https:\/\/arnwiesen.net\/wpt\/wp-content\/uploads\/2010\/melle\/melle_zuschauer-300x199.jpg 300w\" sizes=\"auto, (max-width: 480px) 85vw, 480px\" \/><\/figure>\n<\/div>\n\n\n<p>Ulli und Ludwig zum Zuschauen verurteilt, das machen sie interessiert und l\u00e4chelnd.<\/p>\n","protected":false},"excerpt":{"rendered":"<p>25. Gr\u00f6negau Triathlon Melle Nachdem 2009 der Triathlon auf Grund der nicht genehmigten Radstrecke abgesagt werden musste, pa\u00dfte dieses Jahr wieder alles super zusammen. Der Preis (g\u00fcnstigster Triathlon Deutschlands), das Wetter, das Drum und Dran. Melle ist seit Jahren fest auf unserem Terminplaner. Ludwig, Richard und Ulli mussten krankheitsbedingt kurzfristig passen. Bernhard und Michael organisierten &hellip; <a href=\"https:\/\/arnwiesen.net\/wpt\/2010\/25-meller-triathlon\/\" class=\"more-link\"><span class=\"screen-reader-text\">\u201e25. Meller-Triathlon\u201c<\/span> weiterlesen<\/a><\/p>\n","protected":false},"author":1,"featured_media":0,"comment_status":"closed","ping_status":"open","sticky":false,"template":"","format":"standard","meta":{"footnotes":""},"categories":[15],"tags":[256,172,136,141],"class_list":["post-2853","post","type-post","status-publish","format-standard","hentry","category-berichte-2010","tag-groenegau-triathlon","tag-melle","tag-triathlon","tag-volkstriathlon"],"_links":{"self":[{"href":"https:\/\/arnwiesen.net\/wpt\/wp-json\/wp\/v2\/posts\/2853","targetHints":{"allow":["GET"]}}],"collection":[{"href":"https:\/\/arnwiesen.net\/wpt\/wp-json\/wp\/v2\/posts"}],"about":[{"href":"https:\/\/arnwiesen.net\/wpt\/wp-json\/wp\/v2\/types\/post"}],"author":[{"embeddable":true,"href":"https:\/\/arnwiesen.net\/wpt\/wp-json\/wp\/v2\/users\/1"}],"replies":[{"embeddable":true,"href":"https:\/\/arnwiesen.net\/wpt\/wp-json\/wp\/v2\/comments?post=2853"}],"version-history":[{"count":3,"href":"https:\/\/arnwiesen.net\/wpt\/wp-json\/wp\/v2\/posts\/2853\/revisions"}],"predecessor-version":[{"id":3740,"href":"https:\/\/arnwiesen.net\/wpt\/wp-json\/wp\/v2\/posts\/2853\/revisions\/3740"}],"wp:attachment":[{"href":"https:\/\/arnwiesen.net\/wpt\/wp-json\/wp\/v2\/media?parent=2853"}],"wp:term":[{"taxonomy":"category","embeddable":true,"href":"https:\/\/arnwiesen.net\/wpt\/wp-json\/wp\/v2\/categories?post=2853"},{"taxonomy":"post_tag","embeddable":true,"href":"https:\/\/arnwiesen.net\/wpt\/wp-json\/wp\/v2\/tags?post=2853"}],"curies":[{"name":"wp","href":"https:\/\/api.w.org\/{rel}","templated":true}]}}