{"id":2845,"date":"2010-05-01T21:16:00","date_gmt":"2010-05-01T19:16:00","guid":{"rendered":"https:\/\/arnwiesen.net\/wpt\/?p=2845"},"modified":"2022-07-12T12:35:39","modified_gmt":"2022-07-12T10:35:39","slug":"26-kvb-dauerlauf-im-severinsviertel","status":"publish","type":"post","link":"https:\/\/arnwiesen.net\/wpt\/2010\/26-kvb-dauerlauf-im-severinsviertel\/","title":{"rendered":"26. KVB Dauerlauf im Severinsviertel"},"content":{"rendered":"\n<p><strong>TC K\u00f6ln &#8211; Jena erstmals seit 2005 in K\u00f6ln am Start<\/strong><\/p>\n\n\n<div class=\"wp-block-image\">\n<figure class=\"aligncenter\"><img decoding=\"async\" src=\"https:\/\/arnwiesen.net\/wpt\/wp-content\/uploads\/2010\/severinslauf_1.jpg\" alt=\"severinslauf_1\"\/><figcaption>(Foto : Detlev Ackermann)<\/figcaption><\/figure>\n<\/div>\n\n\n<p>Bei der Winterlaufserie\u00a0des TuS\u00a0K\u00f6ln rrh. im Jahre 2005 tauchte der Name des TC K\u00f6ln-Jena das letzte Mal in einer Ergebnisliste K\u00f6lner Volksl\u00e4ufe auf. Jetzt\u00a0war es wieder soweit. Stefan finishte am Severinstor (im Hintergrund) in 49,39 Min. im orangen TCKJ &#8211; Trikot.\u00a0<\/p>\n\n\n\n<!--more-->\n\n\n<div class=\"wp-block-image\">\n<figure class=\"aligncenter\"><img decoding=\"async\" src=\"https:\/\/arnwiesen.net\/wpt\/wp-content\/uploads\/2010\/severinslauf_2.jpg\" alt=\"severinslauf_2\"\/><figcaption>(Foto : Detlev Ackermann)<\/figcaption><\/figure>\n<\/div>\n\n\n<p>Nach einer Runde, 3,3 km, war Robert mit orangenem Herz noch bei Stefan. Doch dann musste er den erfahrenen Stefan ziehen lassen, der mit der Hitze und den Massen in den engen Gassen besser klar kam. Die Beiden nutzten den Lauf um Wettkampferfahrung zu sammeln f\u00fcr den Halbmarathon in Duisburg. Der 3. im TCKJ &#8211; Team in Duisburg, Cossi konnte nicht starten, da er noch eine Zerrung auskuriert.<\/p>\n\n\n\n<div class=\"wp-block-group is-nowrap is-layout-flex wp-container-core-group-is-layout-e3e06330 wp-block-group-is-layout-flex\"><div class=\"wp-block-image\">\n<figure class=\"aligncenter is-resized\"><img loading=\"lazy\" decoding=\"async\" src=\"https:\/\/arnwiesen.net\/wpt\/wp-content\/uploads\/2010\/severinslauf_3.jpg\" alt=\"severinslauf_3\" width=\"512\" height=\"426\"\/><figcaption>(Foto : Detlev Ackermann)<\/figcaption><\/figure>\n<\/div>\n\n\n<figure class=\"wp-block-image size-full\"><img loading=\"lazy\" decoding=\"async\" width=\"72\" height=\"246\" src=\"https:\/\/arnwiesen.net\/wpt\/wp-content\/uploads\/2010\/wedau2000_siegerin-jana.jpg\" alt=\"\" class=\"wp-image-3580\"\/><figcaption>Wedau 2002<\/figcaption><\/figure>\n<\/div>\n\n\n\n<p>Hier sind die strahlenden Sieger des Traditionslaufs abgebildet. Jana, die im Severinsviertel bereits das dritte Mal siegte,\u00a0gewann auch den Wedaupokal dreimal und ist daher noch vielen TCKJlern ein Begriff.\u00a0\u00a0\u00a0<\/p>\n\n\n\n<p>In den Jahren 2000 &#8211; 2003 dominierte sie die Frauenwertung \u00fcber 4,7 km und sammelte&nbsp;ihre erste Wettkampferfahrung.&nbsp;Hier nach ihrem ersten Sieg als 10&nbsp;j\u00e4hrige.&nbsp;&nbsp;<\/p>\n\n\n\n<figure class=\"wp-block-table\"><table><thead><tr><td>Platz<\/td><td>AK<\/td><td>Name<\/td><td>AK<\/td><td>Brutto<\/td><td>Netto<\/td><\/tr><\/thead><tbody><tr><td>1<\/td><td>16370<\/td><td>Jana<\/td><td>HK<\/td><td>00:37:51<\/td><td>00:37:51<\/td><\/tr><tr><td>280<\/td><td>63<\/td><td>Stefan<\/td><td>40<br><\/td><td>00:50:51<br><\/td><td>00:49:39<\/td><\/tr><tr><td>350<\/td><td>70<\/td><td>Robert<\/td><td>45<\/td><td>00:52:36<\/td><td>00:51:24<\/td><\/tr><\/tbody><\/table><\/figure>\n","protected":false},"excerpt":{"rendered":"<p>TC K\u00f6ln &#8211; Jena erstmals seit 2005 in K\u00f6ln am Start Bei der Winterlaufserie\u00a0des TuS\u00a0K\u00f6ln rrh. im Jahre 2005 tauchte der Name des TC K\u00f6ln-Jena das letzte Mal in einer Ergebnisliste K\u00f6lner Volksl\u00e4ufe auf. Jetzt\u00a0war es wieder soweit. Stefan finishte am Severinstor (im Hintergrund) in 49,39 Min. im orangen TCKJ &#8211; Trikot.\u00a0<\/p>\n","protected":false},"author":5,"featured_media":0,"comment_status":"closed","ping_status":"open","sticky":false,"template":"","format":"standard","meta":{"footnotes":""},"categories":[15],"tags":[125,191],"class_list":["post-2845","post","type-post","status-publish","format-standard","hentry","category-berichte-2010","tag-10km","tag-koeln"],"_links":{"self":[{"href":"https:\/\/arnwiesen.net\/wpt\/wp-json\/wp\/v2\/posts\/2845","targetHints":{"allow":["GET"]}}],"collection":[{"href":"https:\/\/arnwiesen.net\/wpt\/wp-json\/wp\/v2\/posts"}],"about":[{"href":"https:\/\/arnwiesen.net\/wpt\/wp-json\/wp\/v2\/types\/post"}],"author":[{"embeddable":true,"href":"https:\/\/arnwiesen.net\/wpt\/wp-json\/wp\/v2\/users\/5"}],"replies":[{"embeddable":true,"href":"https:\/\/arnwiesen.net\/wpt\/wp-json\/wp\/v2\/comments?post=2845"}],"version-history":[{"count":2,"href":"https:\/\/arnwiesen.net\/wpt\/wp-json\/wp\/v2\/posts\/2845\/revisions"}],"predecessor-version":[{"id":3581,"href":"https:\/\/arnwiesen.net\/wpt\/wp-json\/wp\/v2\/posts\/2845\/revisions\/3581"}],"wp:attachment":[{"href":"https:\/\/arnwiesen.net\/wpt\/wp-json\/wp\/v2\/media?parent=2845"}],"wp:term":[{"taxonomy":"category","embeddable":true,"href":"https:\/\/arnwiesen.net\/wpt\/wp-json\/wp\/v2\/categories?post=2845"},{"taxonomy":"post_tag","embeddable":true,"href":"https:\/\/arnwiesen.net\/wpt\/wp-json\/wp\/v2\/tags?post=2845"}],"curies":[{"name":"wp","href":"https:\/\/api.w.org\/{rel}","templated":true}]}}