{"id":2839,"date":"2010-04-11T21:14:00","date_gmt":"2010-04-11T19:14:00","guid":{"rendered":"https:\/\/arnwiesen.net\/wpt\/?p=2839"},"modified":"2022-07-12T12:35:39","modified_gmt":"2022-07-12T10:35:39","slug":"rtf-saisoneroeffnung-2010","status":"publish","type":"post","link":"https:\/\/arnwiesen.net\/wpt\/2010\/rtf-saisoneroeffnung-2010\/","title":{"rendered":"RTF Saisoner\u00f6ffnung 2010"},"content":{"rendered":"\n<p><strong>Issum 11.04.2010<\/strong><\/p>\n\n\n<div class=\"wp-block-image\">\n<figure class=\"aligncenter\"><img decoding=\"async\" src=\"https:\/\/arnwiesen.net\/wpt\/wp-content\/uploads\/2010\/rtf-saisonerff._10_1.jpg\" alt=\"rtf-saisonerff._10_1\"\/><\/figure>\n<\/div>\n\n\n<p>Am Sonntag, den 11.4.2010 zeigte das Thermometer um 9.00 Uhr in Issum 4\u00b0 C. Das schreckte einige TCKJ\u00b4ler ab. Doch&nbsp;5 besonders abgeh\u00e4rtete Radler&nbsp;hielt es nicht ab, und so konnte die RTF &#8211; Saison 2010&nbsp;p\u00fcnktlich um 10.00 Uhr er\u00f6ffnet werden. Hier bereits um 9.40 Uhr Carola, B\u00e4rbel und Joachim.<\/p>\n\n\n\n<!--more-->\n\n\n<div class=\"wp-block-image\">\n<figure class=\"aligncenter\"><img decoding=\"async\" src=\"https:\/\/arnwiesen.net\/wpt\/wp-content\/uploads\/2010\/rtf-saisonerff._10_2.jpg\" alt=\"rtf-saisonerff._10_2\"\/><\/figure>\n<\/div>\n\n\n<p>Auch Cossi war dabei, betont farbenfroh wollte er den Fr\u00fchling locken.<\/p>\n\n\n<div class=\"wp-block-image\">\n<figure class=\"aligncenter\"><img decoding=\"async\" src=\"https:\/\/arnwiesen.net\/wpt\/wp-content\/uploads\/2010\/rtf-saisonerff._10_3.jpg\" alt=\"rtf-saisonerff._10_3\"\/><\/figure>\n<\/div>\n\n\n<p>An der Verpflegungsstelle nach 20 Kilometern sind Heide und B\u00e4rbel schon aufgew\u00e4rmt.<\/p>\n\n\n<div class=\"wp-block-image\">\n<figure class=\"aligncenter\"><img decoding=\"async\" src=\"https:\/\/arnwiesen.net\/wpt\/wp-content\/uploads\/2010\/rtf-saisonerff._10_4.jpg\" alt=\"rtf-saisonerff._10_4\"\/><\/figure>\n<\/div>\n\n\n<p>Heide sieht optimistisch in die Zukunft, denn sie hat&nbsp;ihr Punktekonto aus dem Jahr 2009 bereits egalisiert und so kann die Saison 2010 nur eine Erfolgreiche werden.<\/p>\n\n\n<div class=\"wp-block-image\">\n<figure class=\"aligncenter\"><img decoding=\"async\" src=\"https:\/\/arnwiesen.net\/wpt\/wp-content\/uploads\/2010\/rtf-saisonerff._10_5.jpg\" alt=\"rtf-saisonerff._10_5\"\/><\/figure>\n<\/div>\n\n\n<p>Hier erreichen Joachim und Carola warm eingepackt auf ihren Trekkingr\u00e4dern die Verpflegungsstelle.<\/p>\n\n\n<div class=\"wp-block-image\">\n<figure class=\"aligncenter\"><img decoding=\"async\" src=\"https:\/\/arnwiesen.net\/wpt\/wp-content\/uploads\/2010\/rtf-saisonerff._10_6.jpg\" alt=\"rtf-saisonerff._10_6\"\/><\/figure>\n<\/div>\n\n\n<p>Fast sind die ersten 41 Kilometer der neuen Saison geschafft.<\/p>\n\n\n<div class=\"wp-block-image\">\n<figure class=\"aligncenter\"><img decoding=\"async\" src=\"https:\/\/arnwiesen.net\/wpt\/wp-content\/uploads\/2010\/rtf-saisonerff._10_7.jpg\" alt=\"rtf-saisonerff._10_7\"\/><\/figure>\n<\/div>\n\n\n<p>Kurz vor Schluss der Tour liefen uns noch einige am Niederrhein beheimatete Tiere vor die Kamera.<\/p>\n\n\n\n<p>Und wer sich die gefahrene Tour mal aus der Vogelperspektive anschauen will:<\/p>\n\n\n\n<p><a target=\"_blank\" href=\"http:\/\/www.gps-sport.net\/routePlanner\/routePlanner.jsp?routeID=49298\" rel=\"noreferrer noopener\">http:\/\/www.gps-sport.net\/routePlanner\/routePlanner.jsp?routeID=49298<\/a><\/p>\n","protected":false},"excerpt":{"rendered":"<p>Issum 11.04.2010 Am Sonntag, den 11.4.2010 zeigte das Thermometer um 9.00 Uhr in Issum 4\u00b0 C. Das schreckte einige TCKJ\u00b4ler ab. Doch&nbsp;5 besonders abgeh\u00e4rtete Radler&nbsp;hielt es nicht ab, und so konnte die RTF &#8211; Saison 2010&nbsp;p\u00fcnktlich um 10.00 Uhr er\u00f6ffnet werden. Hier bereits um 9.40 Uhr Carola, B\u00e4rbel und Joachim.<\/p>\n","protected":false},"author":5,"featured_media":0,"comment_status":"closed","ping_status":"open","sticky":false,"template":"","format":"standard","meta":{"footnotes":""},"categories":[15],"tags":[129,127],"class_list":["post-2839","post","type-post","status-publish","format-standard","hentry","category-berichte-2010","tag-issum","tag-rtf"],"_links":{"self":[{"href":"https:\/\/arnwiesen.net\/wpt\/wp-json\/wp\/v2\/posts\/2839","targetHints":{"allow":["GET"]}}],"collection":[{"href":"https:\/\/arnwiesen.net\/wpt\/wp-json\/wp\/v2\/posts"}],"about":[{"href":"https:\/\/arnwiesen.net\/wpt\/wp-json\/wp\/v2\/types\/post"}],"author":[{"embeddable":true,"href":"https:\/\/arnwiesen.net\/wpt\/wp-json\/wp\/v2\/users\/5"}],"replies":[{"embeddable":true,"href":"https:\/\/arnwiesen.net\/wpt\/wp-json\/wp\/v2\/comments?post=2839"}],"version-history":[{"count":2,"href":"https:\/\/arnwiesen.net\/wpt\/wp-json\/wp\/v2\/posts\/2839\/revisions"}],"predecessor-version":[{"id":3587,"href":"https:\/\/arnwiesen.net\/wpt\/wp-json\/wp\/v2\/posts\/2839\/revisions\/3587"}],"wp:attachment":[{"href":"https:\/\/arnwiesen.net\/wpt\/wp-json\/wp\/v2\/media?parent=2839"}],"wp:term":[{"taxonomy":"category","embeddable":true,"href":"https:\/\/arnwiesen.net\/wpt\/wp-json\/wp\/v2\/categories?post=2839"},{"taxonomy":"post_tag","embeddable":true,"href":"https:\/\/arnwiesen.net\/wpt\/wp-json\/wp\/v2\/tags?post=2839"}],"curies":[{"name":"wp","href":"https:\/\/api.w.org\/{rel}","templated":true}]}}