{"id":2827,"date":"2011-10-04T21:05:00","date_gmt":"2011-10-04T19:05:00","guid":{"rendered":"https:\/\/arnwiesen.net\/wpt\/?p=2827"},"modified":"2022-07-07T21:27:05","modified_gmt":"2022-07-07T19:27:05","slug":"26-city-lauf-und-oldenburg-marathon","status":"publish","type":"post","link":"https:\/\/arnwiesen.net\/wpt\/2011\/26-city-lauf-und-oldenburg-marathon\/","title":{"rendered":"26. City-Lauf und Oldenburg Marathon"},"content":{"rendered":"\n<p>Geschafft! Klasse-Wetter, Klasse-Leistungen der L\u00e4uferinnen und L\u00e4ufer und die Helfer und Organisatoren haben mit Engagement und Herz alles f\u00fcr die Teilnehmer und Zuschauer gegeben.&nbsp;Carsten absolvierte im Stillen&nbsp;den Halbmarathon in Oldenburg f\u00fcr den TCKJ&nbsp;und ist mit pers\u00f6nlicher Bestleistung gut unterwegs gewesen &#8211; da macht Altwerden Spa\u00df&nbsp;(Herzlich Willkommen in AK 50) &#8211; und ein Ausblick auf das n\u00e4chste Jahr:<\/p>\n\n\n\n<!--more-->\n\n\n\n<p>\u00d6ffentliche Halbmarathon 2012 als Landesmeisterschaft<\/p>\n\n\n\n<p>Der Nieders\u00e4chsische Leichtathletikverband (NLV) und der Bremer Leichtathletikverband (BLV) haben ihre Meisterschaft im Halbmarathon 2012 nach Oldenburg vergeben.<\/p>\n\n\n\n<p>Die Veranstaltung wird dadurch sportlich enorm aufgewertet. Am 21. Oktober 2012 geht es dann wieder auf schnellen (\u201etopfebenen\u201c),&nbsp; attraktiven Strecken um die W\u00e4lle und durch die Stadt. Der gro\u00dfe Lauftag in Oldenburg wird mit dem Kinderlauf und den Strecken von 5 km bis zum Marathon ein Angebot f\u00fcr alle Leistungs- und Altersklassen, f\u00fcr Freizeitl\u00e4ufer und Ambitionierte bei hoffentlich wieder so guten Laufwetter wie am 16.Oktober 2011 stattfinden.<\/p>\n\n\n\n<p><strong>26. City-Lauf Oldenburg<\/strong><\/p>\n\n\n\n<figure class=\"wp-block-table\"><table><tbody><tr><td><strong>Platz<\/strong><\/td><td><strong>Pl.-AK<\/strong><\/td><td><strong>Starter<\/strong><\/td><td><strong>Verein<\/strong><\/td><td><strong>Zeit<\/strong><\/td><\/tr><tr><td>462<\/td><td>59<\/td><td>Carsten<\/td><td>Triathlonclub K\u00f6ln-Jena<\/td><td>01:54:37<\/td><\/tr><\/tbody><\/table><\/figure>\n","protected":false},"excerpt":{"rendered":"<p>Geschafft! Klasse-Wetter, Klasse-Leistungen der L\u00e4uferinnen und L\u00e4ufer und die Helfer und Organisatoren haben mit Engagement und Herz alles f\u00fcr die Teilnehmer und Zuschauer gegeben.&nbsp;Carsten absolvierte im Stillen&nbsp;den Halbmarathon in Oldenburg f\u00fcr den TCKJ&nbsp;und ist mit pers\u00f6nlicher Bestleistung gut unterwegs gewesen &#8211; da macht Altwerden Spa\u00df&nbsp;(Herzlich Willkommen in AK 50) &#8211; und ein Ausblick auf das &hellip; <a href=\"https:\/\/arnwiesen.net\/wpt\/2011\/26-city-lauf-und-oldenburg-marathon\/\" class=\"more-link\"><span class=\"screen-reader-text\">\u201e26. City-Lauf und Oldenburg Marathon\u201c<\/span> weiterlesen<\/a><\/p>\n","protected":false},"author":1,"featured_media":0,"comment_status":"closed","ping_status":"open","sticky":false,"template":"","format":"standard","meta":{"footnotes":""},"categories":[16],"tags":[123,132],"class_list":["post-2827","post","type-post","status-publish","format-standard","hentry","category-berichte-2011","tag-halbmarathon","tag-oldenburg"],"_links":{"self":[{"href":"https:\/\/arnwiesen.net\/wpt\/wp-json\/wp\/v2\/posts\/2827","targetHints":{"allow":["GET"]}}],"collection":[{"href":"https:\/\/arnwiesen.net\/wpt\/wp-json\/wp\/v2\/posts"}],"about":[{"href":"https:\/\/arnwiesen.net\/wpt\/wp-json\/wp\/v2\/types\/post"}],"author":[{"embeddable":true,"href":"https:\/\/arnwiesen.net\/wpt\/wp-json\/wp\/v2\/users\/1"}],"replies":[{"embeddable":true,"href":"https:\/\/arnwiesen.net\/wpt\/wp-json\/wp\/v2\/comments?post=2827"}],"version-history":[{"count":2,"href":"https:\/\/arnwiesen.net\/wpt\/wp-json\/wp\/v2\/posts\/2827\/revisions"}],"predecessor-version":[{"id":3429,"href":"https:\/\/arnwiesen.net\/wpt\/wp-json\/wp\/v2\/posts\/2827\/revisions\/3429"}],"wp:attachment":[{"href":"https:\/\/arnwiesen.net\/wpt\/wp-json\/wp\/v2\/media?parent=2827"}],"wp:term":[{"taxonomy":"category","embeddable":true,"href":"https:\/\/arnwiesen.net\/wpt\/wp-json\/wp\/v2\/categories?post=2827"},{"taxonomy":"post_tag","embeddable":true,"href":"https:\/\/arnwiesen.net\/wpt\/wp-json\/wp\/v2\/tags?post=2827"}],"curies":[{"name":"wp","href":"https:\/\/api.w.org\/{rel}","templated":true}]}}