{"id":2816,"date":"2011-08-22T20:58:00","date_gmt":"2011-08-22T18:58:00","guid":{"rendered":"https:\/\/arnwiesen.net\/wpt\/?p=2816"},"modified":"2022-07-12T12:06:35","modified_gmt":"2022-07-12T10:06:35","slug":"radfahren-auf-der-koenigsetappe-jetzt-mit-video","status":"publish","type":"post","link":"https:\/\/arnwiesen.net\/wpt\/2011\/radfahren-auf-der-koenigsetappe-jetzt-mit-video\/","title":{"rendered":"Radfahren auf der K\u00f6nigsetappe &#8211; 2011"},"content":{"rendered":"\n<p><strong>Salzburg &#8211; Werfen &#8211; Fusch &#8211; Heiligenblut &#8211; Molzbichl &#8211; Klagenfurt<\/strong><\/p>\n\n\n\n<p>22. &#8211; 26.\/27. August 2011\u00a0<\/p>\n\n\n\n<p>In diesem Jahr sollte die Alpenradtour etwas Besonderes werden: Wir wollten endlich die&nbsp;<strong>K\u00f6nigsetappe<\/strong>&nbsp;fahren.<br><a href=\"http:\/\/www.grossglockner.at\/de\/hochalpenstrasse\/radfahrer\/\" target=\"_blank\" rel=\"noreferrer noopener\">http:\/\/www.grossglockner.at\/de\/hochalpenstrasse\/radfahrer\/<br><\/a>Ludwig, Burkhard, Werner, Reinhard, Ludger, Bernhard, Henry, Cossi, Atze, Andreas und Frank<br>fuhren auf der&nbsp;<strong>Gro\u00dfglockner-Hochalpenstra\u00dfe<\/strong>&nbsp;auf 2504 m H\u00f6he hinauf.<br>Anschlie\u00dfend waren alle&nbsp;der Meinung, es war der anstengendste Alpenpa\u00df, den wir bisher gefahren sind.<\/p>\n\n\n<div class=\"wp-block-image\">\n<figure class=\"aligncenter\"><img decoding=\"async\" src=\"https:\/\/arnwiesen.net\/wpt\/wp-content\/uploads\/2011\/grossglockner\/00_gg.jpg\" alt=\"\"\/><figcaption>H\u00f6henprofil<\/figcaption><\/figure>\n<\/div>\n\n\n<!--more-->\n\n\n\n<p>Ludger hat aus Fotos und Video-Sequenzen noch einen sch\u00f6nen Film geschnitten.<br>siehe<br><a href=\"http:\/\/youtu.be\/n3ZKHKyqqWM\" target=\"_blank\" rel=\"noreferrer noopener\">http:\/\/youtu.be\/n3ZKHKyqqWM<\/a><\/p>\n\n\n\n<p>&nbsp;Cossi, Andreas, Atze und Frank waren schon am Sonntag abend nach Freilassing angereist und hatten am Montag vormittag gen\u00fcgend Zeit, sich bei strahlendem Sonnenschein das Schlo\u00df Mirabell und die Innenstadt von Salzburg anzusehen.<\/p>\n\n\n<div class=\"wp-block-image\">\n<figure class=\"aligncenter\"><img decoding=\"async\" src=\"https:\/\/arnwiesen.net\/wpt\/wp-content\/uploads\/2011\/grossglockner\/01_gg.jpg\" alt=\"\"\/><\/figure>\n<\/div>\n\n\n<p>In Salzburg trafen wir zuerst&nbsp;Henry, der gerade aus seinem Italien-Urlaub zur\u00fcckkam.<br>Nach dem Mittag traf dann auch die Nordgruppe in Salzburg ein. Sie waren mit der Bahn bis Traunstein gefahren und hatten&nbsp;jetzt schon ca. 30 km auf dem Fahrrad hinter sich.<\/p>\n\n\n<div class=\"wp-block-image\">\n<figure class=\"aligncenter\"><img decoding=\"async\" src=\"https:\/\/arnwiesen.net\/wpt\/wp-content\/uploads\/2011\/grossglockner\/02_gg.jpg\" alt=\"\"\/><\/figure>\n<\/div>\n\n\n<p>Nach der Begr\u00fc\u00dfung in einem Salzburger Biergarten sind wir am 1. Tag dann noch bis Werfen gefahren.<\/p>\n\n\n<div class=\"wp-block-image\">\n<figure class=\"aligncenter\"><img decoding=\"async\" src=\"https:\/\/arnwiesen.net\/wpt\/wp-content\/uploads\/2011\/grossglockner\/03_gg.jpg\" alt=\"\"\/><\/figure>\n<\/div>\n\n\n<p>Auch am 2. Tag ging es bis auf wenige Ausnahmen immer im Tal der Salzach entlang.<br>Es war sehr warm und wir sehnten uns nach einer Abk\u00fchlung.<\/p>\n\n\n<div class=\"wp-block-image\">\n<figure class=\"aligncenter\"><img decoding=\"async\" src=\"https:\/\/arnwiesen.net\/wpt\/wp-content\/uploads\/2011\/grossglockner\/04_gg.jpg\" alt=\"\"\/><\/figure>\n<\/div>\n\n\n<p>Als Bernhard vorschlug, man k\u00f6nnte noch&nbsp;einen Abstecher zur Kitzlochklamm machen, teilte sich die Gruppe nach langen \u00dcberlegungen.<br>Die einen wollten m\u00f6glichst schnell baden, die anderen wollten auch die Klamm sehen und anschlie\u00dfend trotzdem noch baden.<br>Wer mit in der Kitzlochklamm dabei war, hat es sicher nicht bereut.<br><a href=\"http:\/\/www.kitzlochklamm.at\/\" target=\"_blank\" rel=\"noreferrer noopener\">http:\/\/www.kitzlochklamm.at\/<\/a><\/p>\n\n\n<div class=\"wp-block-image\">\n<figure class=\"aligncenter\"><img decoding=\"async\" src=\"https:\/\/arnwiesen.net\/wpt\/wp-content\/uploads\/2011\/grossglockner\/05_gg.jpg\" alt=\"\"\/><\/figure>\n<\/div>\n\n\n<p>Am Zeller See sind wir dann endlich zu unserer Abk\u00fchlung gekommen.<br>Der See ist sehr flach und man mu\u00df weit laufen, ehe man schwimmen kann.<\/p>\n\n\n<div class=\"wp-block-image\">\n<figure class=\"aligncenter\"><img decoding=\"async\" src=\"https:\/\/arnwiesen.net\/wpt\/wp-content\/uploads\/2011\/grossglockner\/06_gg.jpg\" alt=\"\"\/><\/figure>\n<\/div>\n\n\n<p>Nachdem wir in Fusch \u00fcbernachtet hatten, nahmen wir am 3. Tag (Mittwoch) dann die&nbsp;<a href=\"http:\/\/www.grossglockner.at\/de\/hochalpenstrasse\/radfahrer\/\" target=\"_blank\" rel=\"noreferrer noopener\">K\u00f6nigsetappe<\/a>&nbsp;in Angriff.<br>Neben&nbsp;der Mautstelle f\u00fcr Kraftfahrzeuge gibt es einen Durchla\u00df f\u00fcr Fahrr\u00e4der mit Zeitnahme.<\/p>\n\n\n<div class=\"wp-block-image\">\n<figure class=\"aligncenter\"><img decoding=\"async\" src=\"https:\/\/arnwiesen.net\/wpt\/wp-content\/uploads\/2011\/grossglockner\/07_gg.jpg\" alt=\"\"\/><\/figure>\n<\/div>\n\n\n<p>Es ging 17 km lang mit stetiger Steigung von 12% bergauf.<br>So mu\u00dften wir \u00f6fters mal eine Pause einlegen und konnten bei herrlichstem Wetter die sch\u00f6ne Landschaft fotografieren.<\/p>\n\n\n<div class=\"wp-block-image\">\n<figure class=\"aligncenter\"><img decoding=\"async\" src=\"https:\/\/arnwiesen.net\/wpt\/wp-content\/uploads\/2011\/grossglockner\/08_gg.jpg\" alt=\"\"\/><\/figure>\n<\/div>\n\n\n<p>&nbsp;Hier hatte Atze unseren &#8222;Fr\u00fchstarter&#8220; Ludger kurzzeitig eingeholt und nutzte die Gelegenheit f\u00fcr weitere Fotos.<\/p>\n\n\n<div class=\"wp-block-image\">\n<figure class=\"aligncenter\"><img decoding=\"async\" src=\"https:\/\/arnwiesen.net\/wpt\/wp-content\/uploads\/2011\/grossglockner\/09_gg.jpg\" alt=\"\"\/><\/figure>\n<\/div>\n\n\n<p>Eigentlich fuhr jeder f\u00fcr sich allein und trotzdem trafen sich einige immer wieder bei kurzen Pausen.<br>Hier halten Atze, Andreas und Frank f\u00fcr einen Foto-Stop.<\/p>\n\n\n<div class=\"wp-block-image\">\n<figure class=\"aligncenter\"><img decoding=\"async\" src=\"https:\/\/arnwiesen.net\/wpt\/wp-content\/uploads\/2011\/grossglockner\/10_gg.jpg\" alt=\"\"\/><\/figure>\n<\/div>\n\n\n<p>Wir waren mit unserer Gruppe die einzigen, die mit Trekkingr\u00e4dern und Gep\u00e4ck auf der&nbsp;<a href=\"http:\/\/www.grossglockner.at\/de\/hochalpenstrasse\/radfahrer\/\" target=\"_blank\" rel=\"noreferrer noopener\">K\u00f6nigsetappe<\/a>&nbsp;unterwegs waren.<br>Alle anderen Radfahrer hatten Rennr\u00e4der ohne Gep\u00e4ck.<\/p>\n\n\n<div class=\"wp-block-image\">\n<figure class=\"aligncenter\"><img decoding=\"async\" src=\"https:\/\/arnwiesen.net\/wpt\/wp-content\/uploads\/2011\/grossglockner\/11_gg.jpg\" alt=\"\"\/><\/figure>\n<\/div>\n\n\n<p>Bernhard war als 5. an der Gastst\u00e4tte Fuscher T\u00f6rl angekommen.<\/p>\n\n\n<div class=\"wp-block-image\">\n<figure class=\"aligncenter\"><img decoding=\"async\" src=\"https:\/\/arnwiesen.net\/wpt\/wp-content\/uploads\/2011\/grossglockner\/12_gg.jpg\" alt=\"\"\/><\/figure>\n<\/div>\n\n\n<p>Diese Serpentinen haben wir uns hinaufgequ\u00e4lt.<br>Man h\u00e4tte auch noch einen Abstecher zur&nbsp;<a href=\"http:\/\/www.edelweissspitze.at\/\" target=\"_blank\" rel=\"noreferrer noopener\">Edelwei\u00dfspitze<\/a>&nbsp;(2571 m) machen k\u00f6nnen, aber dazu hatte niemand mehr Lust.<\/p>\n\n\n<div class=\"wp-block-image\">\n<figure class=\"aligncenter\"><img decoding=\"async\" src=\"https:\/\/arnwiesen.net\/wpt\/wp-content\/uploads\/2011\/grossglockner\/13_gg.jpg\" alt=\"\"\/><\/figure>\n<\/div>\n\n\n<p>Gruppenfoto am h\u00f6chsten Punkt (2504 m) der Gro\u00dfglockner-Hochalpenstra\u00dfe (ohne Edelwei\u00dfspitze).<\/p>\n\n\n<div class=\"wp-block-image\">\n<figure class=\"aligncenter\"><img decoding=\"async\" src=\"https:\/\/arnwiesen.net\/wpt\/wp-content\/uploads\/2011\/grossglockner\/14_gg.jpg\" alt=\"\"\/><\/figure>\n<\/div>\n\n\n<p>Hier sammeln wir uns in Heiligenblut, bevor wir ins Quartier fahren.<br>Im Hintergrund sieht man den Gro\u00dfglockner.<\/p>\n\n\n<div class=\"wp-block-image\">\n<figure class=\"aligncenter\"><img decoding=\"async\" src=\"https:\/\/arnwiesen.net\/wpt\/wp-content\/uploads\/2011\/grossglockner\/15_gg.jpg\" alt=\"\"\/><\/figure>\n<\/div>\n\n\n<p>4. Tag: Mittagspause mit Wei\u00dfbier und gutem Essen<\/p>\n\n\n<div class=\"wp-block-image\">\n<figure class=\"aligncenter\"><img decoding=\"async\" src=\"https:\/\/arnwiesen.net\/wpt\/wp-content\/uploads\/2011\/grossglockner\/16_gg.jpg\" alt=\"\"\/><\/figure>\n<\/div>\n\n\n<p>Bei 36\u00b0C im Schatten mu\u00dften wir uns erst mal ausruhen und uns ein Bier genehmigen.<\/p>\n\n\n<div class=\"wp-block-image\">\n<figure class=\"aligncenter\"><img decoding=\"async\" src=\"https:\/\/arnwiesen.net\/wpt\/wp-content\/uploads\/2011\/grossglockner\/17_gg.jpg\" alt=\"\"\/><\/figure>\n<\/div>\n\n\n<p>Der kr\u00f6nende Abschlu\u00df des 4. Tages war noch&nbsp;ein erfrischendes Bad im Egelsee bei Spittal a.d. Drau.<br>Allerdings mu\u00dften wir dazu erst noch etliche H\u00f6henmeter \u00fcber Waldwege erklimmen.<\/p>\n\n\n<div class=\"wp-block-image\">\n<figure class=\"aligncenter\"><img decoding=\"async\" src=\"https:\/\/arnwiesen.net\/wpt\/wp-content\/uploads\/2011\/grossglockner\/18_gg.jpg\" alt=\"\"\/><\/figure>\n<\/div>\n\n\n<p>Am 5. Tag trennte sich unsere Gruppe in Villach.<br>Andreas, Cossi, Henry, Atze und Frank hatten R\u00fcckfahrtickets von Klagenfurt f\u00fcr Sonnabend und mu\u00dften deswegen schon&nbsp;am Freitag abend noch bis Klagenfurt kommen.<\/p>\n\n\n<div class=\"wp-block-image\">\n<figure class=\"aligncenter\"><img decoding=\"async\" src=\"https:\/\/arnwiesen.net\/wpt\/wp-content\/uploads\/2011\/grossglockner\/19_gg.jpg\" alt=\"\"\/><\/figure>\n<\/div>\n\n\n<p>Die anderen hatten ihre R\u00fcchfahrtickets erst f\u00fcr Sonntag und konnten sich somit f\u00fcr den Weg von Molzbichl bis Klagenfurt 2 Tage Zeit nehmen. Hier baden sie gerade am Faaker See.<\/p>\n\n\n<div class=\"wp-block-image\">\n<figure class=\"aligncenter\"><img decoding=\"async\" src=\"https:\/\/arnwiesen.net\/wpt\/wp-content\/uploads\/2011\/grossglockner\/20_profil-3d.jpg\" alt=\"H\u00f6henprofil in 3D\"\/><\/figure>\n<\/div>\n\n\n<p>Andreas hat seine GPS-Daten mittels&nbsp;&nbsp;<a href=\"http:\/\/www.gps-freeware.de\/Beschreibung.aspx\" target=\"_blank\" rel=\"noreferrer noopener\">GPS-Track-Analyse.NET<\/a>&nbsp;&nbsp;sehr sch\u00f6n aufgearbeitet.<\/p>\n\n\n\n<p>Es war wieder eine sehr sch\u00f6ne, gelungene Radtour mit viel Spa\u00df dabei und diesmal ohne Pannen.<\/p>\n\n\n\n<p>mehr Fotos gibt es wie immer unter<br><a href=\"http:\/\/franklehmann.dyndns.eu\/index.php?folder=\/2011\/08_Grossglockner\/\" target=\"_blank\" rel=\"noreferrer noopener\">http:\/\/franklehmann.dyndns.eu\/index.php?folder=\/2011\/08_Grossglockner\/<\/a><\/p>\n","protected":false},"excerpt":{"rendered":"<p>Salzburg &#8211; Werfen &#8211; Fusch &#8211; Heiligenblut &#8211; Molzbichl &#8211; Klagenfurt 22. &#8211; 26.\/27. August 2011\u00a0 In diesem Jahr sollte die Alpenradtour etwas Besonderes werden: Wir wollten endlich die&nbsp;K\u00f6nigsetappe&nbsp;fahren.http:\/\/www.grossglockner.at\/de\/hochalpenstrasse\/radfahrer\/Ludwig, Burkhard, Werner, Reinhard, Ludger, Bernhard, Henry, Cossi, Atze, Andreas und Frankfuhren auf der&nbsp;Gro\u00dfglockner-Hochalpenstra\u00dfe&nbsp;auf 2504 m H\u00f6he hinauf.Anschlie\u00dfend waren alle&nbsp;der Meinung, es war der anstengendste Alpenpa\u00df, den &hellip; <a href=\"https:\/\/arnwiesen.net\/wpt\/2011\/radfahren-auf-der-koenigsetappe-jetzt-mit-video\/\" class=\"more-link\"><span class=\"screen-reader-text\">\u201eRadfahren auf der K\u00f6nigsetappe &#8211; 2011\u201c<\/span> weiterlesen<\/a><\/p>\n","protected":false},"author":6,"featured_media":0,"comment_status":"closed","ping_status":"open","sticky":false,"template":"","format":"standard","meta":{"footnotes":""},"categories":[16],"tags":[32,87,88,31,86],"class_list":["post-2816","post","type-post","status-publish","format-standard","hentry","category-berichte-2011","tag-alpen","tag-gross-glockner","tag-klagenfurt","tag-radtour","tag-salzburg"],"_links":{"self":[{"href":"https:\/\/arnwiesen.net\/wpt\/wp-json\/wp\/v2\/posts\/2816","targetHints":{"allow":["GET"]}}],"collection":[{"href":"https:\/\/arnwiesen.net\/wpt\/wp-json\/wp\/v2\/posts"}],"about":[{"href":"https:\/\/arnwiesen.net\/wpt\/wp-json\/wp\/v2\/types\/post"}],"author":[{"embeddable":true,"href":"https:\/\/arnwiesen.net\/wpt\/wp-json\/wp\/v2\/users\/6"}],"replies":[{"embeddable":true,"href":"https:\/\/arnwiesen.net\/wpt\/wp-json\/wp\/v2\/comments?post=2816"}],"version-history":[{"count":4,"href":"https:\/\/arnwiesen.net\/wpt\/wp-json\/wp\/v2\/posts\/2816\/revisions"}],"predecessor-version":[{"id":3596,"href":"https:\/\/arnwiesen.net\/wpt\/wp-json\/wp\/v2\/posts\/2816\/revisions\/3596"}],"wp:attachment":[{"href":"https:\/\/arnwiesen.net\/wpt\/wp-json\/wp\/v2\/media?parent=2816"}],"wp:term":[{"taxonomy":"category","embeddable":true,"href":"https:\/\/arnwiesen.net\/wpt\/wp-json\/wp\/v2\/categories?post=2816"},{"taxonomy":"post_tag","embeddable":true,"href":"https:\/\/arnwiesen.net\/wpt\/wp-json\/wp\/v2\/tags?post=2816"}],"curies":[{"name":"wp","href":"https:\/\/api.w.org\/{rel}","templated":true}]}}