{"id":2812,"date":"2011-07-09T20:56:00","date_gmt":"2011-07-09T18:56:00","guid":{"rendered":"https:\/\/arnwiesen.net\/wpt\/?p=2812"},"modified":"2022-07-08T15:08:56","modified_gmt":"2022-07-08T13:08:56","slug":"2011-holten-itu-triathlon-premium-european-cup","status":"publish","type":"post","link":"https:\/\/arnwiesen.net\/wpt\/2011\/2011-holten-itu-triathlon-premium-european-cup\/","title":{"rendered":"2011 Holten ITU Triathlon Premium European Cup"},"content":{"rendered":"\n<p><strong>F\u00fcnf Sportler des TCKJ in Holten<\/strong><\/p>\n\n\n\n<p>Am Samstag, den 9. Juli gab es bei wechselnden Wetter wieder den Startschu\u00df zu den Triathlonveranstaltungen in Holten. F\u00fcnf Aktive des TC K\u00f6ln-Jena gingen zusammen mit weit \u00fcber 1.000 Sportlern an den Start.<\/p>\n\n\n\n<p>Ein halbes Jahr vorher sind die Teilnehmer aus den Bewerbungen herausgelost worden. Cossi, Rosi, Michael und Richard bekamen sofort einen Startplatz f\u00fcr die Version &#8222;Achtste&#8220;. In Zahlen ausgedr\u00fcckt hie\u00df es in diesem Jahr: 500 Meter schwimmen, 23,600 km radfahren und 5,300 km laufen.<\/p>\n\n\n<div class=\"wp-block-image\">\n<figure class=\"aligncenter size-full\"><img loading=\"lazy\" decoding=\"async\" width=\"480\" height=\"360\" src=\"https:\/\/arnwiesen.net\/wpt\/wp-content\/uploads\/2011\/Holten_TCKJ-kl.jpg\" alt=\"\" class=\"wp-image-1080\" srcset=\"https:\/\/arnwiesen.net\/wpt\/wp-content\/uploads\/2011\/Holten_TCKJ-kl.jpg 480w, https:\/\/arnwiesen.net\/wpt\/wp-content\/uploads\/2011\/Holten_TCKJ-kl-300x225.jpg 300w\" sizes=\"auto, (max-width: 480px) 85vw, 480px\" \/><figcaption>Richard &#8211; das 1. Mal in Holten und dann gleich auf&#8217;s Treppchen<\/figcaption><\/figure>\n<\/div>\n\n\n<!--more-->\n\n\n\n<p>Atze, der in der Version &#8222;Kwart&#8220; also &#8222;1\/4&#8220; startete, kam \u00fcber das Nachr\u00fcckverfahren noch in das Starterfeld. Es bedeutete f\u00fcr ihn: er mu\u00dfte die ungef\u00e4hr die doppelte Strecke bew\u00e4ltigen. Nach 1.000 Meterschwimmen und 42,000 km radfahren gab es dann 10,600 km laufen.&nbsp;<\/p>\n\n\n\n<p>Am Nachmittag gab es f\u00fcr eine kurze Zeit einen heftigen Regenschauer, bevor sich die Sonne entg\u00fcltig durchsetzte. Somit hatten alle, bis auf Ulrich, gutes Wetter bei ihren jeweiligen Starts.<\/p>\n\n\n\n<p>Das Schwimmen war f\u00fcr alle Teilnahmer gut zu bew\u00e4ltigen gewesen. Die ersten Herausforde-rungen waren dann bei dem Radfahren die etlichen Steigungen rund um den Holtener Berg. Hierbei gab es schon an so mancher Stellen aufmunternde Rufe der Zuschauer. Dies tat Rosi in diesem Jahr bei dem Radfahren besonders gut. Denn durch einen Ketteschaden verlor Sie ungef\u00e4hr 5 Minuten. Nach dem Radfahren ging es f\u00fcr alle zum Laufen in der Stadt. Dort war die Stimmung einmalig gut. Wie in den vergangenen Jahre waren die Sportler in einer Veranstaltungszeitung aufgelistet. So gab das es auch h\u00e4ufig namentliche Anfeuerungsrufe.<\/p>\n\n\n\n<p>F\u00fcr die Aktiven war es schon ein besonderer Wettkampf. Eine perfekte Organisation, eine sportliche Herausforderung und dann diese Atmosph\u00e4re. Alle haben das sehr genossen.<\/p>\n\n\n\n<p>&#8211; Einen Herzlichen Dank an Holten! &#8211;<\/p>\n\n\n\n<p><strong>Officieuze uitslagen 2011 Holten ITU Triathlon Premium European Cup<\/strong><\/p>\n\n\n\n<p><strong>Achste &#8211; 500 m &#8211; 23,6 km &#8211; 5.300 m<\/strong><\/p>\n\n\n\n<figure class=\"wp-block-table\"><table><tbody><tr><td>Starter<\/td><td>Platz<\/td><td>Schwimmen<\/td><td>Rad<\/td><td>Laufen<\/td><td>gesamt<\/td><\/tr><tr><td>Cossi<\/td><td>302.<\/td><td>00:13:12<\/td><td>00:55:24<\/td><td>00:31:16<\/td><td>01:44:13<\/td><\/tr><tr><td>Michael<\/td><td>328.<\/td><td>00:13:31<\/td><td>00:54:32<\/td><td>00:34:00<\/td><td>01:47:43<\/td><\/tr><tr><td>Rosi<\/td><td>362.<\/td><td>00:14:35<\/td><td>01:07:33<\/td><td>00:30:52<\/td><td>01:57:51<\/td><\/tr><tr><td>Richard<\/td><td>366.<\/td><td>00:12:32<\/td><td>01:09:33<\/td><td>00:35:16<\/td><td>02:03:08<\/td><\/tr><\/tbody><\/table><\/figure>\n\n\n\n<p><strong>Kwart &#8211; 1000 m &#8211; 42 km &#8211; 10.000 m<\/strong><\/p>\n\n\n\n<figure class=\"wp-block-table\"><table><tbody><tr><td>Starter<\/td><td>Platz<\/td><td>Schwimmen<\/td><td>Rad<\/td><td>Laufen<\/td><td>gesamt<\/td><\/tr><tr><td>Atze<\/td><td>91.<\/td><td>00:24:24<\/td><td>01:22:52<\/td><td>00:54:17<\/td><td>02:45:18<\/td><\/tr><\/tbody><\/table><\/figure>\n\n\n\n<p>Die Ergebnisse mit Videoclips aller Teilnehmer findet sich auf der Seite von Triathlon Holten.<\/p>\n\n\n\n<p><a href=\"http:\/\/triathlonholten.nl\/uitslag\/images\/headerlf.jpg\">results 2011<\/a><\/p>\n\n\n\n<p>Es gibt bereits einen ausf\u00fchrlichen Bericht von Richard in dem auch ein Bild von ihm und der besten Deutschen im Achste, Rosi, zu sehen ist. Hier folgen nun, nicht ganz zeitnah, weitere Fotos.<\/p>\n\n\n<div class=\"wp-block-image\">\n<figure class=\"aligncenter size-full\"><img loading=\"lazy\" decoding=\"async\" width=\"345\" height=\"460\" src=\"https:\/\/arnwiesen.net\/wpt\/wp-content\/uploads\/2011\/holten_1-1.jpg\" alt=\"\" class=\"wp-image-3511\" srcset=\"https:\/\/arnwiesen.net\/wpt\/wp-content\/uploads\/2011\/holten_1-1.jpg 345w, https:\/\/arnwiesen.net\/wpt\/wp-content\/uploads\/2011\/holten_1-1-225x300.jpg 225w\" sizes=\"auto, (max-width: 345px) 85vw, 345px\" \/><figcaption>Atze (Kwart) und Cossi (Achste)<\/figcaption><\/figure>\n<\/div>\n\n\n<p>&nbsp;Die besten Deutschen feiern&nbsp;den Erfolg auf dem Campingplatz:<\/p>\n\n\n\n<p>Atze (Kwart) und Cossi (Achste)<\/p>\n\n\n<div class=\"wp-block-image\">\n<figure class=\"aligncenter size-full\"><img loading=\"lazy\" decoding=\"async\" width=\"345\" height=\"460\" src=\"https:\/\/arnwiesen.net\/wpt\/wp-content\/uploads\/2011\/holten_3-1.jpg\" alt=\"\" class=\"wp-image-3510\" srcset=\"https:\/\/arnwiesen.net\/wpt\/wp-content\/uploads\/2011\/holten_3-1.jpg 345w, https:\/\/arnwiesen.net\/wpt\/wp-content\/uploads\/2011\/holten_3-1-225x300.jpg 225w\" sizes=\"auto, (max-width: 345px) 85vw, 345px\" \/><\/figure>\n<\/div>\n\n\n<p>&nbsp;Michael, der bereits 4 mal bester Deutscher im Achste war, musste sich diesmal mit dem 2. Platz begn\u00fcgen. Er&nbsp;war aber nach einer langen Verletzungspause mit seiner Leistung zufrieden.<\/p>\n\n\n<div class=\"wp-block-image\">\n<figure class=\"aligncenter\"><img decoding=\"async\" src=\"https:\/\/arnwiesen.net\/wpt\/wp-content\/uploads\/2011\/holten_4.jpg\" alt=\"\"\/><\/figure>\n<\/div>\n\n\n<p>Vorbereitung vor dem Wettkampf<\/p>\n\n\n<div class=\"wp-block-image\">\n<figure class=\"aligncenter\"><img decoding=\"async\" src=\"https:\/\/arnwiesen.net\/wpt\/wp-content\/uploads\/2011\/holten_5.jpg\" alt=\"\"\/><\/figure>\n<\/div>\n\n\n<p>Hier die zahlreich angereisten Fans, die die Aktiven zu&nbsp;H\u00f6chstleistungen trieben,<\/p>\n\n\n<div class=\"wp-block-image\">\n<figure class=\"aligncenter\"><img decoding=\"async\" src=\"https:\/\/arnwiesen.net\/wpt\/wp-content\/uploads\/2011\/holten_6.jpg\" alt=\"\"\/><\/figure>\n<\/div>\n\n\n<p>auch wenn die Anfeuerungsrufe im Hexenkessel von Holten untergingen,<\/p>\n\n\n<div class=\"wp-block-image\">\n<figure class=\"aligncenter\"><img decoding=\"async\" src=\"https:\/\/arnwiesen.net\/wpt\/wp-content\/uploads\/2011\/holten_7a.jpg\" alt=\"\"\/><\/figure>\n<\/div>\n\n\n<p>und leider die Ohren der Aktiven nicht erreichten.<\/p>\n\n\n<div class=\"wp-block-image\">\n<figure class=\"aligncenter size-full\"><img decoding=\"async\" src=\"https:\/\/arnwiesen.net\/wpt\/wp-content\/uploads\/2011\/holten_2-1.jpg\" alt=\"\" class=\"wp-image-3514\"\/><\/figure>\n<\/div>\n\n\n<p>&nbsp;Hier nochmal die besten Deutschen, diesmal mit eingezogenen B\u00e4uchen.<\/p>\n","protected":false},"excerpt":{"rendered":"<p>F\u00fcnf Sportler des TCKJ in Holten Am Samstag, den 9. Juli gab es bei wechselnden Wetter wieder den Startschu\u00df zu den Triathlonveranstaltungen in Holten. F\u00fcnf Aktive des TC K\u00f6ln-Jena gingen zusammen mit weit \u00fcber 1.000 Sportlern an den Start. Ein halbes Jahr vorher sind die Teilnehmer aus den Bewerbungen herausgelost worden. Cossi, Rosi, Michael und &hellip; <a href=\"https:\/\/arnwiesen.net\/wpt\/2011\/2011-holten-itu-triathlon-premium-european-cup\/\" class=\"more-link\"><span class=\"screen-reader-text\">\u201e2011 Holten ITU Triathlon Premium European Cup\u201c<\/span> weiterlesen<\/a><\/p>\n","protected":false},"author":1,"featured_media":0,"comment_status":"closed","ping_status":"open","sticky":false,"template":"","format":"standard","meta":{"footnotes":""},"categories":[16],"tags":[138,137,135,136],"class_list":["post-2812","post","type-post","status-publish","format-standard","hentry","category-berichte-2011","tag-1-4-triathlon","tag-1-8-triathlon","tag-holten","tag-triathlon"],"_links":{"self":[{"href":"https:\/\/arnwiesen.net\/wpt\/wp-json\/wp\/v2\/posts\/2812","targetHints":{"allow":["GET"]}}],"collection":[{"href":"https:\/\/arnwiesen.net\/wpt\/wp-json\/wp\/v2\/posts"}],"about":[{"href":"https:\/\/arnwiesen.net\/wpt\/wp-json\/wp\/v2\/types\/post"}],"author":[{"embeddable":true,"href":"https:\/\/arnwiesen.net\/wpt\/wp-json\/wp\/v2\/users\/1"}],"replies":[{"embeddable":true,"href":"https:\/\/arnwiesen.net\/wpt\/wp-json\/wp\/v2\/comments?post=2812"}],"version-history":[{"count":4,"href":"https:\/\/arnwiesen.net\/wpt\/wp-json\/wp\/v2\/posts\/2812\/revisions"}],"predecessor-version":[{"id":3515,"href":"https:\/\/arnwiesen.net\/wpt\/wp-json\/wp\/v2\/posts\/2812\/revisions\/3515"}],"wp:attachment":[{"href":"https:\/\/arnwiesen.net\/wpt\/wp-json\/wp\/v2\/media?parent=2812"}],"wp:term":[{"taxonomy":"category","embeddable":true,"href":"https:\/\/arnwiesen.net\/wpt\/wp-json\/wp\/v2\/categories?post=2812"},{"taxonomy":"post_tag","embeddable":true,"href":"https:\/\/arnwiesen.net\/wpt\/wp-json\/wp\/v2\/tags?post=2812"}],"curies":[{"name":"wp","href":"https:\/\/api.w.org\/{rel}","templated":true}]}}