{"id":2806,"date":"2011-06-14T20:52:00","date_gmt":"2011-06-14T18:52:00","guid":{"rendered":"https:\/\/arnwiesen.net\/wpt\/?p=2806"},"modified":"2022-07-08T08:45:56","modified_gmt":"2022-07-08T06:45:56","slug":"99-fietselfstedentocht-2011","status":"publish","type":"post","link":"https:\/\/arnwiesen.net\/wpt\/2011\/99-fietselfstedentocht-2011\/","title":{"rendered":"99. Fietselfstedentocht 2011"},"content":{"rendered":"\n<p><strong>Mit dem THC-Express aus Westerkappeln bei der 99. Friesischen Elf St\u00e4dte Fahrradtour<\/strong><\/p>\n\n\n\n<p>Vielleicht ist das Wetter zum 100. Jubil\u00e4um im n\u00e4chsten Jahr besser &#8211; Regen&nbsp;und Wind waren&nbsp;dieses Jahr auch nicht gerade einladend. Vieleicht auch ein Grund, wieso von den 15.000&nbsp;Startberechtigten nur 13.095 die Startlinie passierten.&nbsp;Ab 5:00 Uhr wurde gestartet, alle 8 Minuten ein Starterfeld mit 600 Radlern &#8211; und das bis 8:00 Uhr.<\/p>\n\n\n<div class=\"wp-block-image\">\n<figure class=\"aligncenter size-full\"><img loading=\"lazy\" decoding=\"async\" width=\"480\" height=\"360\" src=\"https:\/\/arnwiesen.net\/wpt\/wp-content\/uploads\/2011\/11-stede\/start.jpg\" alt=\"\" class=\"wp-image-1086\" srcset=\"https:\/\/arnwiesen.net\/wpt\/wp-content\/uploads\/2011\/11-stede\/start.jpg 480w, https:\/\/arnwiesen.net\/wpt\/wp-content\/uploads\/2011\/11-stede\/start-300x225.jpg 300w\" sizes=\"auto, (max-width: 480px) 85vw, 480px\" \/><\/figure>\n<\/div>\n\n\n<p>Bolsward &#8211; das muntert auf &#8211; 05:56 Uhr, Nieselregen, Wind 4 bis 5 aus S\u00fcd&nbsp;und &#8222;nog 240 km&#8220; bis zum Ziel<\/p>\n\n\n\n<!--more-->\n\n\n\n<p>Den 1. Platten hatte der THC-Express gleich nach dem Start. Platten waren an der Tagesordnung &#8211; allein in meiner Zeitzone mindestens&nbsp;einer pro Kilometer. Bei Nieselregen ging es nach Harlingen. Heinz und ich in unserem Tempo &#8211; der THC-Express war uns zu schnell.<\/p>\n\n\n<div class=\"wp-block-image\">\n<figure class=\"aligncenter size-full\"><img loading=\"lazy\" decoding=\"async\" width=\"480\" height=\"360\" src=\"https:\/\/arnwiesen.net\/wpt\/wp-content\/uploads\/2011\/11-stede\/bolsward.jpg\" alt=\"\" class=\"wp-image-3462\" srcset=\"https:\/\/arnwiesen.net\/wpt\/wp-content\/uploads\/2011\/11-stede\/bolsward.jpg 480w, https:\/\/arnwiesen.net\/wpt\/wp-content\/uploads\/2011\/11-stede\/bolsward-300x225.jpg 300w\" sizes=\"auto, (max-width: 480px) 85vw, 480px\" \/><\/figure>\n<\/div>\n\n\n<p>Um&nbsp;9:20 erreichen wir Holwerd &#8211; den n\u00f6rdlichsten Punkt der Tour &#8211; jetzt hei\u00dft es: 90 km mal mehr &#8211; mal weniger stark gegen den Wind nach S\u00fcden. In Dokkum treffen wir den Express wieder &#8211; im Stra\u00dfencafe bei belegten&nbsp;Br\u00f6tchen und hei\u00dfem Kakao, keine schlechte Idee.&nbsp;Vor Leeuwarden l\u00e4\u00dft Heinz, noch nicht wieder bei gewohnter Fitness, abrei\u00dfen.&nbsp;Auch ein Pott&nbsp;Kaffee&nbsp;hilft nur wenig und so ist f\u00fcr ihn nach der Halbzeit in Bolsward Schlu\u00df.<\/p>\n\n\n<div class=\"wp-block-image\">\n<figure class=\"aligncenter size-full\"><img loading=\"lazy\" decoding=\"async\" width=\"480\" height=\"360\" src=\"https:\/\/arnwiesen.net\/wpt\/wp-content\/uploads\/2011\/11-stede\/leeuwarden.jpg\" alt=\"\" class=\"wp-image-3463\" srcset=\"https:\/\/arnwiesen.net\/wpt\/wp-content\/uploads\/2011\/11-stede\/leeuwarden.jpg 480w, https:\/\/arnwiesen.net\/wpt\/wp-content\/uploads\/2011\/11-stede\/leeuwarden-300x225.jpg 300w\" sizes=\"auto, (max-width: 480px) 85vw, 480px\" \/><figcaption>Heinz und Nikolai bei der Kontrolle in Leeuwarden<\/figcaption><\/figure>\n<\/div>\n\n\n<p>Gegen Wind und Wetter strampel ich mich weiter nach S\u00fcden. Die vorbei ziehenden Radgruppen sind ge\u00fcbt und zu schnell. Ein Aufspringen auf den vorbeifahrenden Zug kostet unn\u00f6tig Kraft und bringt mir nicht viel. So trete ich meine Kurbel, mach keine Pausen und habe doch glatt nach 7 Stunden am s\u00fcdlichen Wendepunkt den THC-Express wieder. Wieviel &#8222;Warm Appelgebak met Slagroom&#8220; und Kakao mit Rum die haben, will ich ja garnicht wissen.<\/p>\n\n\n<div class=\"wp-block-image\">\n<figure class=\"aligncenter size-full\"><img loading=\"lazy\" decoding=\"async\" width=\"480\" height=\"360\" src=\"https:\/\/arnwiesen.net\/wpt\/wp-content\/uploads\/2011\/11-stede\/oude_mirdum.jpg\" alt=\"\" class=\"wp-image-3464\" srcset=\"https:\/\/arnwiesen.net\/wpt\/wp-content\/uploads\/2011\/11-stede\/oude_mirdum.jpg 480w, https:\/\/arnwiesen.net\/wpt\/wp-content\/uploads\/2011\/11-stede\/oude_mirdum-300x225.jpg 300w\" sizes=\"auto, (max-width: 480px) 85vw, 480px\" \/><figcaption>Oudemirdum &#8211; der s\u00fcdlichste Punkt &#8211; nach fast 200 km habe ich wieder Anschluss an den THC-Express<\/figcaption><\/figure>\n<\/div>\n\n\n<p>Ich fahre auch gleich weiter &#8211; in Hindeloopen sehen wir uns ja wieder. Es geht nach West und ab Stavoren mit R\u00fcckenwind zum Ziel. In Hindelopen seh ich kein gelb-rotes THC-Trikot und so geht&#8217;s ungebremst weiter. 5 km vor dem Ziel, ein Klapps auf die Schulter, da waren sie &#8211; mit Tempo 30 Richtung Ziellinie. Na gut &#8211; dann halt so, Gasgeben und dranbleiben. Um 20:00 sind wir im Ziel &#8211; Friedel schon zum 6. Mal.<\/p>\n\n\n<div class=\"wp-block-image\">\n<figure class=\"aligncenter size-full\"><img loading=\"lazy\" decoding=\"async\" width=\"480\" height=\"360\" src=\"https:\/\/arnwiesen.net\/wpt\/wp-content\/uploads\/2011\/11-stede\/ziel.jpg\" alt=\"\" class=\"wp-image-1088\" srcset=\"https:\/\/arnwiesen.net\/wpt\/wp-content\/uploads\/2011\/11-stede\/ziel.jpg 480w, https:\/\/arnwiesen.net\/wpt\/wp-content\/uploads\/2011\/11-stede\/ziel-300x225.jpg 300w\" sizes=\"auto, (max-width: 480px) 85vw, 480px\" \/><figcaption>5 der 12.093 die 2011 gefinished haben (Friedel 2. v.r.\u00a0schon zum 6. Mal)<\/figcaption><\/figure>\n<\/div>\n\n<div class=\"wp-block-image\">\n<figure class=\"aligncenter size-full\"><img loading=\"lazy\" decoding=\"async\" width=\"480\" height=\"360\" src=\"https:\/\/arnwiesen.net\/wpt\/wp-content\/uploads\/2011\/11-stede\/stempelkarte.jpg\" alt=\"\" class=\"wp-image-1087\" srcset=\"https:\/\/arnwiesen.net\/wpt\/wp-content\/uploads\/2011\/11-stede\/stempelkarte.jpg 480w, https:\/\/arnwiesen.net\/wpt\/wp-content\/uploads\/2011\/11-stede\/stempelkarte-300x225.jpg 300w\" sizes=\"auto, (max-width: 480px) 85vw, 480px\" \/><\/figure>\n<\/div>\n\n\n<figure class=\"wp-block-table\"><table><tbody><tr><td>Distanz (An- und Abfahrt vom Parkplatz)<\/td><td>250 km<\/td><\/tr><tr><td>Fahrtzeit<\/td><td>11 h 45 min<\/td><\/tr><tr><td>avg. Geschwindigkeit<\/td><td>21,1 km\/h<\/td><\/tr><tr><td>max. Geschwindigkeit<\/td><td>36,4 km\/h<\/td><\/tr><tr><td>avg. Trittfrequienz<\/td><td>74<\/td><\/tr><tr><td>Herzfrequenz<\/td><td>133<\/td><\/tr><tr><td>Verbrauch<\/td><td>8097 Kcal<\/td><\/tr><\/tbody><\/table><\/figure>\n\n\n\n<p>Wie auf der Seite des Veranstalters zu lesen war,&nbsp;haben die miserablen Wetteraussichten nicht nur einige Startberechtigte verschreckt, auch die durchschnittliche Fahrtzeit lag gut eine Stunde unter dem \u00fcblichen Wert &#8211; und das bei der Technik die da am Start war.<\/p>\n\n\n\n<p>noch mehr Fotos:<\/p>\n\n\n\n<p><a href=\"https:\/\/goo.gl\/photos\/t4sc89txdxsxcrpDA\">Alben-Google Fotos<\/a><\/p>\n\n\n\n<p>und ein Clip bei Youtube:<\/p>\n\n\n\n<figure class=\"wp-block-embed is-type-video is-provider-youtube wp-block-embed-youtube wp-embed-aspect-16-9 wp-has-aspect-ratio\"><div class=\"wp-block-embed__wrapper\">\n<iframe loading=\"lazy\" title=\"Fietselfstedentocht 2011\" width=\"840\" height=\"473\" src=\"https:\/\/www.youtube.com\/embed\/-IQDwYiTuks?feature=oembed\" frameborder=\"0\" allow=\"accelerometer; autoplay; clipboard-write; encrypted-media; gyroscope; picture-in-picture\" allowfullscreen><\/iframe>\n<\/div><\/figure>\n","protected":false},"excerpt":{"rendered":"<p>Mit dem THC-Express aus Westerkappeln bei der 99. Friesischen Elf St\u00e4dte Fahrradtour Vielleicht ist das Wetter zum 100. Jubil\u00e4um im n\u00e4chsten Jahr besser &#8211; Regen&nbsp;und Wind waren&nbsp;dieses Jahr auch nicht gerade einladend. Vieleicht auch ein Grund, wieso von den 15.000&nbsp;Startberechtigten nur 13.095 die Startlinie passierten.&nbsp;Ab 5:00 Uhr wurde gestartet, alle 8 Minuten ein Starterfeld mit &hellip; <a href=\"https:\/\/arnwiesen.net\/wpt\/2011\/99-fietselfstedentocht-2011\/\" class=\"more-link\"><span class=\"screen-reader-text\">\u201e99. Fietselfstedentocht 2011\u201c<\/span> weiterlesen<\/a><\/p>\n","protected":false},"author":1,"featured_media":0,"comment_status":"closed","ping_status":"open","sticky":false,"template":"","format":"standard","meta":{"footnotes":""},"categories":[16],"tags":[115,113,112,116,117,114],"class_list":["post-2806","post","type-post","status-publish","format-standard","hentry","category-berichte-2011","tag-bolsward","tag-elfstedentocht","tag-fietselfstedentocht","tag-leuwarden","tag-marathon","tag-radmarathon"],"_links":{"self":[{"href":"https:\/\/arnwiesen.net\/wpt\/wp-json\/wp\/v2\/posts\/2806","targetHints":{"allow":["GET"]}}],"collection":[{"href":"https:\/\/arnwiesen.net\/wpt\/wp-json\/wp\/v2\/posts"}],"about":[{"href":"https:\/\/arnwiesen.net\/wpt\/wp-json\/wp\/v2\/types\/post"}],"author":[{"embeddable":true,"href":"https:\/\/arnwiesen.net\/wpt\/wp-json\/wp\/v2\/users\/1"}],"replies":[{"embeddable":true,"href":"https:\/\/arnwiesen.net\/wpt\/wp-json\/wp\/v2\/comments?post=2806"}],"version-history":[{"count":4,"href":"https:\/\/arnwiesen.net\/wpt\/wp-json\/wp\/v2\/posts\/2806\/revisions"}],"predecessor-version":[{"id":3466,"href":"https:\/\/arnwiesen.net\/wpt\/wp-json\/wp\/v2\/posts\/2806\/revisions\/3466"}],"wp:attachment":[{"href":"https:\/\/arnwiesen.net\/wpt\/wp-json\/wp\/v2\/media?parent=2806"}],"wp:term":[{"taxonomy":"category","embeddable":true,"href":"https:\/\/arnwiesen.net\/wpt\/wp-json\/wp\/v2\/categories?post=2806"},{"taxonomy":"post_tag","embeddable":true,"href":"https:\/\/arnwiesen.net\/wpt\/wp-json\/wp\/v2\/tags?post=2806"}],"curies":[{"name":"wp","href":"https:\/\/api.w.org\/{rel}","templated":true}]}}