{"id":2804,"date":"2011-06-09T20:51:00","date_gmt":"2011-06-09T18:51:00","guid":{"rendered":"https:\/\/arnwiesen.net\/wpt\/?p=2804"},"modified":"2022-07-12T13:21:26","modified_gmt":"2022-07-12T11:21:26","slug":"39-rennsteiglauf-cross-marathon","status":"publish","type":"post","link":"https:\/\/arnwiesen.net\/wpt\/2011\/39-rennsteiglauf-cross-marathon\/","title":{"rendered":"39. Rennsteiglauf &#8230; (Cross-) Marathon"},"content":{"rendered":"\n<p>&#8230; wieder lockte eine Herausforderung\u00a0und so starteten in diesem Jahr\u00a0Henry und Atze\u00a0gemeinsam mit den Kollegen aus der Jenaer Trainingsgruppe (Micha S. und Uwe K.) beim Rennsteig-Marathon \u00fcber 43,5 km !<\/p>\n\n\n\n<p>der Traingseifer von Henry ist ja legend\u00e4r und so absolvierte er im Vorfeld des Laufes in diesem Jahr ca.&nbsp;400 km ! &#8230; w\u00e4hrend Atze wiedermal nur das N\u00f6tigste tat (auch von 2 Krankheitsphasen unterbrochen &#8230;)<\/p>\n\n\n<div class=\"wp-block-image\">\n<figure class=\"aligncenter size-full\"><img loading=\"lazy\" decoding=\"async\" width=\"480\" height=\"142\" src=\"https:\/\/arnwiesen.net\/wpt\/wp-content\/uploads\/2011\/rennsteig\/dsc00739p.jpg\" alt=\"\" class=\"wp-image-1133\" srcset=\"https:\/\/arnwiesen.net\/wpt\/wp-content\/uploads\/2011\/rennsteig\/dsc00739p.jpg 480w, https:\/\/arnwiesen.net\/wpt\/wp-content\/uploads\/2011\/rennsteig\/dsc00739p-300x89.jpg 300w\" sizes=\"auto, (max-width: 480px) 85vw, 480px\" \/><\/figure>\n<\/div>\n\n\n<!--more-->\n\n\n\n<p>in Neuhaus wird man zun\u00e4chst von der angespannten Stimmung in der Starterhalle (gef\u00fchlt: eher ein&nbsp;Ameisenhaufen) eingefangen &#8230;&nbsp;es riecht entpr. streng nach diversen Einreibe-Tinkturen &#8230;<\/p>\n\n\n\n<p>Egal wie &#8211; da standen wir nun gemeinsam mit ca. 2800&nbsp;Gleichgesinnten am Start in Neuhaus und sangen die obligatorischen Lieder zur Einstimmung mit (u.A. nat\u00fcrlich das unvermeidliche&nbsp;<a target=\"_blank\" href=\"http:\/\/www.rennsteigtipp.de\/rennsteiglied.html\" rel=\"noreferrer noopener\"><strong>Rennsteig-Lied<\/strong><\/a>) &#8230;<br>der Hubschrauber kreiste \u00fcber der Szenerie &#8211;&nbsp;&nbsp;<a target=\"_blank\" href=\"http:\/\/www.mdr.de\/thueringen\/8622449-0.html#inhalt-funktion\" rel=\"noreferrer noopener\"><strong>weitere Bilder hier<\/strong><\/a>&nbsp;&#8230;<\/p>\n\n\n<div class=\"wp-block-image\">\n<figure class=\"aligncenter size-full\"><img loading=\"lazy\" decoding=\"async\" width=\"480\" height=\"654\" src=\"https:\/\/arnwiesen.net\/wpt\/wp-content\/uploads\/2011\/rennsteig\/rennsteig_2011_start_marathon.jpg\" alt=\"\" class=\"wp-image-1132\" srcset=\"https:\/\/arnwiesen.net\/wpt\/wp-content\/uploads\/2011\/rennsteig\/rennsteig_2011_start_marathon.jpg 480w, https:\/\/arnwiesen.net\/wpt\/wp-content\/uploads\/2011\/rennsteig\/rennsteig_2011_start_marathon-220x300.jpg 220w\" sizes=\"auto, (max-width: 480px) 85vw, 480px\" \/><\/figure>\n<\/div>\n\n\n<p>danach ging es auf die bergige Strecke, wobei man sich auf den ersten&nbsp;5 km Stra\u00dfe sch\u00f6n in die entspr. Tempogruppen einsortieren kann &#8230; das&nbsp;<a target=\"_blank\" href=\"https:\/\/www.rennsteiglauf.de\/inhalt\/rennsteiglauf\/strecken\/download\/marathon.pdf\" rel=\"noreferrer noopener\"><strong>Profil<\/strong><\/a>&nbsp;zeigt es an &#8211; danach&nbsp;macht man ordentlich H\u00f6henmeter !<\/p>\n\n\n\n<p>Atze erzielte eine gewisse &#8222;Punktlandung&#8220; was die Endzeit nach 43,5 km angeht &#8230;&nbsp;<strong><em>4 h 32 min<\/em><\/strong>&nbsp;&nbsp; bei einer pers\u00f6nlichen Vorgabe von 4 h 35 min ! &#8230; allerdings musste der schwierigen Strecke&nbsp;wie erwartet ab ca.&nbsp;Kilometer 30 Tribut gezollt werden &#8211; in Form von schmerzenden Gliedma\u00dfen und zunehmender Ersch\u00f6pfung &#8230; ansonsten kammen&nbsp;aber&nbsp;auch die anderen 3 L\u00e4ufer aus der Trainingstruppe mit ordentlicher Zeit und (nur) mehr oder weniger ersch\u00f6pft&nbsp; ins Ziel &#8230; nach kurzem &#8222;Sch\u00fctteln&#8220; wurden dann gemeinsam mehrere wohlverdiente Biere gezischt !<\/p>\n\n\n\n<p>hier noch einige&nbsp;<a target=\"_blank\" href=\"http:\/\/www.rennsteiglauf.de\/index\/rennsteiglauf\/news\/index.html\" rel=\"noreferrer noopener\"><strong>offizielle Infos<\/strong><\/a>&nbsp;zum Lauf bei dem wieder insgesamt auf allen Strecken \u00fcber 14000 Mann am Start waren ! &#8230; ggf. werden noch ein paar pers\u00f6nliche Fotos erg\u00e4nzt !<\/p>\n\n\n\n<hr class=\"wp-block-separator has-alpha-channel-opacity\"\/>\n\n\n\n<p>Wissenschaftliche Erkenntnisse zur Geschichte des Rennsteiglaufs:<\/p>\n\n\n\n<p><a href=\"http:\/\/www.germanroadraces.de\/274-0-23455-jenaer-sporthistoriker-haben-den-aeltesten-rennsteiglauf-entdeckt.html\">http:\/\/www.germanroadraces.de\/274-0-23455-jenaer-sporthistoriker-haben-den-aeltesten-rennsteiglauf-entdeckt.html<\/a><\/p>\n","protected":false},"excerpt":{"rendered":"<p>&#8230; wieder lockte eine Herausforderung\u00a0und so starteten in diesem Jahr\u00a0Henry und Atze\u00a0gemeinsam mit den Kollegen aus der Jenaer Trainingsgruppe (Micha S. und Uwe K.) beim Rennsteig-Marathon \u00fcber 43,5 km ! der Traingseifer von Henry ist ja legend\u00e4r und so absolvierte er im Vorfeld des Laufes in diesem Jahr ca.&nbsp;400 km ! &#8230; w\u00e4hrend Atze wiedermal &hellip; <a href=\"https:\/\/arnwiesen.net\/wpt\/2011\/39-rennsteiglauf-cross-marathon\/\" class=\"more-link\"><span class=\"screen-reader-text\">\u201e39. Rennsteiglauf &#8230; (Cross-) Marathon\u201c<\/span> weiterlesen<\/a><\/p>\n","protected":false},"author":4,"featured_media":0,"comment_status":"closed","ping_status":"open","sticky":false,"template":"","format":"standard","meta":{"footnotes":""},"categories":[16],"tags":[150,123,117,42],"class_list":["post-2804","post","type-post","status-publish","format-standard","hentry","category-berichte-2011","tag-crosslauf","tag-halbmarathon","tag-marathon","tag-rennsteig"],"_links":{"self":[{"href":"https:\/\/arnwiesen.net\/wpt\/wp-json\/wp\/v2\/posts\/2804","targetHints":{"allow":["GET"]}}],"collection":[{"href":"https:\/\/arnwiesen.net\/wpt\/wp-json\/wp\/v2\/posts"}],"about":[{"href":"https:\/\/arnwiesen.net\/wpt\/wp-json\/wp\/v2\/types\/post"}],"author":[{"embeddable":true,"href":"https:\/\/arnwiesen.net\/wpt\/wp-json\/wp\/v2\/users\/4"}],"replies":[{"embeddable":true,"href":"https:\/\/arnwiesen.net\/wpt\/wp-json\/wp\/v2\/comments?post=2804"}],"version-history":[{"count":2,"href":"https:\/\/arnwiesen.net\/wpt\/wp-json\/wp\/v2\/posts\/2804\/revisions"}],"predecessor-version":[{"id":3498,"href":"https:\/\/arnwiesen.net\/wpt\/wp-json\/wp\/v2\/posts\/2804\/revisions\/3498"}],"wp:attachment":[{"href":"https:\/\/arnwiesen.net\/wpt\/wp-json\/wp\/v2\/media?parent=2804"}],"wp:term":[{"taxonomy":"category","embeddable":true,"href":"https:\/\/arnwiesen.net\/wpt\/wp-json\/wp\/v2\/categories?post=2804"},{"taxonomy":"post_tag","embeddable":true,"href":"https:\/\/arnwiesen.net\/wpt\/wp-json\/wp\/v2\/tags?post=2804"}],"curies":[{"name":"wp","href":"https:\/\/api.w.org\/{rel}","templated":true}]}}