{"id":2802,"date":"2011-06-05T20:50:00","date_gmt":"2011-06-05T18:50:00","guid":{"rendered":"https:\/\/arnwiesen.net\/wpt\/?p=2802"},"modified":"2022-07-17T21:15:33","modified_gmt":"2022-07-17T19:15:33","slug":"sportliches-wochenende-im-teutoburger-wald","status":"publish","type":"post","link":"https:\/\/arnwiesen.net\/wpt\/2011\/sportliches-wochenende-im-teutoburger-wald\/","title":{"rendered":"Sportliches Wochenende im Teutoburger Wald"},"content":{"rendered":"\n<p><strong>Tecklenburg-Rundfahrt (<strong>Tecklenburgtocht<\/strong><\/strong>)<strong>, Gr\u00f6negau Triathlon Melle und Tuchmacher RTF Bramsche<\/strong><\/p>\n\n\n\n<p>Am Samstag standen 2 RTFs auf dem Programm, wobei die Tecklenburg Rundfahrt des niederl\u00e4ndischen &#8222;Fiets&nbsp;Tour Club CC&#8217;75 Nijverdal&#8220; mit fast 3000 H\u00f6henmeter auf der 160 km Route ein besonderes Highlight f\u00fcr die Flachl\u00e4nder ist. Unter den 2400 Starten auch 3 vom TC-K\u00f6ln-Jena &#8211; Werner, Bernhard und Burghard. &nbsp;<\/p>\n\n\n<div class=\"wp-block-image\">\n<figure class=\"aligncenter size-full\"><img loading=\"lazy\" decoding=\"async\" width=\"480\" height=\"193\" src=\"https:\/\/arnwiesen.net\/wpt\/wp-content\/uploads\/2011\/toertocht-tecklenburg-kl.jpg\" alt=\"\" class=\"wp-image-1065\" srcset=\"https:\/\/arnwiesen.net\/wpt\/wp-content\/uploads\/2011\/toertocht-tecklenburg-kl.jpg 480w, https:\/\/arnwiesen.net\/wpt\/wp-content\/uploads\/2011\/toertocht-tecklenburg-kl-300x121.jpg 300w\" sizes=\"auto, (max-width: 480px) 85vw, 480px\" \/><\/figure>\n<\/div>\n\n\n<p>Burghard durch ene Muskelzerrung dehandicapt, musste nach 45 km passen und selbst Bernhard musste zweimal vom Rad.&nbsp;Dass es hier so viele bis zu 25% steile Anstiege gibt, war auch ihm&nbsp;neu. Nach \u00fcber 110 km und 1650 H\u00f6henmesser war dies auf jeden Fall ein ideales Alpentraining. Im Sommer lockt die Gro\u00df-Glockner-Alpenstra\u00dfe.<\/p>\n\n\n\n<!--more-->\n\n\n\n<p>Ulli, im Training f\u00fcr die &#8222;Friese Elfsteden Rijwieltocht&#8220;,&nbsp;bevorzugte die Bramscher Tuchmacher RTF. Leider verkauften die Bramscher&nbsp;ihre T\u00fccher nicht ins flache&nbsp;Emsland sondern nach Lengerich und Ibbenb\u00fcren. Das bedeutete, von Bramsche schnurrstracks nach S\u00fcden in den Teutoburger Wald und dort hin und her. Nach 550 H\u00f6henmetern, 150 km und 4 RTF Punkte r\u00fcckt&nbsp;Ulli in der RTF-Wertung auf Platz 3.<\/p>\n\n\n\n<p>Am Sonntag startete der 26. Gr\u00f6negau Triathlon in Melle. Cossi, Rosi und Ulli im Einzelstart. Bernhard in der Firmenstaffel der Itebo. Gro\u00dfe Spannung herrschte nur beim Schwimmen. Hier konnte Ulrich alle Angriffe von Cossi parieren und stieg 15 Sekunden eher aus dem Wasser. Beim Radfahren spielte Cossi seine Paradedisziplin aus und konnte sich gegen\u00fcber dem Vorjahr um \u00fcber 4 Minuten verbessern. Wenn das nicht B-Pokal w\u00fcrdig ist.<\/p>\n\n\n<div class=\"wp-block-image\">\n<figure class=\"aligncenter size-full\"><img loading=\"lazy\" decoding=\"async\" width=\"460\" height=\"345\" src=\"https:\/\/arnwiesen.net\/wpt\/wp-content\/uploads\/2011\/melle_2011.jpg\" alt=\"\" class=\"wp-image-1056\" srcset=\"https:\/\/arnwiesen.net\/wpt\/wp-content\/uploads\/2011\/melle_2011.jpg 460w, https:\/\/arnwiesen.net\/wpt\/wp-content\/uploads\/2011\/melle_2011-300x225.jpg 300w\" sizes=\"auto, (max-width: 460px) 85vw, 460px\" \/><\/figure>\n<\/div>\n\n\n<p>Rosi haderte nachher mit sich,&nbsp;\u00fcberholte sie doch beim Schwimmen noch ihren direkten Konkurrenten und verga\u00df dabei das Z\u00e4hlen&nbsp;und schwamm weiter (100 zuviel bzw.&nbsp;3 Minuten). Das Endergebnis um diesen Wert bereinigt liegt Rosi weiterhin vor&nbsp;Ulrich.&nbsp;&nbsp;<\/p>\n\n\n\n<p><strong>26. Meller Triathlon &#8211; 400 m &#8211; 16,6 km &#8211; 5000 m<\/strong><\/p>\n\n\n\n<figure class=\"wp-block-table\"><table><tbody><tr><td>Starter<\/td><td>AK Platz<\/td><td>Platz gesamt<\/td><td>Gesamtzeit<\/td><\/tr><tr><td>Cossi<\/td><td>18.<\/td><td>121.<\/td><td>01:18:25,0<\/td><\/tr><tr><td>Rosi<\/td><td>3.<\/td><td>26.<\/td><td>01:25:38,0 (korrigiert)<\/td><\/tr><tr><td>Ulli<\/td><td>23.<\/td><td>140.<\/td><td>01:27:35,0<\/td><\/tr><\/tbody><\/table><\/figure>\n","protected":false},"excerpt":{"rendered":"<p>Tecklenburg-Rundfahrt (Tecklenburgtocht), Gr\u00f6negau Triathlon Melle und Tuchmacher RTF Bramsche Am Samstag standen 2 RTFs auf dem Programm, wobei die Tecklenburg Rundfahrt des niederl\u00e4ndischen &#8222;Fiets&nbsp;Tour Club CC&#8217;75 Nijverdal&#8220; mit fast 3000 H\u00f6henmeter auf der 160 km Route ein besonderes Highlight f\u00fcr die Flachl\u00e4nder ist. Unter den 2400 Starten auch 3 vom TC-K\u00f6ln-Jena &#8211; Werner, Bernhard und &hellip; <a href=\"https:\/\/arnwiesen.net\/wpt\/2011\/sportliches-wochenende-im-teutoburger-wald\/\" class=\"more-link\"><span class=\"screen-reader-text\">\u201eSportliches Wochenende im Teutoburger Wald\u201c<\/span> weiterlesen<\/a><\/p>\n","protected":false},"author":1,"featured_media":0,"comment_status":"closed","ping_status":"open","sticky":false,"template":"","format":"standard","meta":{"footnotes":""},"categories":[16],"tags":[173,256,172,127,171,170,136,255,141],"class_list":["post-2802","post","type-post","status-publish","format-standard","hentry","category-berichte-2011","tag-bramsche","tag-groenegau-triathlon","tag-melle","tag-rtf","tag-tecklenburg","tag-tecklenburgtocht","tag-triathlon","tag-tuchmacher","tag-volkstriathlon"],"_links":{"self":[{"href":"https:\/\/arnwiesen.net\/wpt\/wp-json\/wp\/v2\/posts\/2802","targetHints":{"allow":["GET"]}}],"collection":[{"href":"https:\/\/arnwiesen.net\/wpt\/wp-json\/wp\/v2\/posts"}],"about":[{"href":"https:\/\/arnwiesen.net\/wpt\/wp-json\/wp\/v2\/types\/post"}],"author":[{"embeddable":true,"href":"https:\/\/arnwiesen.net\/wpt\/wp-json\/wp\/v2\/users\/1"}],"replies":[{"embeddable":true,"href":"https:\/\/arnwiesen.net\/wpt\/wp-json\/wp\/v2\/comments?post=2802"}],"version-history":[{"count":5,"href":"https:\/\/arnwiesen.net\/wpt\/wp-json\/wp\/v2\/posts\/2802\/revisions"}],"predecessor-version":[{"id":3738,"href":"https:\/\/arnwiesen.net\/wpt\/wp-json\/wp\/v2\/posts\/2802\/revisions\/3738"}],"wp:attachment":[{"href":"https:\/\/arnwiesen.net\/wpt\/wp-json\/wp\/v2\/media?parent=2802"}],"wp:term":[{"taxonomy":"category","embeddable":true,"href":"https:\/\/arnwiesen.net\/wpt\/wp-json\/wp\/v2\/categories?post=2802"},{"taxonomy":"post_tag","embeddable":true,"href":"https:\/\/arnwiesen.net\/wpt\/wp-json\/wp\/v2\/tags?post=2802"}],"curies":[{"name":"wp","href":"https:\/\/api.w.org\/{rel}","templated":true}]}}