{"id":2782,"date":"2012-10-20T20:38:00","date_gmt":"2012-10-20T18:38:00","guid":{"rendered":"https:\/\/arnwiesen.net\/wpt\/?p=2782"},"modified":"2022-07-12T09:33:38","modified_gmt":"2022-07-12T07:33:38","slug":"kernberglauf-2012-haertetest","status":"publish","type":"post","link":"https:\/\/arnwiesen.net\/wpt\/2012\/kernberglauf-2012-haertetest\/","title":{"rendered":"Kernberglauf 2012 &#8211; H\u00e4rtetest &#8230;"},"content":{"rendered":"\n<p><strong>Hallo Lauf-Gemeinde!<\/strong><\/p>\n\n\n\n<p>anstatt an diesem 20. Oktober 2012 gem\u00fctlich baden zu gehen (gef\u00fchlt +30\u00b0C) st\u00fcrzten sich einige der Jenaer Freunde (auch unter der Flagge des TCKJ) ins Get\u00fcmmel des Kernberglaufes, der wie immer den ganzen Mann und die ganze Frau forderte !!! &#8230; besonders die &#8222;alten Hasen&#8220; mussten auf den 27 km teils bitteres Lehrgeld zahlen, obwohl die Lehrjahre eigentlich vorbei sein sollten ?! <\/p>\n\n\n\n<p>&#8211; w\u00e4hrend Henry die H\u00e4rte des Muschelkalks zu sp\u00fcren bekam und der schmerzende R\u00fccken seinen Tribut forderte, tappte Atze in die t\u00fcckische Tempo-Falle und sortierte sich in eine zu schnelle Gruppe im ersten Drittel der Strecke ein <\/p>\n\n\n\n<!--more-->\n\n\n\n<p>&#8230; die Folge davon war zwar eine annehmbare Endzeit, aber die Erholungsphase nach dem Lauf musste beinahe ins Sauerstoffzelt verlegt werden!<\/p>\n\n\n<div class=\"wp-block-image\">\n<figure class=\"aligncenter\"><img decoding=\"async\" src=\"https:\/\/arnwiesen.net\/wpt\/wp-content\/uploads\/2012\/kbl\/kbl_2012_2.jpg\" alt=\"Kernberglauf 2012 - Blick zum Uni-Turm\"\/><\/figure>\n<\/div>\n\n\n<p>&#8230; hier ein L\u00e4ufer mit \u00e4hnlicher Renn-Einteilung, der sich nur noch mit den Gedanken an erfrischende Getr\u00e4nke ins Ziel schleppte:<\/p>\n\n\n\n<p>&#8230; auch J\u00f6rg kam mit &#8222;roter Kontroll-Leuchte&#8220; ins Ziel, war aber soweit zufrieden mit sich und fit genug um anschl. sofort 200 km ins heimatliche Erzgebirge zu fahren &#8230;<\/p>\n\n\n\n<p>Die Nachwuchs-Abteilung schlug sich auf den 15 km auch ganz ordentlich! &#8211; Iris als Neuling und Sebastian als Wiederkehrer waren zufrieden mit ihren Zeiten &#8230;<\/p>\n\n\n<div class=\"wp-block-image\">\n<figure class=\"aligncenter\"><img decoding=\"async\" src=\"https:\/\/arnwiesen.net\/wpt\/wp-content\/uploads\/2012\/kbl\/kbl_2012_1.jpg\" alt=\"\"\/><\/figure>\n<\/div>\n\n\n<p>&#8230; n\u00e4chstes Jahr haben wir dann wieder Gelegenheit, uns auf dieser anspruchsvollen Strecke erneut zu beweisen! &#8211; und hoffen auf rege Teilnahme der restlichen TCKJ-Abteilungen!<\/p>\n\n\n\n<p>Willi war wie immer nach erfolgreicher Teilnahme auch sofort am PC aktiv &#8211; hier noch der link zur aktuellen&nbsp;<a rel=\"noreferrer noopener\" href=\"https:\/\/arnwiesen.net\/wpt\/wp-content\/uploads\/2012\/kbl\/kernberglauf_statistik_2012.xls\" target=\"_blank\">KBL-Statistik<\/a>&nbsp;&#8230;<\/p>\n","protected":false},"excerpt":{"rendered":"<p>Hallo Lauf-Gemeinde! anstatt an diesem 20. Oktober 2012 gem\u00fctlich baden zu gehen (gef\u00fchlt +30\u00b0C) st\u00fcrzten sich einige der Jenaer Freunde (auch unter der Flagge des TCKJ) ins Get\u00fcmmel des Kernberglaufes, der wie immer den ganzen Mann und die ganze Frau forderte !!! &#8230; besonders die &#8222;alten Hasen&#8220; mussten auf den 27 km teils bitteres Lehrgeld &hellip; <a href=\"https:\/\/arnwiesen.net\/wpt\/2012\/kernberglauf-2012-haertetest\/\" class=\"more-link\"><span class=\"screen-reader-text\">\u201eKernberglauf 2012 &#8211; H\u00e4rtetest &#8230;\u201c<\/span> weiterlesen<\/a><\/p>\n","protected":false},"author":4,"featured_media":0,"comment_status":"closed","ping_status":"open","sticky":false,"template":"","format":"standard","meta":{"footnotes":""},"categories":[17],"tags":[125,150,123,149],"class_list":["post-2782","post","type-post","status-publish","format-standard","hentry","category-berichte-2012","tag-10km","tag-crosslauf","tag-halbmarathon","tag-kernberglauf"],"_links":{"self":[{"href":"https:\/\/arnwiesen.net\/wpt\/wp-json\/wp\/v2\/posts\/2782","targetHints":{"allow":["GET"]}}],"collection":[{"href":"https:\/\/arnwiesen.net\/wpt\/wp-json\/wp\/v2\/posts"}],"about":[{"href":"https:\/\/arnwiesen.net\/wpt\/wp-json\/wp\/v2\/types\/post"}],"author":[{"embeddable":true,"href":"https:\/\/arnwiesen.net\/wpt\/wp-json\/wp\/v2\/users\/4"}],"replies":[{"embeddable":true,"href":"https:\/\/arnwiesen.net\/wpt\/wp-json\/wp\/v2\/comments?post=2782"}],"version-history":[{"count":4,"href":"https:\/\/arnwiesen.net\/wpt\/wp-json\/wp\/v2\/posts\/2782\/revisions"}],"predecessor-version":[{"id":3606,"href":"https:\/\/arnwiesen.net\/wpt\/wp-json\/wp\/v2\/posts\/2782\/revisions\/3606"}],"wp:attachment":[{"href":"https:\/\/arnwiesen.net\/wpt\/wp-json\/wp\/v2\/media?parent=2782"}],"wp:term":[{"taxonomy":"category","embeddable":true,"href":"https:\/\/arnwiesen.net\/wpt\/wp-json\/wp\/v2\/categories?post=2782"},{"taxonomy":"post_tag","embeddable":true,"href":"https:\/\/arnwiesen.net\/wpt\/wp-json\/wp\/v2\/tags?post=2782"}],"curies":[{"name":"wp","href":"https:\/\/api.w.org\/{rel}","templated":true}]}}