{"id":2780,"date":"2012-09-30T20:37:00","date_gmt":"2012-09-30T18:37:00","guid":{"rendered":"https:\/\/arnwiesen.net\/wpt\/?p=2780"},"modified":"2022-07-22T22:44:42","modified_gmt":"2022-07-22T20:44:42","slug":"26-wedaupokal","status":"publish","type":"post","link":"https:\/\/arnwiesen.net\/wpt\/2012\/26-wedaupokal\/","title":{"rendered":"26. Wedaupokal"},"content":{"rendered":"\n<p><strong>Am 30.9.12 starteten 12 Aktive auf 3 Strecken<\/strong>, Weltrekord \u00fcber 9,2 km!<\/p>\n\n\n<div class=\"wp-block-image\">\n<figure class=\"aligncenter\"><img decoding=\"async\" src=\"https:\/\/arnwiesen.net\/wpt\/wp-content\/uploads\/2012\/wedaucup_12_2.jpg\" alt=\"wedaucup_12_2\"\/><\/figure>\n<\/div>\n\n\n<p>Hier der Start des Kinderlaufes, Luna (rechts im Bild) bew\u00e4ltigte die 4,5 km Strecke an der Spitze des Frauenfeldes.<\/p>\n\n\n\n<!--more-->\n\n\n<div class=\"wp-block-image\">\n<figure class=\"aligncenter size-full\"><img loading=\"lazy\" decoding=\"async\" width=\"460\" height=\"345\" src=\"https:\/\/arnwiesen.net\/wpt\/wp-content\/uploads\/2012\/wedaucup_12_3.jpg\" alt=\"\" class=\"wp-image-986\" srcset=\"https:\/\/arnwiesen.net\/wpt\/wp-content\/uploads\/2012\/wedaucup_12_3.jpg 460w, https:\/\/arnwiesen.net\/wpt\/wp-content\/uploads\/2012\/wedaucup_12_3-300x225.jpg 300w\" sizes=\"auto, (max-width: 460px) 85vw, 460px\" \/><\/figure>\n<\/div>\n\n\n<p><br>Nachdem im letzten Jahr der Schwesternkampf unentschieden endete, zog Franziska diesmal kurz vor dem Ziel an und h\u00e4ngte ihre gro\u00dfe Schwester ab.<\/p>\n\n\n<div class=\"wp-block-image\">\n<figure class=\"aligncenter size-full\"><img loading=\"lazy\" decoding=\"async\" width=\"159\" height=\"223\" src=\"https:\/\/arnwiesen.net\/wpt\/wp-content\/uploads\/2012\/wedaucup_12_5.jpg\" alt=\"\" class=\"wp-image-987\"\/><\/figure>\n<\/div>\n\n\n<p><br>Atun gewann zum 3. Mal in Folge den Jungenpokal und konnte ihn stolz f\u00fcr immer mitnehmen.<\/p>\n\n\n<div class=\"wp-block-image\">\n<figure class=\"aligncenter\"><img decoding=\"async\" src=\"https:\/\/arnwiesen.net\/wpt\/wp-content\/uploads\/2012\/wedaucup_12_6.jpg\" alt=\"wedaucup_12_6\"\/><\/figure>\n<\/div>\n\n\n<p>Dustin startete zum ersten Mal, wurde sofort 2. und darf den 25 Jahre alten Original-Wedaupokal ein Jahr aufbewahren.<\/p>\n\n\n<div class=\"wp-block-image\">\n<figure class=\"aligncenter\"><img decoding=\"async\" src=\"https:\/\/arnwiesen.net\/wpt\/wp-content\/uploads\/2012\/wedaucup_12_1.jpg\" alt=\"wedaucup_12_1\"\/><\/figure>\n<\/div>\n\n\n<p>David gewann sowohl die A- und die B-Wertung \u00fcber 4,5 km. Er nahm den B-Pokal mit, da er diesen das 3. Mal hintereinender gewann, eine einmalige Leistung, und ihn nun beh\u00e4lt. Ralf, der die zweith\u00e4ufigsten Teilnahmen in der 25 J\u00e4hrigen Geschichte des Wedaupokals verzeichnet, konnte das erste Mal einen Pokal gewinnen, nach der alten Wedaupokalweisheit: Wer A hat kann nicht B haben, oder auch anders rum.<\/p>\n\n\n\n<p>Margit im letzten Jahr noch auf der Walkingstrecke unterwegs gwann die 4,5 km Frauenwertung.<\/p>\n\n\n\n<p>Bei den WalkerInnen war Eva knapp vor B\u00e4rbel im Ziel.<\/p>\n\n\n\n<figure class=\"wp-block-table\"><table><tbody><tr><\/tr><tr><td><\/td><td><strong>M\u00e4dchen<\/strong><\/td><td><strong>0,7 km<\/strong><\/td><td><\/td><td><strong>Jungen<\/strong><\/td><td><strong>0,7 km<\/strong><\/td><\/tr><tr><td>1.<\/td><td>Franziska<\/td><td>3,01<\/td><td>1.<\/td><td>Atun<\/td><td>3,38<\/td><\/tr><tr><td>1.<\/td><td>Viktoria<\/td><td>&nbsp;&nbsp; 3,02<\/td><td>2.<\/td><td>Dustin<\/td><td>4,04<\/td><\/tr><tr><td><\/td><td><\/td><td><\/td><td><\/td><td><\/td><td><\/td><\/tr><tr><td><\/td><td><strong>M\u00e4nner<\/strong><\/td><td><strong>4,5 km<\/strong><\/td><td><\/td><td><strong>M\u00e4nner<\/strong><\/td><td><strong>B-Wertung Differenz<\/strong><\/td><\/tr><tr><td>1.<\/td><td>David<\/td><td>20,59<\/td><td>1.<\/td><td>David<\/td><td>0,34<\/td><\/tr><tr><td>2.<\/td><td>Ralf<\/td><td>25,01<\/td><td>2.<\/td><td>Ralf<\/td><td>1,46<\/td><\/tr><tr><td>3.<\/td><td>Cossi<\/td><td>27,57<\/td><td>3.<\/td><td>Cossi<\/td><td>3,12<\/td><\/tr><tr><td><\/td><td><\/td><td><\/td><td><\/td><td><\/td><td><\/td><\/tr><tr><td><\/td><td><\/td><td><\/td><td><\/td><td><\/td><td><\/td><\/tr><tr><td><\/td><td><\/td><td><\/td><td><\/td><td><\/td><td><\/td><\/tr><tr><td><\/td><td><strong>Frauen<\/strong><\/td><td><strong>4,5 km<\/strong><\/td><td><\/td><td><strong>Frauen<\/strong><\/td><td><strong>B-Wertung Differenz<\/strong><\/td><\/tr><tr><td>1.<\/td><td>Margit<\/td><td>35,28<\/td><td><\/td><td><\/td><td><\/td><\/tr><tr><td><\/td><td><\/td><td><\/td><td><\/td><td><\/td><td><\/td><\/tr><tr><td><\/td><td><strong>Walking<\/strong><\/td><td><strong>4,5 km<\/strong><\/td><td><\/td><td><strong>Frauen<\/strong><\/td><td><strong>M\u00e4nner<\/strong><\/td><\/tr><tr><td>1.<\/td><td>Eva<\/td><td>39,26<\/td><td><\/td><td>1.<\/td><td><\/td><\/tr><tr><td>2.<\/td><td>B\u00e4rbel<\/td><td>39,31<\/td><td><\/td><td>2.<\/td><td><\/td><\/tr><tr><td>3.<\/td><td>Bernd<\/td><td>44,31<\/td><td><\/td><td><\/td><td>1.<\/td><\/tr><tr><td><\/td><td>M\u00e4nner<\/td><td>9,2 km<\/td><td><\/td><td><\/td><td><\/td><\/tr><tr><td>1.<\/td><td>Ulrich F.<\/td><td>35,47<\/td><td><\/td><td><\/td><td><\/td><\/tr><tr><td>2.<\/td><td>Stefan<\/td><td>44,41<\/td><td>3.<\/td><td>Richard<\/td><td>61,40<\/td><\/tr><\/tbody><\/table><\/figure>\n","protected":false},"excerpt":{"rendered":"<p>Am 30.9.12 starteten 12 Aktive auf 3 Strecken, Weltrekord \u00fcber 9,2 km! Hier der Start des Kinderlaufes, Luna (rechts im Bild) bew\u00e4ltigte die 4,5 km Strecke an der Spitze des Frauenfeldes.<\/p>\n","protected":false},"author":5,"featured_media":0,"comment_status":"closed","ping_status":"open","sticky":false,"template":"","format":"standard","meta":{"footnotes":""},"categories":[17],"tags":[125,196,307,261,130],"class_list":["post-2780","post","type-post","status-publish","format-standard","hentry","category-berichte-2012","tag-10km","tag-5km","tag-duisburg-wedau","tag-walking","tag-wedaupokal"],"_links":{"self":[{"href":"https:\/\/arnwiesen.net\/wpt\/wp-json\/wp\/v2\/posts\/2780","targetHints":{"allow":["GET"]}}],"collection":[{"href":"https:\/\/arnwiesen.net\/wpt\/wp-json\/wp\/v2\/posts"}],"about":[{"href":"https:\/\/arnwiesen.net\/wpt\/wp-json\/wp\/v2\/types\/post"}],"author":[{"embeddable":true,"href":"https:\/\/arnwiesen.net\/wpt\/wp-json\/wp\/v2\/users\/5"}],"replies":[{"embeddable":true,"href":"https:\/\/arnwiesen.net\/wpt\/wp-json\/wp\/v2\/comments?post=2780"}],"version-history":[{"count":3,"href":"https:\/\/arnwiesen.net\/wpt\/wp-json\/wp\/v2\/posts\/2780\/revisions"}],"predecessor-version":[{"id":3607,"href":"https:\/\/arnwiesen.net\/wpt\/wp-json\/wp\/v2\/posts\/2780\/revisions\/3607"}],"wp:attachment":[{"href":"https:\/\/arnwiesen.net\/wpt\/wp-json\/wp\/v2\/media?parent=2780"}],"wp:term":[{"taxonomy":"category","embeddable":true,"href":"https:\/\/arnwiesen.net\/wpt\/wp-json\/wp\/v2\/categories?post=2780"},{"taxonomy":"post_tag","embeddable":true,"href":"https:\/\/arnwiesen.net\/wpt\/wp-json\/wp\/v2\/tags?post=2780"}],"curies":[{"name":"wp","href":"https:\/\/api.w.org\/{rel}","templated":true}]}}