{"id":2778,"date":"2012-09-04T20:36:00","date_gmt":"2012-09-04T18:36:00","guid":{"rendered":"https:\/\/arnwiesen.net\/wpt\/?p=2778"},"modified":"2022-07-10T15:00:03","modified_gmt":"2022-07-10T13:00:03","slug":"virtuelle-laufgruppe-live","status":"publish","type":"post","link":"https:\/\/arnwiesen.net\/wpt\/2012\/virtuelle-laufgruppe-live\/","title":{"rendered":"Virtuelle Laufgruppe &#8222;live&#8220;"},"content":{"rendered":"\n<p><strong>Die Virtuelle Laufgruppe des TC-K\u00f6ln-Jena&nbsp;beim City(halb)marathon in Oldenburg<\/strong><\/p>\n\n\n\n<p>Es gibt uns wirklich &#8211; auch h\u00fcpd\u00fcd\u00fc. Wie er aussieht wissen wir leider nicht. Mit 1:39:18 war er weit vor uns im Ziel und entschwand aus der realen L\u00e4uferszene. Der Halbmarathon war prima. Das Wetter spielte mit und zahlreiche Zuschauer entlang der Strecke motivierten zus\u00e4tzlich.<\/p>\n\n\n<div class=\"wp-block-image\">\n<figure class=\"aligncenter size-full\"><img loading=\"lazy\" decoding=\"async\" width=\"480\" height=\"360\" src=\"https:\/\/arnwiesen.net\/wpt\/wp-content\/uploads\/2012\/Cimg7212-kl.jpg\" alt=\"\" class=\"wp-image-961\" srcset=\"https:\/\/arnwiesen.net\/wpt\/wp-content\/uploads\/2012\/Cimg7212-kl.jpg 480w, https:\/\/arnwiesen.net\/wpt\/wp-content\/uploads\/2012\/Cimg7212-kl-300x225.jpg 300w\" sizes=\"auto, (max-width: 480px) 85vw, 480px\" \/><figcaption>Nancy, Rosi und Ulli<\/figcaption><\/figure>\n<\/div>\n\n\n<!--more-->\n\n\n\n<p>Rosi und Nancy mit pers\u00f6nlicher Bestzeit. Rosi letztlich so schnell, dass sie die lange Strecke alleine laufen musste. &#8222;Langweilig&#8220; ihr Kommentar und im Vergleich mit Paris gab es zu wenig zum \u00fcberholen. Nancy lief ihren ersten Halbmarathon und lie\u00df sich von Ulli \u00fcber die letzten Meter bereitwillig ziehen.<\/p>\n\n\n\n<p>Im Ziel gab es&nbsp;Kaffee und Kuchen, Obst und Erdinger alkohohlfrei &#8211; alles umsonst und ein Fitnessbrot f\u00fcr daheim.<\/p>\n\n\n\n<p><strong>Halbmarathon Oldenburg&nbsp;<\/strong><\/p>\n\n\n\n<figure class=\"wp-block-table\"><table><tbody><tr><td><strong>Starter<\/strong><\/td><td><strong>Platz m\/w<\/strong><\/td><td><strong>Platz AK<\/strong><\/td><td><strong>AK<\/strong><\/td><td><strong>Verein<\/strong><\/td><td><strong>netto<\/strong><\/td><\/tr><tr><td>h\u00fcpd\u00fcd\u00fc<\/td><td>253\/892<\/td><td>38\/132<\/td><td>M50<\/td><td>LT Oldenburg S\u00fcd<\/td><td>01:39:18<\/td><\/tr><tr><td>laufmaus1404<\/td><td>176\/277<\/td><td>16\/27<\/td><td>W50<\/td><td>TC K\u00f6ln-Jena<\/td><td>02:06:00<\/td><\/tr><tr><td>dickmann<\/td><td>804\/892<\/td><td>175\/192<\/td><td>M45<\/td><td>Psv Oldenburg<\/td><td>02:08:06<\/td><\/tr><tr><td>arnwiesen<\/td><td>874\/892<\/td><td>48\/49<\/td><td>M55<\/td><td>TC K\u00f6ln-Jena<\/td><td>02:23:57<\/td><\/tr><tr><td>feldvorsichhertreiberin<\/td><td>258\/277<\/td><td>32\/36<\/td><td>W35<\/td><td>TC K\u00f6ln-Jena<\/td><td>02:23:59<\/td><\/tr><tr><td>b50<\/td><td>Wettkampfpause<\/td><td><\/td><td><\/td><td>TC-K\u00f6ln-Jena<\/td><td><\/td><\/tr><\/tbody><\/table><\/figure>\n\n\n\n<p><strong>b50 \/ Carsten &#8211; Wettkampfpause.&nbsp;<\/strong><\/p>\n\n\n\n<p>Per Mail teilte Carsten mit, dass er derzeit eine kleine Pause einlege, da er die H\u00e4rten des Wassersportes noch etwas nachsp\u00fcre. Auf Nachfrage welcher Wassersport in derart hart trifft, schrieb er:<\/p>\n\n\n\n<p>Es sei eine neue Form des Triathlon:\u00a0 <\/p>\n\n\n\n<ul class=\"wp-block-list\"><li>10 min Wasserski \u00a0<\/li><li>6 Wochen an Kr\u00fccken<\/li><li>3 Monate Sportverbot<\/li><\/ul>\n\n\n\n<p>Die Wechselzeiten konnten in Ruhe erfolgen.&nbsp; Ende der Veranstaltung sei Mitte November.<\/p>\n\n\n\n<p>Wir w\u00fcnschen ihm an dieser Stelle gute Besserung und \u00fcberreichen ihm, nach dem Handwurzelbruch 2011, den &#8222;Cossi des Nordens&#8220;.<\/p>\n","protected":false},"excerpt":{"rendered":"<p>Die Virtuelle Laufgruppe des TC-K\u00f6ln-Jena&nbsp;beim City(halb)marathon in Oldenburg Es gibt uns wirklich &#8211; auch h\u00fcpd\u00fcd\u00fc. Wie er aussieht wissen wir leider nicht. Mit 1:39:18 war er weit vor uns im Ziel und entschwand aus der realen L\u00e4uferszene. Der Halbmarathon war prima. Das Wetter spielte mit und zahlreiche Zuschauer entlang der Strecke motivierten zus\u00e4tzlich.<\/p>\n","protected":false},"author":1,"featured_media":0,"comment_status":"closed","ping_status":"open","sticky":false,"template":"","format":"standard","meta":{"footnotes":""},"categories":[17],"tags":[123,132],"class_list":["post-2778","post","type-post","status-publish","format-standard","hentry","category-berichte-2012","tag-halbmarathon","tag-oldenburg"],"_links":{"self":[{"href":"https:\/\/arnwiesen.net\/wpt\/wp-json\/wp\/v2\/posts\/2778","targetHints":{"allow":["GET"]}}],"collection":[{"href":"https:\/\/arnwiesen.net\/wpt\/wp-json\/wp\/v2\/posts"}],"about":[{"href":"https:\/\/arnwiesen.net\/wpt\/wp-json\/wp\/v2\/types\/post"}],"author":[{"embeddable":true,"href":"https:\/\/arnwiesen.net\/wpt\/wp-json\/wp\/v2\/users\/1"}],"replies":[{"embeddable":true,"href":"https:\/\/arnwiesen.net\/wpt\/wp-json\/wp\/v2\/comments?post=2778"}],"version-history":[{"count":5,"href":"https:\/\/arnwiesen.net\/wpt\/wp-json\/wp\/v2\/posts\/2778\/revisions"}],"predecessor-version":[{"id":3610,"href":"https:\/\/arnwiesen.net\/wpt\/wp-json\/wp\/v2\/posts\/2778\/revisions\/3610"}],"wp:attachment":[{"href":"https:\/\/arnwiesen.net\/wpt\/wp-json\/wp\/v2\/media?parent=2778"}],"wp:term":[{"taxonomy":"category","embeddable":true,"href":"https:\/\/arnwiesen.net\/wpt\/wp-json\/wp\/v2\/categories?post=2778"},{"taxonomy":"post_tag","embeddable":true,"href":"https:\/\/arnwiesen.net\/wpt\/wp-json\/wp\/v2\/tags?post=2778"}],"curies":[{"name":"wp","href":"https:\/\/api.w.org\/{rel}","templated":true}]}}