{"id":2776,"date":"2012-09-04T20:35:00","date_gmt":"2012-09-04T18:35:00","guid":{"rendered":"https:\/\/arnwiesen.net\/wpt\/?p=2776"},"modified":"2022-07-10T15:00:26","modified_gmt":"2022-07-10T13:00:26","slug":"20km-de-paris-2012-34e-edition","status":"publish","type":"post","link":"https:\/\/arnwiesen.net\/wpt\/2012\/20km-de-paris-2012-34e-edition\/","title":{"rendered":"20km de Paris 2012 &#8211; 34e \u00e9dition"},"content":{"rendered":"\n<p>Nach 16 km Paris\/Versailles 2011 ging es f\u00fcr Rosi, Richard und Ulli diesmal f\u00fcr 20km nach Paris. Wenn schon kein Kernberglauf in Jena, so doch einen gro\u00dfen Stra\u00dfenlauf der auf der Jena-Br\u00fccke unterhalb des Eifelturms startet.<\/p>\n\n\n<div class=\"wp-block-image\">\n<figure class=\"aligncenter size-full\"><img loading=\"lazy\" decoding=\"async\" width=\"480\" height=\"360\" src=\"https:\/\/arnwiesen.net\/wpt\/wp-content\/uploads\/2012\/P1100433-kl.jpg\" alt=\"\" class=\"wp-image-979\" srcset=\"https:\/\/arnwiesen.net\/wpt\/wp-content\/uploads\/2012\/P1100433-kl.jpg 480w, https:\/\/arnwiesen.net\/wpt\/wp-content\/uploads\/2012\/P1100433-kl-300x225.jpg 300w\" sizes=\"auto, (max-width: 480px) 85vw, 480px\" \/><figcaption>Regen \u00fcber Paris<\/figcaption><\/figure>\n<\/div>\n\n\n<!--more-->\n\n\n\n<p>Rosi und Ulli quartierten sich am Montmartre ein. Treppauf \/ treppab bietet schlie\u00dflich einen guten Trainigswechsel. Richard tankte im Vorfeld Seeluft in der Picardie. Am Vorabend traf man sich zur obligatorischen Pastaaufnahme in einem kleinen Bistro.<\/p>\n\n\n\n<p>Bei herbstlich k\u00fchlen Bedingungen liefen von den 28.000 gemeldeten Sportlern nur knapp 23.000 \u00fcber die Startlinie. Mit dem Start setzte auch der Nieselregen ein, was der Begeisterung aber nicht schadete. Entlang der Strecke zahlreiche Musikgrupppen und Zuschauer, die die L\u00e4ufer motivierten und anfeuerten. Man war nie allein. Das Feld dicht und das einzige was half, war Kilometerz\u00e4hlen.<\/p>\n\n\n<div class=\"wp-block-image\">\n<figure class=\"aligncenter size-full\"><img loading=\"lazy\" decoding=\"async\" width=\"480\" height=\"360\" src=\"https:\/\/arnwiesen.net\/wpt\/wp-content\/uploads\/2012\/CIMG7208-kl.jpg\" alt=\"\" class=\"wp-image-960\" srcset=\"https:\/\/arnwiesen.net\/wpt\/wp-content\/uploads\/2012\/CIMG7208-kl.jpg 480w, https:\/\/arnwiesen.net\/wpt\/wp-content\/uploads\/2012\/CIMG7208-kl-300x225.jpg 300w\" sizes=\"auto, (max-width: 480px) 85vw, 480px\" \/><figcaption>22.792 trotzten dem Nieselregen von Paris<\/figcaption><\/figure>\n<\/div>\n\n\n<p>Nach 14 km unterquerten wir die Jena-Br\u00fccke am n\u00f6rdlichen Seine-Ufer, um nach weiteren 6 km das Ziel am Eifelturm zu erreichen. Rosi &#8211; schneller als beim Halbmarathon in New York. Ulli hat die Zeit gehalten, auch wenn die Distanz ein wenig k\u00fcrzer war. Und Richard hat Ulli fast eingeholt.<\/p>\n\n\n<div class=\"wp-block-image\">\n<figure class=\"aligncenter size-full\"><img loading=\"lazy\" decoding=\"async\" width=\"480\" height=\"360\" src=\"https:\/\/arnwiesen.net\/wpt\/wp-content\/uploads\/2012\/CIMG7191-kl.jpg\" alt=\"\" class=\"wp-image-959\" srcset=\"https:\/\/arnwiesen.net\/wpt\/wp-content\/uploads\/2012\/CIMG7191-kl.jpg 480w, https:\/\/arnwiesen.net\/wpt\/wp-content\/uploads\/2012\/CIMG7191-kl-300x225.jpg 300w\" sizes=\"auto, (max-width: 480px) 85vw, 480px\" \/><figcaption>Ulli, Rosi, Richard &#8211; Start &#8211; 20 km und jede Menge Regen<\/figcaption><\/figure>\n<\/div>\n\n\n<p>Nach dem Lauf ging es zum Trocknen und Warmwerden erstmals ins Hotel. Richard immer noch fit, durchstreifte danach noch ruhelos den Louvre. Rosi und Ulli genossen in aller Fr\u00f6hlichkeit das Weinfest auf dem Montmartre.<\/p>\n\n\n\n<figure class=\"wp-block-table\"><table><tbody><tr><td><strong>20 km de Paris<\/strong><\/td><td><\/td><td><\/td><td><\/td><\/tr><tr><td><strong>Starter<\/strong><\/td><td><strong>Platz gesamt<\/strong><\/td><td><strong>Platz AK<\/strong><\/td><td><strong>Laufen<\/strong><\/td><\/tr><tr><td>Rosi<\/td><td>19271 \/ 22792<\/td><td>328 \/ 558<\/td><td>02:06:23<\/td><\/tr><tr><td>Ulli<\/td><td>21838 \/ 22792<\/td><td>2191 \/ 2286<\/td><td>02:21:26<\/td><\/tr><tr><td>Richard<\/td><td>21976 \/ 22792<\/td><td>2206 \/ 2286<\/td><td>02:22:55<\/td><\/tr><\/tbody><\/table><\/figure>\n","protected":false},"excerpt":{"rendered":"<p>Nach 16 km Paris\/Versailles 2011 ging es f\u00fcr Rosi, Richard und Ulli diesmal f\u00fcr 20km nach Paris. Wenn schon kein Kernberglauf in Jena, so doch einen gro\u00dfen Stra\u00dfenlauf der auf der Jena-Br\u00fccke unterhalb des Eifelturms startet.<\/p>\n","protected":false},"author":1,"featured_media":0,"comment_status":"closed","ping_status":"open","sticky":false,"template":"","format":"standard","meta":{"footnotes":""},"categories":[17],"tags":[123,133],"class_list":["post-2776","post","type-post","status-publish","format-standard","hentry","category-berichte-2012","tag-halbmarathon","tag-paris"],"_links":{"self":[{"href":"https:\/\/arnwiesen.net\/wpt\/wp-json\/wp\/v2\/posts\/2776","targetHints":{"allow":["GET"]}}],"collection":[{"href":"https:\/\/arnwiesen.net\/wpt\/wp-json\/wp\/v2\/posts"}],"about":[{"href":"https:\/\/arnwiesen.net\/wpt\/wp-json\/wp\/v2\/types\/post"}],"author":[{"embeddable":true,"href":"https:\/\/arnwiesen.net\/wpt\/wp-json\/wp\/v2\/users\/1"}],"replies":[{"embeddable":true,"href":"https:\/\/arnwiesen.net\/wpt\/wp-json\/wp\/v2\/comments?post=2776"}],"version-history":[{"count":3,"href":"https:\/\/arnwiesen.net\/wpt\/wp-json\/wp\/v2\/posts\/2776\/revisions"}],"predecessor-version":[{"id":3611,"href":"https:\/\/arnwiesen.net\/wpt\/wp-json\/wp\/v2\/posts\/2776\/revisions\/3611"}],"wp:attachment":[{"href":"https:\/\/arnwiesen.net\/wpt\/wp-json\/wp\/v2\/media?parent=2776"}],"wp:term":[{"taxonomy":"category","embeddable":true,"href":"https:\/\/arnwiesen.net\/wpt\/wp-json\/wp\/v2\/categories?post=2776"},{"taxonomy":"post_tag","embeddable":true,"href":"https:\/\/arnwiesen.net\/wpt\/wp-json\/wp\/v2\/tags?post=2776"}],"curies":[{"name":"wp","href":"https:\/\/api.w.org\/{rel}","templated":true}]}}