{"id":2763,"date":"2012-08-20T20:28:00","date_gmt":"2012-08-20T18:28:00","guid":{"rendered":"https:\/\/arnwiesen.net\/wpt\/?p=2763"},"modified":"2022-07-12T11:35:08","modified_gmt":"2022-07-12T09:35:08","slug":"radtour-grenoble-monaco","status":"publish","type":"post","link":"https:\/\/arnwiesen.net\/wpt\/2012\/radtour-grenoble-monaco\/","title":{"rendered":"Radtour Grenoble &#8211; Monaco 2012"},"content":{"rendered":"\n<p><strong>Radtour von Grenoble&nbsp;nach Monaco<\/strong>&nbsp;(18. &#8211; 25. August 2012)<br>die Radtour der Superlative<\/p>\n\n\n\n<p>In diesem Jahr sind wir in den franz\u00f6sischen Alpen geradelt (ca. 480 km).<br>Wir waren nur 4 Teilnehmer: Ludger, Ludwig, Werner und Frank.<br>In&nbsp;6 Tagen haben wir die Strecke von Grenoble nach&nbsp;Monaco bew\u00e4ltigt und dabei drei (!) 2000-er \u00fcberquert.<\/p>\n\n\n\n<p><strong>Grenoble &#8211; Villar d&#8217;Ar\u00e8ne &#8211; Brian\u00e7on &#8211; Jausiers &#8211; Auron &#8211;&nbsp;Villeneuve Loubet&nbsp;&#8211; Monaco<\/strong><\/p>\n\n\n\n<figure class=\"wp-block-image\"><img decoding=\"async\" src=\"https:\/\/arnwiesen.net\/wpt\/wp-content\/uploads\/2012\/radtour-frankreich\/profil_2d.jpg\" alt=\"\"\/><figcaption>H\u00f6henprofil<\/figcaption><\/figure>\n\n\n\n<!--more-->\n\n\n\n<figure class=\"wp-block-table\"><table><tbody><tr><td>Sonntag:<\/td><td><strong>Alpe d&#8217;Huez \/ Col de Sarenne<\/strong><\/td><td>1999 m<\/td><\/tr><tr><td>Montag:<\/td><td><strong>Col du Lautaret<\/strong><\/td><td>2058 m<\/td><\/tr><tr><td>Dienstag:<\/td><td>Fahrt \u00fcber mehrere kleine H\u00fcgel<\/td><td>&nbsp;<\/td><\/tr><tr><td>Mittwoch:<\/td><td><strong>Cime de La Bonette<\/strong><\/td><td>2802 m (h\u00f6chste befahrbare Stra\u00dfe Europas)<\/td><\/tr><tr><td>Donnerstag:<\/td><td>immer bergab von Auron bis Nizza<\/td><td>&nbsp;<\/td><\/tr><tr><td>Freitag:<\/td><td>Nizza &#8211; Monaco &#8211; Nizza<\/td><td>&nbsp;<\/td><\/tr><\/tbody><\/table><\/figure>\n\n\n<div class=\"wp-block-image\">\n<figure class=\"aligncenter\"><img decoding=\"async\" src=\"https:\/\/arnwiesen.net\/wpt\/wp-content\/uploads\/2012\/radtour-frankreich\/rf012.jpg\" alt=\"\"\/><\/figure>\n<\/div>\n\n\n<p>Start fr\u00fchzeitig am Sonntag morgen vor dem Ibis-Hotel in Grenoble.<\/p>\n\n\n<div class=\"wp-block-image\">\n<figure class=\"aligncenter\"><img decoding=\"async\" src=\"https:\/\/arnwiesen.net\/wpt\/wp-content\/uploads\/2012\/radtour-frankreich\/rf040.jpg\" alt=\"\"\/><\/figure>\n<\/div>\n\n\n<p>Die Kehren der Alpe d&#8217;Huez sind absteigend nummeriert. Es beginnt bei Kehre 21 und endet bei Kehre 1.<br>Jede Kehre tr\u00e4gt die Namen von Etappensiegern.<\/p>\n\n\n<div class=\"wp-block-image\">\n<figure class=\"aligncenter\"><img decoding=\"async\" src=\"https:\/\/arnwiesen.net\/wpt\/wp-content\/uploads\/2012\/radtour-frankreich\/rf082.jpg\" alt=\"\"\/><\/figure>\n<\/div>\n\n\n<p>Alpe d&#8217;Huez: Blick ins Tal zum Kreisverkehr, wo alles beginnt.<br>Wir hatten jedoch vorher schon 47 km mit leichtem Anstieg von Grenoble aus&nbsp;hinter uns, ehe wir den steilen Anstieg nach Alpe d&#8217;Huez begannen.<\/p>\n\n\n<div class=\"wp-block-image\">\n<figure class=\"aligncenter\"><img decoding=\"async\" src=\"https:\/\/arnwiesen.net\/wpt\/wp-content\/uploads\/2012\/radtour-frankreich\/rf110.jpg\" alt=\"\"\/><\/figure>\n<\/div>\n\n\n<p>Bei 40\u00b0C Hitze mit Trekkingr\u00e4dern und Gep\u00e4ck haben wir den Ortseingang erreicht,<br>aber noch l\u00e4ngst nicht alle H\u00f6henmeter f\u00fcr diesen Tag geschafft.<\/p>\n\n\n<div class=\"wp-block-image\">\n<figure class=\"aligncenter\"><img decoding=\"async\" src=\"https:\/\/arnwiesen.net\/wpt\/wp-content\/uploads\/2012\/radtour-frankreich\/rf136.jpg\" alt=\"\"\/><\/figure>\n<\/div>\n\n\n<p>Nach Alpe d&#8217;Huez (ca. 1800 m) ging es erst mal ca. 100 m wieder bergab, ehe wir nach weiteren 300 m Anstieg den Col de Sarenne mit 1999 m H\u00f6he erreichten.<\/p>\n\n\n<div class=\"wp-block-image\">\n<figure class=\"aligncenter\"><img decoding=\"async\" src=\"https:\/\/arnwiesen.net\/wpt\/wp-content\/uploads\/2012\/radtour-frankreich\/rf182.jpg\" alt=\"\"\/><\/figure>\n<\/div>\n\n\n<p>Am 2. Tag hatten wir zur Erholung nur eine kurze Etappe von 35 km.<br>Wir \u00fcberquerten den Col du Lautaret mit 2058 m H\u00f6he,&nbsp;bevor wir gem\u00fctlich nach Brian\u00e7on rollten.<\/p>\n\n\n<div class=\"wp-block-image\">\n<figure class=\"aligncenter\"><img decoding=\"async\" src=\"https:\/\/arnwiesen.net\/wpt\/wp-content\/uploads\/2012\/radtour-frankreich\/rf196.jpg\" alt=\"\"\/><\/figure>\n<\/div>\n\n\n<p>Auf dem Gipfeltreffen am Col du Lautaret \u00fcberzeugte sich der Trainer des THC-Westerkappeln, Friedel Meyer, vom hervorragenden Trainingszustand einiger Triathleten des TCKJ.<br>Bei uns&nbsp;hat sich das konsequente Training mit Gewichten (Gep\u00e4ck) ausgezahlt.<\/p>\n\n\n<div class=\"wp-block-image\">\n<figure class=\"aligncenter\"><img decoding=\"async\" src=\"https:\/\/arnwiesen.net\/wpt\/wp-content\/uploads\/2012\/radtour-frankreich\/rf304.jpg\" alt=\"\"\/><\/figure>\n<\/div>\n\n\n<p>Am 3. Tag hatten wir zwar keinen Pa\u00df zu \u00fcberqueren, aber es war trotzdem anstrengend, bei dieser Hitze \u00fcber mehrere&nbsp;kleine H\u00fcgel durchs Gebirge zu fahren.<\/p>\n\n\n<div class=\"wp-block-image\">\n<figure class=\"aligncenter\"><img decoding=\"async\" src=\"https:\/\/arnwiesen.net\/wpt\/wp-content\/uploads\/2012\/radtour-frankreich\/rf326.jpg\" alt=\"\"\/><\/figure>\n<\/div>\n\n\n<p>Dieser Stausee war uns als kurze Erfrischung sehr willkommen.<br>Leider hielt die Abk\u00fchlung nicht lange an.<\/p>\n\n\n<div class=\"wp-block-image\">\n<figure class=\"aligncenter\"><img decoding=\"async\" src=\"https:\/\/arnwiesen.net\/wpt\/wp-content\/uploads\/2012\/radtour-frankreich\/rf338.jpg\" alt=\"\"\/><\/figure>\n<\/div>\n\n\n<p>Nach der \u00dcbernachtung in Jausiers ging es dann am 4. Tag zum h\u00f6chsten befahrbaren Punkt Europas.<\/p>\n\n\n<div class=\"wp-block-image\">\n<figure class=\"aligncenter\"><img decoding=\"async\" src=\"https:\/\/arnwiesen.net\/wpt\/wp-content\/uploads\/2012\/radtour-frankreich\/rf342.jpg\" alt=\"\"\/><\/figure>\n<\/div>\n\n\n<p>W\u00e4hrend der Auffahrt nervten uns unz\u00e4hlige Fliegen, die st\u00e4ndig&nbsp;um den Kopf herumschwirrten.<br>Selbst beim Fotografieren lie\u00dfen sie uns nicht in Ruhe und kamen mit aufs Bild (siehe unten im Vordergrund)<\/p>\n\n\n<div class=\"wp-block-image\">\n<figure class=\"aligncenter\"><img decoding=\"async\" src=\"https:\/\/arnwiesen.net\/wpt\/wp-content\/uploads\/2012\/radtour-frankreich\/rf358.jpg\" alt=\"\"\/><\/figure>\n<\/div>\n\n\n<p>Speziell f\u00fcr Radfahrer gab es diese Schilder mit Angaben zur Entfernung und zur Steigung.<\/p>\n\n\n<div class=\"wp-block-image\">\n<figure class=\"aligncenter\"><img decoding=\"async\" src=\"https:\/\/arnwiesen.net\/wpt\/wp-content\/uploads\/2012\/radtour-frankreich\/rf402.jpg\" alt=\"\"\/><\/figure>\n<\/div>\n\n\n<p>Endlich geschafft: Wir sind am h\u00f6chsten Punkt Europas, den man mit dem Fahrrad oder dem Auto erreichen kann (2802 m).<\/p>\n\n\n<div class=\"wp-block-image\">\n<figure class=\"aligncenter\"><img decoding=\"async\" src=\"https:\/\/arnwiesen.net\/wpt\/wp-content\/uploads\/2012\/radtour-frankreich\/rf524.jpg\" alt=\"\"\/><\/figure>\n<\/div>\n\n\n<p>Unseren &#8222;Ruhetag&#8220; an der C\u00f4te d\u2019Azur nutzen wir, um entlang der K\u00fcste von Nizza nach Monaco zu radeln.<\/p>\n\n\n<div class=\"wp-block-image\">\n<figure class=\"aligncenter\"><img decoding=\"async\" src=\"https:\/\/arnwiesen.net\/wpt\/wp-content\/uploads\/2012\/radtour-frankreich\/rf548.jpg\" alt=\"\"\/><\/figure>\n<\/div>\n\n\n<p>Solche teuren Hotels wie hier in Nizza wollten wir uns nicht leisten.<\/p>\n\n\n<div class=\"wp-block-image\">\n<figure class=\"aligncenter\"><img decoding=\"async\" src=\"https:\/\/arnwiesen.net\/wpt\/wp-content\/uploads\/2012\/radtour-frankreich\/rf590.jpg\" alt=\"\"\/><\/figure>\n<\/div>\n\n\n<p>Die Bucht bei Villefranche-sur-Meer zwischen Nizza und Monaco.<\/p>\n\n\n<div class=\"wp-block-image\">\n<figure class=\"aligncenter\"><img decoding=\"async\" src=\"https:\/\/arnwiesen.net\/wpt\/wp-content\/uploads\/2012\/radtour-frankreich\/rf600.jpg\" alt=\"\"\/><\/figure>\n<\/div>\n\n\n<p>Ankunft in Monaco. Au\u00dfer uns waren weit und breit keine Radfahrer zu sehen.<\/p>\n\n\n<div class=\"wp-block-image\">\n<figure class=\"aligncenter\"><img decoding=\"async\" src=\"https:\/\/arnwiesen.net\/wpt\/wp-content\/uploads\/2012\/radtour-frankreich\/rf652.jpg\" alt=\"\"\/><\/figure>\n<\/div>\n\n\n<p>Die Oper von Monte Carlo.<\/p>\n\n\n<div class=\"wp-block-image\">\n<figure class=\"aligncenter\"><img decoding=\"async\" src=\"https:\/\/arnwiesen.net\/wpt\/wp-content\/uploads\/2012\/radtour-frankreich\/rf672.jpg\" alt=\"\"\/><\/figure>\n<\/div>\n\n\n<p>Ludger und sein Fahrrad vor dem Casino Monte Carlo.<\/p>\n\n\n<div class=\"wp-block-image\">\n<figure class=\"aligncenter\"><img decoding=\"async\" src=\"https:\/\/arnwiesen.net\/wpt\/wp-content\/uploads\/2012\/radtour-frankreich\/rf686.jpg\" alt=\"\"\/><\/figure>\n<\/div>\n\n\n<p>Fahrr\u00e4der aus Deutschland&nbsp;und Cabrios aus Dubai.<\/p>\n\n\n<div class=\"wp-block-image\">\n<figure class=\"aligncenter\"><img decoding=\"async\" src=\"https:\/\/arnwiesen.net\/wpt\/wp-content\/uploads\/2012\/radtour-frankreich\/rf710.jpg\" alt=\"\"\/><\/figure>\n<\/div>\n\n\n<p>Ankunft in Pohlheim.<br>Unserer besonderer Dank gilt Ludwig, der auf den &#8222;Ruhetag&#8220; an der&nbsp;C\u00f4te d\u2019Azur und die Radfahrt nach Monaco&nbsp;verzichtete und stattdessen mit dem TGV \u00fcber Marseille und Lyon nach Grenoble fuhr, um seinen Bus von Grenoble ans Mittelmeer zu holen, damit wir alle 4 wieder bequem nach Hause reisen konnten.<br>Dazu war Ludwig den ganzen Tag von fr\u00fch zeitig&nbsp;bis sp\u00e4t abends unterwegs.<br>Daf\u00fcr hat er bei uns noch etwas gut.<\/p>\n\n\n<div class=\"wp-block-image\">\n<figure class=\"aligncenter\"><img decoding=\"async\" src=\"https:\/\/arnwiesen.net\/wpt\/wp-content\/uploads\/2012\/radtour-frankreich\/profil_3d.jpg\" alt=\"\"\/><\/figure>\n<\/div>\n\n\n<p>Andreas war&nbsp;leider aus dienstlichen Gr\u00fcnden in diesem Jahr bei unserer Radtour nicht mit dabei.<br>Trotzdem hat er sich f\u00fcr den GPS-Mitschnitt interessiert und dieses sch\u00f6ne 3D-Diagramm gestaltet.<\/p>\n\n\n\n<p>Aufgrund der gefahrenen H\u00f6henmeter (insgesamt 6567 HM), der sch\u00f6nen Landschaft der franz\u00f6sischen Alpen und der C\u00f4te d\u2019Azur und des erreichten h\u00f6chsten befahrbaren Punktes Europas wird diese Radtour nur noch schwer zu toppen sein.<\/p>\n\n\n\n<p>weitere Fotos&nbsp;auch unter&nbsp;&nbsp;<br><a href=\"http:\/\/franklehmann.dyndns.eu\/index.php?folder=\/2012\/09_Radtour\/\" target=\"_blank\" rel=\"noreferrer noopener\">http:\/\/franklehmann.dyndns.eu\/index.php?folder=\/2012\/09_Radtour\/<\/a><\/p>\n","protected":false},"excerpt":{"rendered":"<p>Radtour von Grenoble&nbsp;nach Monaco&nbsp;(18. &#8211; 25. August 2012)die Radtour der Superlative In diesem Jahr sind wir in den franz\u00f6sischen Alpen geradelt (ca. 480 km).Wir waren nur 4 Teilnehmer: Ludger, Ludwig, Werner und Frank.In&nbsp;6 Tagen haben wir die Strecke von Grenoble nach&nbsp;Monaco bew\u00e4ltigt und dabei drei (!) 2000-er \u00fcberquert. Grenoble &#8211; Villar d&#8217;Ar\u00e8ne &#8211; Brian\u00e7on &#8211; &hellip; <a href=\"https:\/\/arnwiesen.net\/wpt\/2012\/radtour-grenoble-monaco\/\" class=\"more-link\"><span class=\"screen-reader-text\">\u201eRadtour Grenoble &#8211; Monaco 2012\u201c<\/span> weiterlesen<\/a><\/p>\n","protected":false},"author":6,"featured_media":0,"comment_status":"closed","ping_status":"open","sticky":false,"template":"","format":"standard","meta":{"footnotes":""},"categories":[17],"tags":[80,32,83,81,82,78,79,84,31],"class_list":["post-2763","post","type-post","status-publish","format-standard","hentry","category-berichte-2012","tag-alpe-dhuez","tag-alpen","tag-cime-de-la-bonette","tag-col-de-sarenne","tag-col-du-lautaret","tag-grenoble","tag-monaco","tag-nizza","tag-radtour"],"_links":{"self":[{"href":"https:\/\/arnwiesen.net\/wpt\/wp-json\/wp\/v2\/posts\/2763","targetHints":{"allow":["GET"]}}],"collection":[{"href":"https:\/\/arnwiesen.net\/wpt\/wp-json\/wp\/v2\/posts"}],"about":[{"href":"https:\/\/arnwiesen.net\/wpt\/wp-json\/wp\/v2\/types\/post"}],"author":[{"embeddable":true,"href":"https:\/\/arnwiesen.net\/wpt\/wp-json\/wp\/v2\/users\/6"}],"replies":[{"embeddable":true,"href":"https:\/\/arnwiesen.net\/wpt\/wp-json\/wp\/v2\/comments?post=2763"}],"version-history":[{"count":6,"href":"https:\/\/arnwiesen.net\/wpt\/wp-json\/wp\/v2\/posts\/2763\/revisions"}],"predecessor-version":[{"id":3364,"href":"https:\/\/arnwiesen.net\/wpt\/wp-json\/wp\/v2\/posts\/2763\/revisions\/3364"}],"wp:attachment":[{"href":"https:\/\/arnwiesen.net\/wpt\/wp-json\/wp\/v2\/media?parent=2763"}],"wp:term":[{"taxonomy":"category","embeddable":true,"href":"https:\/\/arnwiesen.net\/wpt\/wp-json\/wp\/v2\/categories?post=2763"},{"taxonomy":"post_tag","embeddable":true,"href":"https:\/\/arnwiesen.net\/wpt\/wp-json\/wp\/v2\/tags?post=2763"}],"curies":[{"name":"wp","href":"https:\/\/api.w.org\/{rel}","templated":true}]}}