{"id":2760,"date":"2012-08-19T20:27:00","date_gmt":"2012-08-19T18:27:00","guid":{"rendered":"https:\/\/arnwiesen.net\/wpt\/?p=2760"},"modified":"2022-07-24T19:06:36","modified_gmt":"2022-07-24T17:06:36","slug":"gipfeltreffen-am-col-du-lautaret","status":"publish","type":"post","link":"https:\/\/arnwiesen.net\/wpt\/2012\/gipfeltreffen-am-col-du-lautaret\/","title":{"rendered":"Gipfeltreffen am \u201eCol du Lautaret\u201c"},"content":{"rendered":"\n<p><strong>TC-K\u00f6ln-Jena trifft THC-Westerkappeln<\/strong><\/p>\n\n\n\n<p>Wie aus sportlich gut unterrichteten Kreisen gemeldet wurde, waren die Kletterbedingungen h\u00f6chst unterschiedlich. W\u00e4hrend Friedl, eher Welter- oder Fliegengewicht nur mit Carbon-Rennrad unterwegs war, lieferten die Triathleten ein enormes Trainingsprogramm ab. Mit stra\u00dfentauglichen Tourenr\u00e4dern und vollen Satteltaschen wurden enorme Kilomengen \u00fcber sie Berge geschafft &#8211; Respekt.<\/p>\n\n\n<div class=\"wp-block-image\">\n<figure class=\"aligncenter size-full\"><img loading=\"lazy\" decoding=\"async\" width=\"480\" height=\"307\" src=\"https:\/\/arnwiesen.net\/wpt\/wp-content\/uploads\/2012\/Ga_2012_6_kl.jpg\" alt=\"\" class=\"wp-image-967\" srcset=\"https:\/\/arnwiesen.net\/wpt\/wp-content\/uploads\/2012\/Ga_2012_6_kl.jpg 480w, https:\/\/arnwiesen.net\/wpt\/wp-content\/uploads\/2012\/Ga_2012_6_kl-300x192.jpg 300w\" sizes=\"auto, (max-width: 480px) 85vw, 480px\" \/><figcaption>Frank, Werner, Ludger, Ludwig und Friedel (THC-Westerkappeln)<\/figcaption><\/figure>\n<\/div>\n\n\n<p>Bericht folgt<\/p>\n","protected":false},"excerpt":{"rendered":"<p>TC-K\u00f6ln-Jena trifft THC-Westerkappeln Wie aus sportlich gut unterrichteten Kreisen gemeldet wurde, waren die Kletterbedingungen h\u00f6chst unterschiedlich. W\u00e4hrend Friedl, eher Welter- oder Fliegengewicht nur mit Carbon-Rennrad unterwegs war, lieferten die Triathleten ein enormes Trainingsprogramm ab. Mit stra\u00dfentauglichen Tourenr\u00e4dern und vollen Satteltaschen wurden enorme Kilomengen \u00fcber sie Berge geschafft &#8211; Respekt. Bericht folgt<\/p>\n","protected":false},"author":1,"featured_media":0,"comment_status":"closed","ping_status":"open","sticky":false,"template":"","format":"standard","meta":{"footnotes":""},"categories":[17],"tags":[32,82,266],"class_list":["post-2760","post","type-post","status-publish","format-standard","hentry","category-berichte-2012","tag-alpen","tag-col-du-lautaret","tag-radwanderfahrt"],"_links":{"self":[{"href":"https:\/\/arnwiesen.net\/wpt\/wp-json\/wp\/v2\/posts\/2760","targetHints":{"allow":["GET"]}}],"collection":[{"href":"https:\/\/arnwiesen.net\/wpt\/wp-json\/wp\/v2\/posts"}],"about":[{"href":"https:\/\/arnwiesen.net\/wpt\/wp-json\/wp\/v2\/types\/post"}],"author":[{"embeddable":true,"href":"https:\/\/arnwiesen.net\/wpt\/wp-json\/wp\/v2\/users\/1"}],"replies":[{"embeddable":true,"href":"https:\/\/arnwiesen.net\/wpt\/wp-json\/wp\/v2\/comments?post=2760"}],"version-history":[{"count":3,"href":"https:\/\/arnwiesen.net\/wpt\/wp-json\/wp\/v2\/posts\/2760\/revisions"}],"predecessor-version":[{"id":3312,"href":"https:\/\/arnwiesen.net\/wpt\/wp-json\/wp\/v2\/posts\/2760\/revisions\/3312"}],"wp:attachment":[{"href":"https:\/\/arnwiesen.net\/wpt\/wp-json\/wp\/v2\/media?parent=2760"}],"wp:term":[{"taxonomy":"category","embeddable":true,"href":"https:\/\/arnwiesen.net\/wpt\/wp-json\/wp\/v2\/categories?post=2760"},{"taxonomy":"post_tag","embeddable":true,"href":"https:\/\/arnwiesen.net\/wpt\/wp-json\/wp\/v2\/tags?post=2760"}],"curies":[{"name":"wp","href":"https:\/\/api.w.org\/{rel}","templated":true}]}}