{"id":2751,"date":"2012-08-18T20:19:00","date_gmt":"2012-08-18T18:19:00","guid":{"rendered":"https:\/\/arnwiesen.net\/wpt\/?p=2751"},"modified":"2022-07-24T19:07:51","modified_gmt":"2022-07-24T17:07:51","slug":"osnabruecker-land-halb-marathon","status":"publish","type":"post","link":"https:\/\/arnwiesen.net\/wpt\/2012\/osnabruecker-land-halb-marathon\/","title":{"rendered":"Osnabr\u00fccker Land (Halb-)marathon"},"content":{"rendered":"\n<p>Mit gro\u00dfem Respekt in der Sporttasche ging es am 18.08.2012 nach Bissendorf, um dort den ersten Halbmarathon zu bestreiten. Das Wetter meinte es zu gut und bescherte uns 32\u00b0C im Schatten. Leider lagen nur ca. 1,5km der Strecke im Schatten&#8230;<\/p>\n\n\n<div class=\"wp-block-image\">\n<figure class=\"aligncenter size-full\"><img loading=\"lazy\" decoding=\"async\" width=\"480\" height=\"360\" src=\"https:\/\/arnwiesen.net\/wpt\/wp-content\/uploads\/2012\/2012-08-18-19_47_12-kl.jpg\" alt=\"\" class=\"wp-image-954\" srcset=\"https:\/\/arnwiesen.net\/wpt\/wp-content\/uploads\/2012\/2012-08-18-19_47_12-kl.jpg 480w, https:\/\/arnwiesen.net\/wpt\/wp-content\/uploads\/2012\/2012-08-18-19_47_12-kl-300x225.jpg 300w\" sizes=\"auto, (max-width: 480px) 85vw, 480px\" \/><\/figure>\n<\/div>\n\n\n<!--more-->\n\n\n\n<p>Schon am Start h\u00f6rte man Spr\u00fcche, wie &#8222;Hier geht es wirklich nur ums Ankommen!&#8220; und &#8222;Bei solchen Temperaturen kann man die Zeit vergessen!&#8220;. Um 15:30Uhr ging es los. \u00dcber zahlreiche Landstra\u00dfen f\u00fchrten die 21 km, die in eine kleine und eine gro\u00dfe Runde aufgeteilt waren. Die Veranstalter haben sich sehr viel M\u00fche dabei gegeben, die hei\u00dfen Temperaturen ertr\u00e4glich zu machen und alle 2-3 km eine Versorgungsstation eingerichtet. Zudem gab es einige Duschen und Rasensprenger. In aller Ruhe bezwangen wir also die Strecke und waren am Ende froh &#8211; noch einigerma\u00dfen fit- angekommen zu sein, wenn es auch knapp drei Stunden gedauert hat. Unterwegs haben wir allerdings auch ein paar L\u00e4ufer getroffen, die leider aufgeben mussten.<\/p>\n\n\n\n<p>Der n\u00e4chste Halbmarathon ist Ende Oktober in HH gemeldet&#8230; bei hoffentlich besseren Bedingungen!<\/p>\n\n\n\n<p><strong>21,1&nbsp;km &#8211;&nbsp;9. Osnabr\u00fccker Landmarathon<\/strong><\/p>\n\n\n\n<figure class=\"wp-block-table\"><table><tbody><tr><td>Starter<\/td><td>Platz<\/td><td>Platz AK<\/td><td>Laufen<\/td><\/tr><tr><td>Lisa<\/td><td>15.<\/td><td>5.<\/td><td>2:56:59,4<\/td><\/tr><\/tbody><\/table><\/figure>\n","protected":false},"excerpt":{"rendered":"<p>Mit gro\u00dfem Respekt in der Sporttasche ging es am 18.08.2012 nach Bissendorf, um dort den ersten Halbmarathon zu bestreiten. Das Wetter meinte es zu gut und bescherte uns 32\u00b0C im Schatten. Leider lagen nur ca. 1,5km der Strecke im Schatten&#8230;<\/p>\n","protected":false},"author":1,"featured_media":0,"comment_status":"closed","ping_status":"open","sticky":false,"template":"","format":"standard","meta":{"footnotes":""},"categories":[17],"tags":[123,159,277],"class_list":["post-2751","post","type-post","status-publish","format-standard","hentry","category-berichte-2012","tag-halbmarathon","tag-landschaftslauf","tag-osnabrueck"],"_links":{"self":[{"href":"https:\/\/arnwiesen.net\/wpt\/wp-json\/wp\/v2\/posts\/2751","targetHints":{"allow":["GET"]}}],"collection":[{"href":"https:\/\/arnwiesen.net\/wpt\/wp-json\/wp\/v2\/posts"}],"about":[{"href":"https:\/\/arnwiesen.net\/wpt\/wp-json\/wp\/v2\/types\/post"}],"author":[{"embeddable":true,"href":"https:\/\/arnwiesen.net\/wpt\/wp-json\/wp\/v2\/users\/1"}],"replies":[{"embeddable":true,"href":"https:\/\/arnwiesen.net\/wpt\/wp-json\/wp\/v2\/comments?post=2751"}],"version-history":[{"count":3,"href":"https:\/\/arnwiesen.net\/wpt\/wp-json\/wp\/v2\/posts\/2751\/revisions"}],"predecessor-version":[{"id":3329,"href":"https:\/\/arnwiesen.net\/wpt\/wp-json\/wp\/v2\/posts\/2751\/revisions\/3329"}],"wp:attachment":[{"href":"https:\/\/arnwiesen.net\/wpt\/wp-json\/wp\/v2\/media?parent=2751"}],"wp:term":[{"taxonomy":"category","embeddable":true,"href":"https:\/\/arnwiesen.net\/wpt\/wp-json\/wp\/v2\/categories?post=2751"},{"taxonomy":"post_tag","embeddable":true,"href":"https:\/\/arnwiesen.net\/wpt\/wp-json\/wp\/v2\/tags?post=2751"}],"curies":[{"name":"wp","href":"https:\/\/api.w.org\/{rel}","templated":true}]}}