{"id":2741,"date":"2012-07-04T20:14:00","date_gmt":"2012-07-04T18:14:00","guid":{"rendered":"https:\/\/arnwiesen.net\/wpt\/?p=2741"},"modified":"2023-06-15T10:30:29","modified_gmt":"2023-06-15T08:30:29","slug":"28e-triathlon-holten","status":"publish","type":"post","link":"https:\/\/arnwiesen.net\/wpt\/2012\/28e-triathlon-holten\/","title":{"rendered":"28e Triathlon Holten"},"content":{"rendered":"\n<p><strong>Holten is where the champions meet &#8230;<\/strong><\/p>\n\n\n\n<p>Nach dem Aus von J\u00f6rg&nbsp;wird Ulli trotz Verletzung bester Deutscher beim 1\/8-Triathlon. Und im Ziel ert\u00f6nte die Nationalhymne, da zeitgleich die Siegerehrung &#8222;Elite Herren&#8220; stattfand mit Gregor Buchholz auf dem Siegerpodest. Noch besser war Rosi, mit neuer pers\u00f6nlicher Bestzeit war sie 1 Minute schneller und&nbsp;Beste im TCKJ-Team.<\/p>\n\n\n<div class=\"wp-block-image\">\n<figure class=\"aligncenter size-full\"><img loading=\"lazy\" decoding=\"async\" width=\"480\" height=\"360\" src=\"https:\/\/arnwiesen.net\/wpt\/wp-content\/uploads\/2012\/holten.jpg\" alt=\"\" class=\"wp-image-968\" srcset=\"https:\/\/arnwiesen.net\/wpt\/wp-content\/uploads\/2012\/holten.jpg 480w, https:\/\/arnwiesen.net\/wpt\/wp-content\/uploads\/2012\/holten-300x225.jpg 300w\" sizes=\"auto, (max-width: 480px) 85vw, 480px\" \/><\/figure>\n<\/div>\n\n\n<p>Klaus hat es im 3. Anlauf endlich ins Ziel geschafft und hatte anschlie\u00dfend noch Kraft f\u00fcr das Kulturprogramm&nbsp;\u201eDeventer op Stelten\u201c (Deventer auf Stelzen).&nbsp;&nbsp;<\/p>\n\n\n\n<!--more-->\n\n\n\n<p>Eigentlich so einfach &#8211;&nbsp;nachdem Klaus 2010 die Abk\u00fcrzung nahm, unterlief J\u00f6rg bei seinem Deb\u00fct in Holten das gleiche Mi\u00dfgeschick und er wurde, in F\u00fchrung liegend, disqualfiziert.<\/p>\n\n\n<div class=\"wp-block-image\">\n<figure class=\"aligncenter size-full\"><img loading=\"lazy\" decoding=\"async\" width=\"480\" height=\"360\" src=\"https:\/\/arnwiesen.net\/wpt\/wp-content\/uploads\/2012\/holten-2kl.jpg\" alt=\"\" class=\"wp-image-969\" srcset=\"https:\/\/arnwiesen.net\/wpt\/wp-content\/uploads\/2012\/holten-2kl.jpg 480w, https:\/\/arnwiesen.net\/wpt\/wp-content\/uploads\/2012\/holten-2kl-300x225.jpg 300w\" sizes=\"auto, (max-width: 480px) 85vw, 480px\" \/><figcaption class=\"wp-element-caption\">Streicheleinheiten f\u00fcr Ulli<\/figcaption><\/figure>\n<\/div>\n\n\n<p><strong>Officieuze uitslagen 2012 Holten ITU Triathlon Premium European Cup<\/strong><\/p>\n\n\n\n<p><strong>Achste &#8211; 500 m &#8211; 23,6 km &#8211; 5.300 m<\/strong><\/p>\n\n\n\n<figure class=\"wp-block-table\"><table><tbody><tr><td>Pos<\/td><td>Name<\/td><td>Swim<\/td><td>Chg1<\/td><td>Bike<\/td><td>Chg2<\/td><td>Run<\/td><td>Total<\/td><td>DSQ<\/td><\/tr><tr><td>124<\/td><td>Rosi<\/td><td>14:12<\/td><td>02:13<\/td><td>01:01:16<\/td><td>02:06<\/td><td>30:41<\/td><td>01:50:27<\/td><td>&nbsp;<\/td><\/tr><tr><td>283<\/td><td>Ulrich<\/td><td>13:16<\/td><td>02:48<\/td><td>00:55:34<\/td><td>03:24<\/td><td>36:28<\/td><td>01:51:30<\/td><td>&nbsp;<\/td><\/tr><tr><td>286<\/td><td>Klaus<\/td><td>11:12<\/td><td>03:04<\/td><td>01:00:24<\/td><td>02:29<\/td><td>36:07<\/td><td>01:53:13<\/td><td>&nbsp;<\/td><\/tr><tr><td>296<\/td><td>Joerg<\/td><td>10:58<\/td><td>01:14<\/td><td>00:45:24<\/td><td>02:09<\/td><td>12:10<\/td><td>01:11:53<\/td><td>x<\/td><\/tr><\/tbody><\/table><\/figure>\n","protected":false},"excerpt":{"rendered":"<p>Holten is where the champions meet &#8230; Nach dem Aus von J\u00f6rg&nbsp;wird Ulli trotz Verletzung bester Deutscher beim 1\/8-Triathlon. Und im Ziel ert\u00f6nte die Nationalhymne, da zeitgleich die Siegerehrung &#8222;Elite Herren&#8220; stattfand mit Gregor Buchholz auf dem Siegerpodest. Noch besser war Rosi, mit neuer pers\u00f6nlicher Bestzeit war sie 1 Minute schneller und&nbsp;Beste im TCKJ-Team. Klaus &hellip; <a href=\"https:\/\/arnwiesen.net\/wpt\/2012\/28e-triathlon-holten\/\" class=\"more-link\"><span class=\"screen-reader-text\">\u201e28e Triathlon Holten\u201c<\/span> weiterlesen<\/a><\/p>\n","protected":false},"author":1,"featured_media":0,"comment_status":"closed","ping_status":"open","sticky":false,"template":"","format":"standard","meta":{"footnotes":""},"categories":[17],"tags":[137,135,136],"class_list":["post-2741","post","type-post","status-publish","format-standard","hentry","category-berichte-2012","tag-1-8-triathlon","tag-holten","tag-triathlon"],"_links":{"self":[{"href":"https:\/\/arnwiesen.net\/wpt\/wp-json\/wp\/v2\/posts\/2741","targetHints":{"allow":["GET"]}}],"collection":[{"href":"https:\/\/arnwiesen.net\/wpt\/wp-json\/wp\/v2\/posts"}],"about":[{"href":"https:\/\/arnwiesen.net\/wpt\/wp-json\/wp\/v2\/types\/post"}],"author":[{"embeddable":true,"href":"https:\/\/arnwiesen.net\/wpt\/wp-json\/wp\/v2\/users\/1"}],"replies":[{"embeddable":true,"href":"https:\/\/arnwiesen.net\/wpt\/wp-json\/wp\/v2\/comments?post=2741"}],"version-history":[{"count":4,"href":"https:\/\/arnwiesen.net\/wpt\/wp-json\/wp\/v2\/posts\/2741\/revisions"}],"predecessor-version":[{"id":4371,"href":"https:\/\/arnwiesen.net\/wpt\/wp-json\/wp\/v2\/posts\/2741\/revisions\/4371"}],"wp:attachment":[{"href":"https:\/\/arnwiesen.net\/wpt\/wp-json\/wp\/v2\/media?parent=2741"}],"wp:term":[{"taxonomy":"category","embeddable":true,"href":"https:\/\/arnwiesen.net\/wpt\/wp-json\/wp\/v2\/categories?post=2741"},{"taxonomy":"post_tag","embeddable":true,"href":"https:\/\/arnwiesen.net\/wpt\/wp-json\/wp\/v2\/tags?post=2741"}],"curies":[{"name":"wp","href":"https:\/\/api.w.org\/{rel}","templated":true}]}}