{"id":2738,"date":"2012-07-04T20:13:00","date_gmt":"2012-07-04T18:13:00","guid":{"rendered":"https:\/\/arnwiesen.net\/wpt\/?p=2738"},"modified":"2022-07-10T21:14:30","modified_gmt":"2022-07-10T19:14:30","slug":"lisa-startet-durch","status":"publish","type":"post","link":"https:\/\/arnwiesen.net\/wpt\/2012\/lisa-startet-durch\/","title":{"rendered":"Lisa startet durch"},"content":{"rendered":"\n<div class=\"wp-block-columns is-layout-flex wp-container-core-columns-is-layout-9d6595d7 wp-block-columns-is-layout-flex\">\n<div class=\"wp-block-column is-layout-flow wp-block-column-is-layout-flow\" style=\"flex-basis:100%\">\n<div class=\"wp-block-columns is-layout-flex wp-container-core-columns-is-layout-9d6595d7 wp-block-columns-is-layout-flex\">\n<div class=\"wp-block-column is-layout-flow wp-block-column-is-layout-flow\" style=\"flex-basis:33.33%\">\n<figure class=\"wp-block-image size-full\"><img loading=\"lazy\" decoding=\"async\" width=\"113\" height=\"166\" src=\"https:\/\/arnwiesen.net\/wpt\/wp-content\/uploads\/2012\/lisaimage.jpg\" alt=\"\" class=\"wp-image-3332\"\/><\/figure>\n<\/div>\n\n\n\n<div class=\"wp-block-column is-layout-flow wp-block-column-is-layout-flow\" style=\"flex-basis:66.66%\">\n<p>Beim Kilometerspiel als Liisa ist sie von 0 auf 8\u00a0eingestiegen und nimmt zur Zeit alle L\u00e4ufe im Norden mit. Nach der 3er-Pack Laufserie, wo sie bei allen 5 L\u00e4ufen antrat, lief sie bei der Nacht von Hasbergen gemeinsam mit Ulli die 3 Runden. Das Konzept des TC-K\u00f6ln-Jena \u00fcberzeugte und die n\u00e4chsten L\u00e4ufe: Bergedorfer Citylauf und die Nacht von Borgholzhausen startete sie f\u00fcr TC-K\u00f6ln Jena.<\/p>\n<\/div>\n<\/div>\n<\/div>\n<\/div>\n\n\n\n<!--more-->\n\n\n\n<p><strong>Herzlich Willkommen Lisa<\/strong>.<\/p>\n\n\n\n<figure class=\"wp-block-table\"><table><tbody><tr><td><strong>1. Bergedorfer Citylauf &#8211; 10,3 km<\/strong><\/td><td><\/td><td><\/td><td><\/td><\/tr><tr><td>Starter<\/td><td>Verein<\/td><td>Platz AK<\/td><td>gesamt<\/td><td>Laufen<\/td><\/tr><tr><td>Lisa<\/td><td>Triathlon Club K\u00f6ln Jena<\/td><td>17.<\/td><td>86<\/td><td>01:07:40,0<\/td><\/tr><tr><td>&nbsp;&nbsp;&nbsp;<\/td><td><\/td><td><\/td><td><\/td><td><\/td><\/tr><tr><td><strong>37. Nacht von Borgholzhausen&nbsp;&#8211; 6 Meilen<\/strong><\/td><td><\/td><td><\/td><td><\/td><\/tr><tr><td>Starter<\/td><td>Verein<\/td><td>Platz AK<\/td><td>Platz M\/W<\/td><td>Laufen<\/td><\/tr><tr><td>Lisa<\/td><td>Triathlonclub K\u00f6ln-Jena<\/td><td>24.<\/td><td>95<\/td><td>00:58:30,8<\/td><\/tr><tr><td>&nbsp;&nbsp;&nbsp;<\/td><td><\/td><td><\/td><td><\/td><td><\/td><\/tr><tr><td><strong>9. Malteser-Benefizlauf &#8211;&nbsp;10,5 km<\/strong><\/td><td><\/td><td><\/td><td><\/td><\/tr><tr><td>Starter<\/td><td>Verein<\/td><td>Platz AK<\/td><td>gesamt<\/td><td>Laufen<\/td><\/tr><tr><td>Lisa<\/td><td>&nbsp;&nbsp;<\/td><td>9.<\/td><td>75<\/td><td>01:00:00,0<\/td><\/tr><tr><td><\/td><td><\/td><td><\/td><td><\/td><td><\/td><\/tr><tr><td><strong>17. Bad Essener Abendlau<\/strong><strong>&nbsp;&#8211;&nbsp;10 km<\/strong><\/td><td><\/td><td><\/td><td><\/td><\/tr><tr><td>Starter<\/td><td>Verein<\/td><td>Platz AK<\/td><td>gesamt<\/td><td>Laufen<\/td><\/tr><tr><td>Lisa<\/td><td>&nbsp;&nbsp;<\/td><td>7.<\/td><td>28<\/td><td>00:57:49,4<\/td><\/tr><\/tbody><\/table><\/figure>\n\n\n\n<figure class=\"wp-block-table\"><table><tbody><tr><td><strong>9,3&nbsp;km &#8211;&nbsp;34. Nacht von Hasbergen<\/strong><\/td><td><\/td><td><\/td><\/tr><tr><td>Starter<\/td><td>Platz<\/td><td>Platz AK<\/td><td>Laufen<\/td><\/tr><tr><td>Raphael<\/td><td>51.<\/td><td>1.<\/td><td>0:40:02<\/td><\/tr><tr><td>Atze<\/td><td>74.<\/td><td>11.<\/td><td>0:41:41<\/td><\/tr><tr><td>Burkhard<\/td><td>142.<\/td><td>38.<\/td><td>0:47:44<\/td><\/tr><tr><td>Lisa<\/td><td>40.<\/td><td>9.<\/td><td>0:56:49<\/td><\/tr><tr><td>Ulli<\/td><td>194.<\/td><td>9.<\/td><td>0:56:52<\/td><\/tr><\/tbody><\/table><\/figure>\n","protected":false},"excerpt":{"rendered":"<p>Beim Kilometerspiel als Liisa ist sie von 0 auf 8\u00a0eingestiegen und nimmt zur Zeit alle L\u00e4ufe im Norden mit. Nach der 3er-Pack Laufserie, wo sie bei allen 5 L\u00e4ufen antrat, lief sie bei der Nacht von Hasbergen gemeinsam mit Ulli die 3 Runden. Das Konzept des TC-K\u00f6ln-Jena \u00fcberzeugte und die n\u00e4chsten L\u00e4ufe: Bergedorfer Citylauf und &hellip; <a href=\"https:\/\/arnwiesen.net\/wpt\/2012\/lisa-startet-durch\/\" class=\"more-link\"><span class=\"screen-reader-text\">\u201eLisa startet durch\u201c<\/span> weiterlesen<\/a><\/p>\n","protected":false},"author":1,"featured_media":0,"comment_status":"closed","ping_status":"open","sticky":false,"template":"","format":"standard","meta":{"footnotes":""},"categories":[17],"tags":[125,217,202,216,168,193,220,219,218],"class_list":["post-2738","post","type-post","status-publish","format-standard","hentry","category-berichte-2012","tag-10km","tag-bad-essen","tag-bad-iburg","tag-bergedorf","tag-borgholzhausen","tag-hasbergen","tag-malteser-lauf","tag-nacht-von-borgholzhausen","tag-nacht-von-hasbergen"],"_links":{"self":[{"href":"https:\/\/arnwiesen.net\/wpt\/wp-json\/wp\/v2\/posts\/2738","targetHints":{"allow":["GET"]}}],"collection":[{"href":"https:\/\/arnwiesen.net\/wpt\/wp-json\/wp\/v2\/posts"}],"about":[{"href":"https:\/\/arnwiesen.net\/wpt\/wp-json\/wp\/v2\/types\/post"}],"author":[{"embeddable":true,"href":"https:\/\/arnwiesen.net\/wpt\/wp-json\/wp\/v2\/users\/1"}],"replies":[{"embeddable":true,"href":"https:\/\/arnwiesen.net\/wpt\/wp-json\/wp\/v2\/comments?post=2738"}],"version-history":[{"count":5,"href":"https:\/\/arnwiesen.net\/wpt\/wp-json\/wp\/v2\/posts\/2738\/revisions"}],"predecessor-version":[{"id":3616,"href":"https:\/\/arnwiesen.net\/wpt\/wp-json\/wp\/v2\/posts\/2738\/revisions\/3616"}],"wp:attachment":[{"href":"https:\/\/arnwiesen.net\/wpt\/wp-json\/wp\/v2\/media?parent=2738"}],"wp:term":[{"taxonomy":"category","embeddable":true,"href":"https:\/\/arnwiesen.net\/wpt\/wp-json\/wp\/v2\/categories?post=2738"},{"taxonomy":"post_tag","embeddable":true,"href":"https:\/\/arnwiesen.net\/wpt\/wp-json\/wp\/v2\/tags?post=2738"}],"curies":[{"name":"wp","href":"https:\/\/api.w.org\/{rel}","templated":true}]}}