{"id":2732,"date":"2012-05-05T20:10:00","date_gmt":"2012-05-05T18:10:00","guid":{"rendered":"https:\/\/arnwiesen.net\/wpt\/?p=2732"},"modified":"2022-07-07T22:31:24","modified_gmt":"2022-07-07T20:31:24","slug":"lauf-deinen-3-er-pack","status":"publish","type":"post","link":"https:\/\/arnwiesen.net\/wpt\/2012\/lauf-deinen-3-er-pack\/","title":{"rendered":"Lauf Deinen 3-er Pack"},"content":{"rendered":"\n<p><strong>Der Norden startet in die Laufsaison<\/strong><\/p>\n\n\n\n<p>Im Rahmen der Laufserie \u201eDreierpack \u2013 Lauf 3 aus 5\u201c startetet vom TC-K\u00f6ln-Jena nur Rosi und Ulli. Neu hinzugekommen ist inzwischen Lisa. Burghard und Raphael starteten nur beim Hagener Volkslauf.<\/p>\n\n\n\n<p>Mindestens 3 der 5 Wertungsl\u00e4ufe m\u00fcssen gelaufen werden, um in die Gesamtwertung zu gelangen.<\/p>\n\n\n\n<div class=\"wp-block-columns is-layout-flex wp-container-core-columns-is-layout-9d6595d7 wp-block-columns-is-layout-flex\">\n<div class=\"wp-block-column is-layout-flow wp-block-column-is-layout-flow\" style=\"flex-basis:33.33%\">\n<figure class=\"wp-block-image size-full\"><img loading=\"lazy\" decoding=\"async\" width=\"200\" height=\"200\" src=\"https:\/\/arnwiesen.net\/wpt\/wp-content\/uploads\/2012\/3er-pack.jpg\" alt=\"\" class=\"wp-image-952\" srcset=\"https:\/\/arnwiesen.net\/wpt\/wp-content\/uploads\/2012\/3er-pack.jpg 200w, https:\/\/arnwiesen.net\/wpt\/wp-content\/uploads\/2012\/3er-pack-150x150.jpg 150w\" sizes=\"auto, (max-width: 200px) 85vw, 200px\" \/><\/figure>\n<\/div>\n\n\n\n<div class=\"wp-block-column is-layout-flow wp-block-column-is-layout-flow\" style=\"flex-basis:66.66%\">\n<p>05.05.2012 Turm zu Turm Lauf<br>11.05.2012 D\u00fctelauf Kloster Oesede<br>19.05.2012 Hagener Volkslauf<br>25.05.2012 Borgloher Weiherlauf<br>08.06.2012 Meller Berglauf<\/p>\n<\/div>\n<\/div>\n\n\n\n<!--more-->\n\n\n\n<p>Der reizvolle Landschaftslauf \u00fcber 10 km&nbsp;stellt mit 220 H\u00f6henmetern trotz des Volkslaufcharakters eine Herausforderung f\u00fcr die L\u00e4uferinnen und L\u00e4ufer dar.&nbsp;<\/p>\n\n\n<div class=\"wp-block-image\">\n<figure class=\"aligncenter size-full\"><img loading=\"lazy\" decoding=\"async\" width=\"480\" height=\"319\" src=\"https:\/\/arnwiesen.net\/wpt\/wp-content\/uploads\/2012\/tzt-2012-1-kl.jpg\" alt=\"\" class=\"wp-image-983\" srcset=\"https:\/\/arnwiesen.net\/wpt\/wp-content\/uploads\/2012\/tzt-2012-1-kl.jpg 480w, https:\/\/arnwiesen.net\/wpt\/wp-content\/uploads\/2012\/tzt-2012-1-kl-300x199.jpg 300w\" sizes=\"auto, (max-width: 480px) 85vw, 480px\" \/><figcaption>Trotz nasskalter Witterung und einigen Anstiegen brachte Ulli<br>seine 1. Wertung f\u00fcr den 3er-Pack in&nbsp;trockene T\u00fccher.<\/figcaption><\/figure>\n<\/div>\n\n\n<p>Rosi musste mangels Babysitter aussitzen und vergn\u00fcgte sich mit einem 11 km Trainingslauf ums Haus.&nbsp;<\/p>\n\n\n<div class=\"wp-block-image\">\n<figure class=\"aligncenter size-full\"><img loading=\"lazy\" decoding=\"async\" width=\"480\" height=\"360\" src=\"https:\/\/arnwiesen.net\/wpt\/wp-content\/uploads\/2012\/duetelauf.jpg\" alt=\"\" class=\"wp-image-966\" srcset=\"https:\/\/arnwiesen.net\/wpt\/wp-content\/uploads\/2012\/duetelauf.jpg 480w, https:\/\/arnwiesen.net\/wpt\/wp-content\/uploads\/2012\/duetelauf-300x225.jpg 300w\" sizes=\"auto, (max-width: 480px) 85vw, 480px\" \/><figcaption>Mit dem D\u00fctelauf in Kloster Oesede startete Rosi in die Laufserie<\/figcaption><\/figure>\n<\/div>\n\n\n<p>Mit dem&nbsp;Hagener Volkslauf erlebt die Laufserie mit 4 Startern f\u00fcr den TC-K\u00f6ln Jena ihren H\u00fc\u00f6hepunkt. Bei bestem Laufwetter gingen 307 Athletinnen und Athleten an den Start und \u00fcbertrafen damit die Bestmarke aus dem Vorjahr (280 Starter). Gegen\u00fcber dem Vorjahr gab es aber im internen Klassement keine Ver\u00e4nderungen obwohl Burghard und Raphael einige Sekunden auf die Vorjahreszeit einb\u00fc\u00dften und&nbsp;Ulli und Rosi ihre Zeiten um 3 bis 4 Minuten verbesseren konnten.<\/p>\n\n\n\n<figure class=\"wp-block-table\"><table><tbody><tr><td><strong>9. Turm zu Turm Lauf&nbsp;&#8211; 10,8 km<\/strong><\/td><td><\/td><td><\/td><td><\/td><\/tr><tr><td>Starter<\/td><td>AK Platz<\/td><td>Platz<\/td><td>Laufen<\/td><\/tr><tr><td>Ulli<\/td><td>11.<\/td><td>139.<\/td><td>01:12:42.2<\/td><\/tr><tr><td>Lisa<\/td><td>7.<\/td><td>141.<\/td><td>1:12:53,3<\/td><\/tr><tr><td>&nbsp;<\/td><td><\/td><td><\/td><td><\/td><\/tr><tr><td><strong>D\u00fctelauf &#8211; 10 km<\/strong><\/td><td><\/td><td><\/td><td><\/td><\/tr><tr><td>&nbsp;Starter<\/td><td>Platz M\/W<\/td><td>gesamt<\/td><td>Laufen<\/td><\/tr><tr><td>Rosi<\/td><td>29.<\/td><td>149<\/td><td>01:02:22,4<\/td><\/tr><tr><td>Lisa<\/td><td>31.<\/td><td>155<\/td><td>01:03:38,8<\/td><\/tr><tr><td>Ulli (nur 9,3 km)<\/td><td>117.<\/td><td><\/td><td>00:59:07,9<\/td><\/tr><tr><td>&nbsp;<\/td><td><\/td><td><\/td><td>&nbsp;<\/td><\/tr><tr><td><strong>37. Volkslauf Hagen aTW &#8211; 10,5&nbsp;km<\/strong><\/td><td><\/td><td><\/td><td><\/td><\/tr><tr><td>Starter<\/td><td>Platz AK<\/td><td>gesamt<\/td><td>Laufen<\/td><\/tr><tr><td>Raphael<\/td><td>2.<\/td><td>34.<\/td><td>0:50:05,0<\/td><\/tr><tr><td>Burkhard<\/td><td>21.<\/td><td>109.<\/td><td>0:59:10,9<\/td><\/tr><tr><td>Rosemarie<\/td><td>2.<\/td><td>146.<\/td><td>1:04:47,0<\/td><\/tr><tr><td>Ulli<\/td><td>8.<\/td><td>168.<\/td><td>1:12:43,0<\/td><\/tr><tr><td>Lisa<\/td><td>5.<\/td><td>170.<\/td><td>1:13:54,0<\/td><\/tr><tr><td>&nbsp;<\/td><td><\/td><td><\/td><td><\/td><\/tr><tr><td><strong>10. Borgloher Weiherlauf &#8211; 10 km<\/strong><\/td><td><\/td><td><\/td><td><\/td><\/tr><tr><td>Starter<\/td><td>Platz AK<\/td><td>gesamt<\/td><td>Laufen<\/td><\/tr><tr><td>Rosi<\/td><td>13.<\/td><td>141.<\/td><td>01:01:11,8<\/td><\/tr><tr><td>Lisa<\/td><td>19.<\/td><td>156.<\/td><td>01:08:04,0<\/td><\/tr><tr><td>&nbsp;<\/td><td><\/td><td><\/td><td><\/td><\/tr><tr><td><strong>Meller Berglauf &#8211; 10 km<\/strong><\/td><td><\/td><td><\/td><td><\/td><\/tr><tr><td>Starter<\/td><td>Platz AK<\/td><td>gesamt<\/td><td>Laufen<\/td><\/tr><tr><td>Rosi<\/td><td>2.<\/td><td>125.<\/td><td>00:58:05,8<\/td><\/tr><tr><td>Lisa<\/td><td>5.<\/td><td>135.<\/td><td>01:03:29,4<\/td><\/tr><tr><td>&nbsp;<\/td><td><\/td><td><\/td><td><\/td><\/tr><tr><td>&nbsp;<\/td><td><\/td><td><\/td><td><\/td><\/tr><tr><td><strong>Gesamtwertung 3er-Pack<\/strong><\/td><td><\/td><td><\/td><td><\/td><\/tr><tr><td><\/td><td><\/td><td><\/td><td><\/td><\/tr><tr><td>Starter<\/td><td>Punkte<\/td><td>Platz M\/W<\/td><td><\/td><\/tr><tr><td>Rosi<\/td><td>38<\/td><td>16<\/td><td>vier L\u00e4ufe<\/td><\/tr><tr><td>Lisa<\/td><td>50<\/td><td>21<\/td><td>f\u00fcnf L\u00e4ufe<\/td><\/tr><tr><td>Ulli<\/td><td>225<\/td><td>88<\/td><td>drei L\u00e4ufe<\/td><\/tr><\/tbody><\/table><\/figure>\n","protected":false},"excerpt":{"rendered":"<p>Der Norden startet in die Laufsaison Im Rahmen der Laufserie \u201eDreierpack \u2013 Lauf 3 aus 5\u201c startetet vom TC-K\u00f6ln-Jena nur Rosi und Ulli. Neu hinzugekommen ist inzwischen Lisa. Burghard und Raphael starteten nur beim Hagener Volkslauf. Mindestens 3 der 5 Wertungsl\u00e4ufe m\u00fcssen gelaufen werden, um in die Gesamtwertung zu gelangen. 05.05.2012 Turm zu Turm Lauf11.05.2012 &hellip; <a href=\"https:\/\/arnwiesen.net\/wpt\/2012\/lauf-deinen-3-er-pack\/\" class=\"more-link\"><span class=\"screen-reader-text\">\u201eLauf Deinen 3-er Pack\u201c<\/span> weiterlesen<\/a><\/p>\n","protected":false},"author":1,"featured_media":0,"comment_status":"closed","ping_status":"open","sticky":false,"template":"","format":"standard","meta":{"footnotes":""},"categories":[17],"tags":[125,153,156,163,162,159,152,157,155],"class_list":["post-2732","post","type-post","status-publish","format-standard","hentry","category-berichte-2012","tag-10km","tag-3er-pack","tag-borgloher-weiherlauf","tag-duetelauf-oesede","tag-hagen-kirschbluetenlauf","tag-landschaftslauf","tag-laufserie","tag-meller-berglauf","tag-turm-zu-turm"],"_links":{"self":[{"href":"https:\/\/arnwiesen.net\/wpt\/wp-json\/wp\/v2\/posts\/2732","targetHints":{"allow":["GET"]}}],"collection":[{"href":"https:\/\/arnwiesen.net\/wpt\/wp-json\/wp\/v2\/posts"}],"about":[{"href":"https:\/\/arnwiesen.net\/wpt\/wp-json\/wp\/v2\/types\/post"}],"author":[{"embeddable":true,"href":"https:\/\/arnwiesen.net\/wpt\/wp-json\/wp\/v2\/users\/1"}],"replies":[{"embeddable":true,"href":"https:\/\/arnwiesen.net\/wpt\/wp-json\/wp\/v2\/comments?post=2732"}],"version-history":[{"count":4,"href":"https:\/\/arnwiesen.net\/wpt\/wp-json\/wp\/v2\/posts\/2732\/revisions"}],"predecessor-version":[{"id":3452,"href":"https:\/\/arnwiesen.net\/wpt\/wp-json\/wp\/v2\/posts\/2732\/revisions\/3452"}],"wp:attachment":[{"href":"https:\/\/arnwiesen.net\/wpt\/wp-json\/wp\/v2\/media?parent=2732"}],"wp:term":[{"taxonomy":"category","embeddable":true,"href":"https:\/\/arnwiesen.net\/wpt\/wp-json\/wp\/v2\/categories?post=2732"},{"taxonomy":"post_tag","embeddable":true,"href":"https:\/\/arnwiesen.net\/wpt\/wp-json\/wp\/v2\/tags?post=2732"}],"curies":[{"name":"wp","href":"https:\/\/api.w.org\/{rel}","templated":true}]}}