{"id":2730,"date":"2012-05-04T20:09:00","date_gmt":"2012-05-04T18:09:00","guid":{"rendered":"https:\/\/arnwiesen.net\/wpt\/?p=2730"},"modified":"2022-07-24T19:09:34","modified_gmt":"2022-07-24T17:09:34","slug":"david-gegen-ironman","status":"publish","type":"post","link":"https:\/\/arnwiesen.net\/wpt\/2012\/david-gegen-ironman\/","title":{"rendered":"David gegen Ironman"},"content":{"rendered":"\n<p><strong>27. Gr\u00f6negau Triathlon Melle<\/strong><\/p>\n\n\n\n<p>Sensationelle Leistung von Davis beim Meller Triathlon. Als Schlussl\u00e4ufer der Staffel konnte er Ironman Carsten M\u00fcller auf Distanz halten (<a target=\"_blank\" href=\"http:\/\/www.noz.de\/lokales\/46440373\/die-naechste-qualifikation-kommt\" rel=\"noreferrer noopener\">http:\/\/www.noz.de\/lokales\/46440373\/die-naechste-qualifikation-kommt<\/a>).<\/p>\n\n\n\n<p>Wie lange die beiden sich die Laufstrecke teilten, ist schwer zu sagen. Vom Ziel sind nicht ganz 1 km einzusehen und schon da liefen beide zusammen. Als erster aus dem W\u00e4ldchen tauchte David auf, dicht gefolgt von Carsten M\u00fcller. Mit den Hallenschuhen (die Laufschuhe hatte David vergessen) \u00fcber die glitschige Br\u00fccke,&nbsp;dann der enorme Antritt zum Zielspurt&nbsp;und der ironman hatte das Nachsehen. Herzlichen Gl\u00fcckwunsch.<\/p>\n\n\n<div class=\"wp-block-image\">\n<figure class=\"aligncenter size-full\"><img loading=\"lazy\" decoding=\"async\" width=\"480\" height=\"319\" src=\"https:\/\/arnwiesen.net\/wpt\/wp-content\/uploads\/2012\/melle\/DSC_492-kl.jpg\" alt=\"\" class=\"wp-image-962\" srcset=\"https:\/\/arnwiesen.net\/wpt\/wp-content\/uploads\/2012\/melle\/DSC_492-kl.jpg 480w, https:\/\/arnwiesen.net\/wpt\/wp-content\/uploads\/2012\/melle\/DSC_492-kl-300x199.jpg 300w\" sizes=\"auto, (max-width: 480px) 85vw, 480px\" \/><figcaption>den Ironman im Nacken . . .<\/figcaption><\/figure>\n<\/div>\n\n\n<!--more-->\n\n\n<div class=\"wp-block-image\">\n<figure class=\"aligncenter size-full\"><img loading=\"lazy\" decoding=\"async\" width=\"480\" height=\"319\" src=\"https:\/\/arnwiesen.net\/wpt\/wp-content\/uploads\/2012\/melle\/DSC_493-kl.jpg\" alt=\"\" class=\"wp-image-963\" srcset=\"https:\/\/arnwiesen.net\/wpt\/wp-content\/uploads\/2012\/melle\/DSC_493-kl.jpg 480w, https:\/\/arnwiesen.net\/wpt\/wp-content\/uploads\/2012\/melle\/DSC_493-kl-300x199.jpg 300w\" sizes=\"auto, (max-width: 480px) 85vw, 480px\" \/><figcaption>spurtstark . . .<\/figcaption><\/figure>\n<\/div>\n\n<div class=\"wp-block-image\">\n<figure class=\"aligncenter size-full\"><img loading=\"lazy\" decoding=\"async\" width=\"480\" height=\"319\" src=\"https:\/\/arnwiesen.net\/wpt\/wp-content\/uploads\/2012\/melle\/DSC_494-kl.jpg\" alt=\"\" class=\"wp-image-964\" srcset=\"https:\/\/arnwiesen.net\/wpt\/wp-content\/uploads\/2012\/melle\/DSC_494-kl.jpg 480w, https:\/\/arnwiesen.net\/wpt\/wp-content\/uploads\/2012\/melle\/DSC_494-kl-300x199.jpg 300w\" sizes=\"auto, (max-width: 480px) 85vw, 480px\" \/><figcaption>und nicht zu schlagen &#8211; David (22 Min. f\u00fcr die Laufstrecke)<\/figcaption><\/figure>\n<\/div>\n\n\n<p>Das neben dieser Leistung, die Erfolge der anderen Starter des TC-K\u00f6ln-Jena ein wenig in den Hintergrund rutschen ist verst\u00e4ndlich, sollten aber nicht unerw\u00e4hnt bleiben.<\/p>\n\n\n\n<p>Insbesondere Atze, der Freitag erst aus Jena anreiste und&nbsp;die Nacht von Hasbergen mit anschlie\u00dfendem Weinfest gut rumbrachte. Am&nbsp;Samstag auf dem Golfplatz und auch beim Grillen bei Werner konnte die Leistung von Atze \u00fcberzeugen. So gest\u00e4rkt,&nbsp;war er mit etwas \u00fcber einer Stunde, schnellster Einzel-Tiathlet der&nbsp;Runde.<\/p>\n\n\n\n<p>Cossi &#8211; aktuell noch nicht in Topform &#8211; erreichte immerhin fast seine Zeit von 2010 und konnte sich den Angriffen von Rosi entziehen.<\/p>\n\n\n\n<p><strong>27. Meller Triathlon &#8211; 400 m &#8211; 16,6 km &#8211; 5000 m<\/strong><\/p>\n\n\n\n<figure class=\"wp-block-table\"><table><tbody><tr><td>Starter<\/td><td>AK Platz<\/td><td>Platz gesamt<\/td><td>Gesamtzeit<\/td><\/tr><tr><td>Atze<\/td><td>5.<\/td><td>57.<\/td><td>01:07:18<\/td><\/tr><tr><td>Burkhard<\/td><td>36.<\/td><td>98.<\/td><td>01:13:59<\/td><\/tr><tr><td>Cossi<\/td><td>17.<\/td><td>135.<\/td><td>01:22:50<\/td><\/tr><tr><td>Rosi<\/td><td>2.<\/td><td>42.<\/td><td>01:26:10<\/td><\/tr><tr><td>Richard<\/td><td>14.<\/td><td>145.<\/td><td>01:33:11<\/td><\/tr><tr><td><\/td><td><\/td><td><\/td><td><\/td><\/tr><tr><td>Staffel:<br>Christina, Klaus, David<\/td><td><\/td><td><\/td><td>00:56:04<\/td><\/tr><\/tbody><\/table><\/figure>\n","protected":false},"excerpt":{"rendered":"<p>27. Gr\u00f6negau Triathlon Melle Sensationelle Leistung von Davis beim Meller Triathlon. Als Schlussl\u00e4ufer der Staffel konnte er Ironman Carsten M\u00fcller auf Distanz halten (http:\/\/www.noz.de\/lokales\/46440373\/die-naechste-qualifikation-kommt). Wie lange die beiden sich die Laufstrecke teilten, ist schwer zu sagen. Vom Ziel sind nicht ganz 1 km einzusehen und schon da liefen beide zusammen. Als erster aus dem W\u00e4ldchen &hellip; <a href=\"https:\/\/arnwiesen.net\/wpt\/2012\/david-gegen-ironman\/\" class=\"more-link\"><span class=\"screen-reader-text\">\u201eDavid gegen Ironman\u201c<\/span> weiterlesen<\/a><\/p>\n","protected":false},"author":1,"featured_media":0,"comment_status":"closed","ping_status":"open","sticky":false,"template":"","format":"standard","meta":{"footnotes":""},"categories":[17],"tags":[256,172,136,141],"class_list":["post-2730","post","type-post","status-publish","format-standard","hentry","category-berichte-2012","tag-groenegau-triathlon","tag-melle","tag-triathlon","tag-volkstriathlon"],"_links":{"self":[{"href":"https:\/\/arnwiesen.net\/wpt\/wp-json\/wp\/v2\/posts\/2730","targetHints":{"allow":["GET"]}}],"collection":[{"href":"https:\/\/arnwiesen.net\/wpt\/wp-json\/wp\/v2\/posts"}],"about":[{"href":"https:\/\/arnwiesen.net\/wpt\/wp-json\/wp\/v2\/types\/post"}],"author":[{"embeddable":true,"href":"https:\/\/arnwiesen.net\/wpt\/wp-json\/wp\/v2\/users\/1"}],"replies":[{"embeddable":true,"href":"https:\/\/arnwiesen.net\/wpt\/wp-json\/wp\/v2\/comments?post=2730"}],"version-history":[{"count":3,"href":"https:\/\/arnwiesen.net\/wpt\/wp-json\/wp\/v2\/posts\/2730\/revisions"}],"predecessor-version":[{"id":4217,"href":"https:\/\/arnwiesen.net\/wpt\/wp-json\/wp\/v2\/posts\/2730\/revisions\/4217"}],"wp:attachment":[{"href":"https:\/\/arnwiesen.net\/wpt\/wp-json\/wp\/v2\/media?parent=2730"}],"wp:term":[{"taxonomy":"category","embeddable":true,"href":"https:\/\/arnwiesen.net\/wpt\/wp-json\/wp\/v2\/categories?post=2730"},{"taxonomy":"post_tag","embeddable":true,"href":"https:\/\/arnwiesen.net\/wpt\/wp-json\/wp\/v2\/tags?post=2730"}],"curies":[{"name":"wp","href":"https:\/\/api.w.org\/{rel}","templated":true}]}}