{"id":2728,"date":"2012-04-21T20:07:00","date_gmt":"2012-04-21T18:07:00","guid":{"rendered":"https:\/\/arnwiesen.net\/wpt\/?p=2728"},"modified":"2022-07-12T11:39:21","modified_gmt":"2022-07-12T09:39:21","slug":"bicycle-holidays-auf-mallorca","status":"publish","type":"post","link":"https:\/\/arnwiesen.net\/wpt\/2012\/bicycle-holidays-auf-mallorca\/","title":{"rendered":"Bicycle Holidays auf Mallorca"},"content":{"rendered":"\n<p>Vom 21. &#8211; 28. April 2012 waren wir im&nbsp;<strong>Fahrrad-Trainingslager<\/strong>&nbsp;in Alcudia auf<strong>&nbsp;Mallorca<\/strong>.<br>Die Teilnehmer waren: Evi, J\u00f6rg, Babsi, Hardy, Atze und Frank<br>Das gesamte Reisepaket war organisiert \u00fcber<\/p>\n\n\n\n<p><a rel=\"noreferrer noopener\" href=\"http:\/\/www.bicycle-holidays.com\/\" target=\"_blank\"><strong>Bicycle Holidays<br><\/strong><\/a>Max H\u00fcrzeler<\/p>\n\n\n\n<p>Vom Hotel aus&nbsp;gab es t\u00e4glich gef\u00fchrte Radtouren mit unterschiedlichen Entfernungen, Durchschnittsgeschwindigkeiten und H\u00f6henmetern.<br>Je nach eigener Leistungseinsch\u00e4tzung konnte man sich in einer geeigneten Gruppe einschreiben.<\/p>\n\n\n<div class=\"wp-block-image\">\n<figure class=\"aligncenter\"><img decoding=\"async\" src=\"https:\/\/arnwiesen.net\/wpt\/wp-content\/uploads\/2012\/mallorca\/dsc01549.jpg\" alt=\"\"\/><figcaption>Leuchtturm auf dem Cap de Formentor<\/figcaption><\/figure>\n<\/div>\n\n\n<p>Schon beim Anflug auf Mallorca erkannten wir eines unserer Radtour-Ziele der n\u00e4chsten Tage: Der Leuchtturm auf dem Cap de Formentor<\/p>\n\n\n\n<!--more-->\n\n\n<div class=\"wp-block-image\">\n<figure class=\"aligncenter\"><img decoding=\"async\" src=\"https:\/\/arnwiesen.net\/wpt\/wp-content\/uploads\/2012\/mallorca\/dsc01560.jpg\" alt=\"\"\/><\/figure>\n<\/div>\n\n\n<p>Die gesamte Insel ist recht flach, nur entlang der Westk\u00fcste erstreckt sich ein Gebirge, dessen Bergspitzen bis ca. 1400 m hinauf reichen.<br>Dieses Gebirge haben wir bei unserer&nbsp;<a href=\"http:\/\/www.gps-tour.info\/de\/touren\/detail.32087.html\" target=\"_blank\" rel=\"noreferrer noopener\"><strong>Mallorca-K\u00fcstenklassik<\/strong><\/a>&nbsp;l\u00e4ngs durchfahren.<\/p>\n\n\n<div class=\"wp-block-image\">\n<figure class=\"aligncenter\"><img decoding=\"async\" src=\"https:\/\/arnwiesen.net\/wpt\/wp-content\/uploads\/2012\/mallorca\/dsc01641.jpg\" alt=\"\"\/><\/figure>\n<\/div>\n\n\n<p>Am Abend des 1. Urlaubstages machten Atze und Frank noch etliche Fotos in Alcudia.<br>Hier stehen wir auf einer Fu\u00dfg\u00e4ngerbr\u00fccke an der Strandpromenade.<\/p>\n\n\n<div class=\"wp-block-image\">\n<figure class=\"aligncenter\"><img decoding=\"async\" src=\"https:\/\/arnwiesen.net\/wpt\/wp-content\/uploads\/2012\/mallorca\/dsc01666.jpg\" alt=\"\"\/><\/figure>\n<\/div>\n\n\n<p>Die Radgruppen durften maximal 10 Teilnehmer mitnehmen.<br>Je nach Stra\u00dfenbedingungen und Verkehrslage fuhren wir einreihig oder in Doppelreihe.<\/p>\n\n\n<div class=\"wp-block-image\">\n<figure class=\"aligncenter\"><img decoding=\"async\" src=\"https:\/\/arnwiesen.net\/wpt\/wp-content\/uploads\/2012\/mallorca\/dsc01799.jpg\" alt=\"\"\/><\/figure>\n<\/div>\n\n\n<p>Am 3. Tag machten Atze, Babsi und Frank einen Ruhetag.<br>Wir mieteten uns f\u00fcr 45,- \u20ac einen Fiat Panda und erkundeten die Teile der Insel, wo wir mit dem Rad nicht hingekommen w\u00e4ren.<br>Hier sind wir in Sa Calobra.<\/p>\n\n\n<div class=\"wp-block-image\">\n<figure class=\"aligncenter\"><img decoding=\"async\" src=\"https:\/\/arnwiesen.net\/wpt\/wp-content\/uploads\/2012\/mallorca\/dsc01825.jpg\" alt=\"\"\/><\/figure>\n<\/div>\n\n\n<p>An diesem Tag war in Sa Calobra hoher Wellengang, so da\u00df die Bucht noch atemberaubender war, als bei ruhiger See.<\/p>\n\n\n<div class=\"wp-block-image\">\n<figure class=\"aligncenter\"><img decoding=\"async\" src=\"https:\/\/arnwiesen.net\/wpt\/wp-content\/uploads\/2012\/mallorca\/dsc01909.jpg\" alt=\"\"\/><\/figure>\n<\/div>\n\n\n<p>Nat\u00fcrlich geh\u00f6rt zu einem Mallorca-Urlaub auch ein Besuch der Hauptstadt Palma mit dazu.<br>Die&nbsp;<strong>Kathedrale &#8222;La Seu&#8220;<\/strong>&nbsp;haben wir selbstverst\u00e4ndlich auch von innen besichtigt.<\/p>\n\n\n<div class=\"wp-block-image\">\n<figure class=\"aligncenter\"><img decoding=\"async\" src=\"https:\/\/arnwiesen.net\/wpt\/wp-content\/uploads\/2012\/mallorca\/dsc01912.jpg\" alt=\"\"\/><\/figure>\n<\/div>\n\n\n<p>In solchen Zelten waren unsere R\u00e4der \u00fcber Nacht untergebracht.<\/p>\n\n\n<div class=\"wp-block-image\">\n<figure class=\"aligncenter\"><img decoding=\"async\" src=\"https:\/\/arnwiesen.net\/wpt\/wp-content\/uploads\/2012\/mallorca\/dsc01917.jpg\" alt=\"\"\/><\/figure>\n<\/div>\n\n\n<p>Das Startfoto vor der Fahrt zum Leuchtturm am Cap de Formentor.<\/p>\n\n\n<div class=\"wp-block-image\">\n<figure class=\"aligncenter\"><img decoding=\"async\" src=\"https:\/\/arnwiesen.net\/wpt\/wp-content\/uploads\/2012\/mallorca\/dsc01938.jpg\" alt=\"\"\/><\/figure>\n<\/div>\n\n\n<p>Auf dem Weg zum Cap de Formentor gibt es diesen herrlichen Aussichtspunkt.<\/p>\n\n\n<div class=\"wp-block-image\">\n<figure class=\"aligncenter\"><img decoding=\"async\" src=\"https:\/\/arnwiesen.net\/wpt\/wp-content\/uploads\/2012\/mallorca\/dsc01962.jpg\" alt=\"\"\/><\/figure>\n<\/div>\n\n\n<p>Der Leuchtturm am Cap de Formentor.<\/p>\n\n\n<div class=\"wp-block-image\">\n<figure class=\"aligncenter\"><img decoding=\"async\" src=\"https:\/\/arnwiesen.net\/wpt\/wp-content\/uploads\/2012\/mallorca\/dsc01969.jpg\" alt=\"\"\/><\/figure>\n<\/div>\n\n\n<p>Gruppenfoto am Cap de Formentor. Der Leuchtturm ist im R\u00fccken des Fotografen.<\/p>\n\n\n<div class=\"wp-block-image\">\n<figure class=\"aligncenter\"><img decoding=\"async\" src=\"https:\/\/arnwiesen.net\/wpt\/wp-content\/uploads\/2012\/mallorca\/dsc02025.jpg\" alt=\"\"\/><\/figure>\n<\/div>\n\n\n<p>Am 5. Tag waren wir fit f\u00fcr die&nbsp;<a href=\"http:\/\/www.gps-tour.info\/de\/touren\/detail.32087.html\" target=\"_blank\" rel=\"noreferrer noopener\"><strong>Mallorca-K\u00fcstenklassik<\/strong><\/a>&nbsp;.<br>Fr\u00fch sind wir mit dem Bus vom Hotel nach Port d&#8217;Andratx gefahren und von dort entlang der K\u00fcstenstra\u00dfe zur\u00fcch nach Playa de Muro.<br>Dabei geht es knapp 140 km l\u00e4ngs durch das Gebirge an der Westk\u00fcste Mallorcas und die Streckke summiert sich auf insgesamt ca. 2500 H\u00f6henmeter.<\/p>\n\n\n<div class=\"wp-block-image\">\n<figure class=\"aligncenter\"><img decoding=\"async\" src=\"https:\/\/arnwiesen.net\/wpt\/wp-content\/uploads\/2012\/mallorca\/dsc02035.jpg\" alt=\"\"\/><\/figure>\n<\/div>\n\n\n<p>Unterwegs gab es immer sch\u00f6ne Ausblicke von der Steilk\u00fcste aufs Mittelmeer.<\/p>\n\n\n<div class=\"wp-block-image\">\n<figure class=\"aligncenter\"><img decoding=\"async\" src=\"https:\/\/arnwiesen.net\/wpt\/wp-content\/uploads\/2012\/mallorca\/dsc02075.jpg\" alt=\"\"\/><\/figure>\n<\/div>\n\n\n<p>Kurze Pause auf dem h\u00f6chsten Punkt der&nbsp;<a href=\"http:\/\/www.gps-tour.info\/de\/touren\/detail.32087.html\" target=\"_blank\" rel=\"noreferrer noopener\"><strong>Mallorca-K\u00fcstenklassik<\/strong><\/a>&nbsp;, bevor es durch den Tunnel geht.<\/p>\n\n\n<div class=\"wp-block-image\">\n<figure class=\"aligncenter\"><img decoding=\"async\" src=\"https:\/\/arnwiesen.net\/wpt\/wp-content\/uploads\/2012\/mallorca\/dsc02078.jpg\" alt=\"\"\/><\/figure>\n<\/div>\n\n\n<p>Gruppenfoto auf dem h\u00f6chsten Punkt (880 m) der&nbsp;<a href=\"http:\/\/www.gps-tour.info\/de\/touren\/detail.32087.html\" target=\"_blank\" rel=\"noreferrer noopener\"><strong>Mallorca-K\u00fcstenklassik<\/strong><\/a>&nbsp;vor dem Tunnel des Puig Major.<\/p>\n\n\n<div class=\"wp-block-image\">\n<figure class=\"aligncenter\"><img decoding=\"async\" src=\"https:\/\/arnwiesen.net\/wpt\/wp-content\/uploads\/2012\/mallorca\/dsc02094.jpg\" alt=\"\"\/><\/figure>\n<\/div>\n\n\n<p>Am letzen Urlaubstag gab es zum Ausklang noch eine Radtour zum&nbsp;<a href=\"http:\/\/www.mallorica.de\/klosterlluc.htm\" target=\"_blank\" rel=\"noreferrer noopener\"><strong>Kloster Lluc<\/strong><\/a>&nbsp;.<br>Hier rasten wir auf einem kleinem Pa\u00df kurz vor dem Kloster.<\/p>\n\n\n<div class=\"wp-block-image\">\n<figure class=\"aligncenter\"><img decoding=\"async\" src=\"https:\/\/arnwiesen.net\/wpt\/wp-content\/uploads\/2012\/mallorca\/dsc02097.jpg\" alt=\"\"\/><\/figure>\n<\/div>\n\n\n<p>Im Gel\u00e4nde des&nbsp;<a href=\"http:\/\/www.mallorica.de\/klosterlluc.htm\" target=\"_blank\" rel=\"noreferrer noopener\"><strong>Kloster Lluc<\/strong><\/a>&nbsp;.<\/p>\n\n\n<div class=\"wp-block-image\">\n<figure class=\"aligncenter\"><img decoding=\"async\" src=\"https:\/\/arnwiesen.net\/wpt\/wp-content\/uploads\/2012\/mallorca\/dsc02120.jpg\" alt=\"\"\/><\/figure>\n<\/div>\n\n\n<p>Ein Prosit auf diesen wundersch\u00f6nen Urlaub.<br>Wir waren bestimmt nicht zum letzten Mal mit&nbsp;<a href=\"http:\/\/www.bicycle-holidays.com\/\" target=\"_blank\" rel=\"noreferrer noopener\"><strong>Bicycle Holidays<\/strong><\/a>&nbsp;im Urlaub auf Mallorca.<\/p>\n\n\n\n<p>mehr Fotos unter<br><a href=\"http:\/\/franklehmann.dyndns.eu\/index.php?folder=\/2012\/04_Mallorca\/\" target=\"_blank\" rel=\"noreferrer noopener\">http:\/\/franklehmann.dyndns.eu\/index.php?folder=\/2012\/04_Mallorca\/<\/a>&nbsp;<\/p>\n","protected":false},"excerpt":{"rendered":"<p>Vom 21. &#8211; 28. April 2012 waren wir im&nbsp;Fahrrad-Trainingslager&nbsp;in Alcudia auf&nbsp;Mallorca.Die Teilnehmer waren: Evi, J\u00f6rg, Babsi, Hardy, Atze und FrankDas gesamte Reisepaket war organisiert \u00fcber Bicycle HolidaysMax H\u00fcrzeler Vom Hotel aus&nbsp;gab es t\u00e4glich gef\u00fchrte Radtouren mit unterschiedlichen Entfernungen, Durchschnittsgeschwindigkeiten und H\u00f6henmetern.Je nach eigener Leistungseinsch\u00e4tzung konnte man sich in einer geeigneten Gruppe einschreiben. Schon beim Anflug &hellip; <a href=\"https:\/\/arnwiesen.net\/wpt\/2012\/bicycle-holidays-auf-mallorca\/\" class=\"more-link\"><span class=\"screen-reader-text\">\u201eBicycle Holidays auf Mallorca\u201c<\/span> weiterlesen<\/a><\/p>\n","protected":false},"author":6,"featured_media":0,"comment_status":"closed","ping_status":"open","sticky":false,"template":"","format":"standard","meta":{"footnotes":""},"categories":[17],"tags":[85,66,31],"class_list":["post-2728","post","type-post","status-publish","format-standard","hentry","category-berichte-2012","tag-cap-de-formentor","tag-mallorca","tag-radtour"],"_links":{"self":[{"href":"https:\/\/arnwiesen.net\/wpt\/wp-json\/wp\/v2\/posts\/2728","targetHints":{"allow":["GET"]}}],"collection":[{"href":"https:\/\/arnwiesen.net\/wpt\/wp-json\/wp\/v2\/posts"}],"about":[{"href":"https:\/\/arnwiesen.net\/wpt\/wp-json\/wp\/v2\/types\/post"}],"author":[{"embeddable":true,"href":"https:\/\/arnwiesen.net\/wpt\/wp-json\/wp\/v2\/users\/6"}],"replies":[{"embeddable":true,"href":"https:\/\/arnwiesen.net\/wpt\/wp-json\/wp\/v2\/comments?post=2728"}],"version-history":[{"count":3,"href":"https:\/\/arnwiesen.net\/wpt\/wp-json\/wp\/v2\/posts\/2728\/revisions"}],"predecessor-version":[{"id":3366,"href":"https:\/\/arnwiesen.net\/wpt\/wp-json\/wp\/v2\/posts\/2728\/revisions\/3366"}],"wp:attachment":[{"href":"https:\/\/arnwiesen.net\/wpt\/wp-json\/wp\/v2\/media?parent=2728"}],"wp:term":[{"taxonomy":"category","embeddable":true,"href":"https:\/\/arnwiesen.net\/wpt\/wp-json\/wp\/v2\/categories?post=2728"},{"taxonomy":"post_tag","embeddable":true,"href":"https:\/\/arnwiesen.net\/wpt\/wp-json\/wp\/v2\/tags?post=2728"}],"curies":[{"name":"wp","href":"https:\/\/api.w.org\/{rel}","templated":true}]}}