{"id":2726,"date":"2012-05-29T14:46:00","date_gmt":"2012-05-29T12:46:00","guid":{"rendered":"https:\/\/arnwiesen.net\/wpt\/?p=2726"},"modified":"2022-07-07T12:04:54","modified_gmt":"2022-07-07T10:04:54","slug":"100-fietselfstedentocht-2012","status":"publish","type":"post","link":"https:\/\/arnwiesen.net\/wpt\/2012\/100-fietselfstedentocht-2012\/","title":{"rendered":"100. Fietselfstedentocht 2012"},"content":{"rendered":"\n<p><strong>Fietselfstedentocht was &#8218;een makkie&#8216;<\/strong><\/p>\n\n\n\n<p>Gepubliceerd op 28 mei 2012, 22:05<\/p>\n\n\n\n<p>BOLSWARD &#8211; Die Wetterbingungen machten die hunderste Fahrrad-11-St\u00e4dte-Tour dieses Jahr relativ einfach, verk\u00fcndete die Organisation. Montagabend gegen neun Uhr hatten bereits dreiviertel der 11-St\u00e4dte-Fahrer in Bolsward gefinisht. Zu dieser Zeit passierte die letzte Fahrer Hindelopen. Mehr als 12.000 Radfahrer hatten ihre 240 km erfolgreich bew\u00e4ltigt.<\/p>\n\n\n\n<p>Von morgens f\u00fcnf Uhr starteten die insgesamt 14.248 Fahrer. Das sch\u00f6ne Wetter lockte viele Zuschauer entlang der Route. Die Atmosph\u00e4re war sehr gut teilte Polizei und Organisation mit.<\/p>\n\n\n<div class=\"wp-block-image\">\n<figure class=\"aligncenter size-full\"><img loading=\"lazy\" decoding=\"async\" width=\"550\" height=\"391\" src=\"https:\/\/arnwiesen.net\/wpt\/wp-content\/uploads\/2012\/11-steden\/100-11-steden.jpg\" alt=\"\" class=\"wp-image-995\" srcset=\"https:\/\/arnwiesen.net\/wpt\/wp-content\/uploads\/2012\/11-steden\/100-11-steden.jpg 550w, https:\/\/arnwiesen.net\/wpt\/wp-content\/uploads\/2012\/11-steden\/100-11-steden-300x213.jpg 300w\" sizes=\"auto, (max-width: 550px) 85vw, 550px\" \/><\/figure>\n<\/div>\n\n\n<!--more-->\n\n\n\n<p><strong>Weinig uitvallers bij Fietselfstedentocht<\/strong><\/p>\n\n\n\n<p>Gepubliceerd op 29 mei 2012, 00:35<\/p>\n\n\n\n<p>BOLSWARD &#8211; Die Jubil\u00e4umsausgabe der Fahrrad-11-St\u00e4dte-Tour hatte nur wenige Ausf\u00e4lle: lediglich 127 Radfahrer stiegen Montag vorzeitig von ihrem Rad. Im Vorjahr verzeichnete die Tour noch 966 Aufgaben. Da waren die Wetterbedingungen \u00fcbrigens sehr schlimm.<\/p>\n\n\n\n<p>Die Organisation spricht von einer einfachen Fahrrad-11-St\u00e4dte-Tour in diesem Jahr, da der gr\u00f6\u00dfte Teil der Teilnehmer reichlich vor Mitternacht in Bolsward finishte.<\/p>\n\n\n<div class=\"wp-block-image\">\n<figure class=\"aligncenter size-full\"><img loading=\"lazy\" decoding=\"async\" width=\"480\" height=\"360\" src=\"https:\/\/arnwiesen.net\/wpt\/wp-content\/uploads\/2012\/11-steden\/P1080549-kl.jpg\" alt=\"\" class=\"wp-image-988\" srcset=\"https:\/\/arnwiesen.net\/wpt\/wp-content\/uploads\/2012\/11-steden\/P1080549-kl.jpg 480w, https:\/\/arnwiesen.net\/wpt\/wp-content\/uploads\/2012\/11-steden\/P1080549-kl-300x225.jpg 300w\" sizes=\"auto, (max-width: 480px) 85vw, 480px\" \/><\/figure>\n<\/div>\n\n\n<p>05:52 &#8211; 14.000 Radler schieben sich zum Start &#8211; um 5:59 \u00fcberqueren wir die Startlinie und um<\/p>\n\n\n<div class=\"wp-block-image\">\n<figure class=\"aligncenter size-full\"><img loading=\"lazy\" decoding=\"async\" width=\"480\" height=\"360\" src=\"https:\/\/arnwiesen.net\/wpt\/wp-content\/uploads\/2012\/11-steden\/P1080558-kl.jpg\" alt=\"\" class=\"wp-image-989\" srcset=\"https:\/\/arnwiesen.net\/wpt\/wp-content\/uploads\/2012\/11-steden\/P1080558-kl.jpg 480w, https:\/\/arnwiesen.net\/wpt\/wp-content\/uploads\/2012\/11-steden\/P1080558-kl-300x225.jpg 300w\" sizes=\"auto, (max-width: 480px) 85vw, 480px\" \/><\/figure>\n<\/div>\n\n\n<p>06:03 erhalten wir den Startstempel und &#8222;it giet oan&#8220; &#8211; 500 m in 10 min &#8211; dass macht jeden Schnitt kaputt.<\/p>\n\n\n\n<p>Im Ganzen bin ich sehr zufrieden &#8211; bis km 180 hatte ich einen 25er Schnitt und das bei den engen Ortsdurchfahrten mit langsamen Zu-Fu\u00df-Passagen. Auf der Strecke ging es meist sehr z\u00fcgig zwischen 28 und 32 in kleinen Gruppen \u00fcber breite Wirtschaftswege.<\/p>\n\n\n<div class=\"wp-block-image\">\n<figure class=\"aligncenter size-full\"><img loading=\"lazy\" decoding=\"async\" width=\"480\" height=\"360\" src=\"https:\/\/arnwiesen.net\/wpt\/wp-content\/uploads\/2012\/11-steden\/P1080565-kl.jpg\" alt=\"\" class=\"wp-image-990\" srcset=\"https:\/\/arnwiesen.net\/wpt\/wp-content\/uploads\/2012\/11-steden\/P1080565-kl.jpg 480w, https:\/\/arnwiesen.net\/wpt\/wp-content\/uploads\/2012\/11-steden\/P1080565-kl-300x225.jpg 300w\" sizes=\"auto, (max-width: 480px) 85vw, 480px\" \/><\/figure>\n<\/div>\n\n\n<p>07:23 &#8211; Carsten &#8211; kurz or dem 3. Stempel &#8211; und noch 208 km<\/p>\n\n\n<div class=\"wp-block-image\">\n<figure class=\"aligncenter size-full\"><img loading=\"lazy\" decoding=\"async\" width=\"480\" height=\"360\" src=\"https:\/\/arnwiesen.net\/wpt\/wp-content\/uploads\/2012\/11-steden\/P1080566-kl.jpg\" alt=\"\" class=\"wp-image-991\" srcset=\"https:\/\/arnwiesen.net\/wpt\/wp-content\/uploads\/2012\/11-steden\/P1080566-kl.jpg 480w, https:\/\/arnwiesen.net\/wpt\/wp-content\/uploads\/2012\/11-steden\/P1080566-kl-300x225.jpg 300w\" sizes=\"auto, (max-width: 480px) 85vw, 480px\" \/><\/figure>\n<\/div>\n\n\n<p>Franeker &#8211; Hochw\u00fcrden beim stempeln<\/p>\n\n\n\n<p>Die letzten 50 km ging es dann wie gewohnt \u00fcber die Deiche gegen den Wind und den inneren Schweinehund. Immer gut wenn ein kleiner Pulk vorbei zieht, in dem man eine Weile mitfahren kann.&nbsp;Um 18:15 erreiche ich mit einigen Westerkappelnern das Ziel.&nbsp;<\/p>\n\n\n<div class=\"wp-block-image\">\n<figure class=\"aligncenter size-full\"><img loading=\"lazy\" decoding=\"async\" width=\"480\" height=\"360\" src=\"https:\/\/arnwiesen.net\/wpt\/wp-content\/uploads\/2012\/11-steden\/P1080660-kl.jpg\" alt=\"\" class=\"wp-image-992\" srcset=\"https:\/\/arnwiesen.net\/wpt\/wp-content\/uploads\/2012\/11-steden\/P1080660-kl.jpg 480w, https:\/\/arnwiesen.net\/wpt\/wp-content\/uploads\/2012\/11-steden\/P1080660-kl-300x225.jpg 300w\" sizes=\"auto, (max-width: 480px) 85vw, 480px\" \/><\/figure>\n<\/div>\n\n\n<p>18:15 &#8211; in kleinern Gruppen oder jeder f\u00fcr sich &#8211; und im Ziel gibt es das begehrte Fiets-Elfstedentocht-Kreuz<\/p>\n\n\n<div class=\"wp-block-image\">\n<figure class=\"aligncenter size-full\"><img loading=\"lazy\" decoding=\"async\" width=\"480\" height=\"360\" src=\"https:\/\/arnwiesen.net\/wpt\/wp-content\/uploads\/2012\/11-steden\/P1080662-kl.jpg\" alt=\"\" class=\"wp-image-993\" srcset=\"https:\/\/arnwiesen.net\/wpt\/wp-content\/uploads\/2012\/11-steden\/P1080662-kl.jpg 480w, https:\/\/arnwiesen.net\/wpt\/wp-content\/uploads\/2012\/11-steden\/P1080662-kl-300x225.jpg 300w\" sizes=\"auto, (max-width: 480px) 85vw, 480px\" \/><\/figure>\n<\/div>\n\n\n<figure class=\"wp-block-table\"><table><tbody><tr><td>&nbsp;<\/td><td><strong>Ulli<\/strong><\/td><td><strong>Carsten<\/strong><\/td><\/tr><tr><td>Distanz<\/td><td>240 km<\/td><td>240 km<\/td><\/tr><tr><td>Fahrtzeit<\/td><td>10 h 23 min<\/td><td>9 h 27 min<\/td><\/tr><tr><td>avg. Geschwindigkeit<\/td><td>23,1 km\/h<\/td><td>25,4 km\/h<\/td><\/tr><tr><td>avg. Trittfrequienz<\/td><td>70<\/td><td>80<\/td><\/tr><tr><td>Herzfrequenz<\/td><td>131<\/td><td>&nbsp;<\/td><\/tr><tr><td>Verbrauch<\/td><td>6.945 Kcal<\/td><td>5.664 kcal<\/td><\/tr><\/tbody><\/table><\/figure>\n\n\n\n<hr class=\"wp-block-separator has-alpha-channel-opacity\"\/>\n\n\n\n<p>Welchen&nbsp;Stellenwert die &#8222;Fietselfstedentocht&#8220; in Friesland hat zeigt sich im&nbsp;Video&nbsp;&#8222;Last Finisher&#8220;&nbsp;<\/p>\n\n\n\n<figure class=\"wp-block-table\"><table><tbody><tr><td><a href=\"http:\/\/www.aviewfromthecyclepath.com\/2012\/05\/fietselfstedentocht-2012-last-finisher.html\" target=\"_blank\" rel=\"noreferrer noopener\"><\/a><\/td><\/tr><tr><td>Wiebe Idsinga &#8211;&nbsp;<a href=\"http:\/\/www.aviewfromthecyclepath.com\/2012\/05\/fietselfstedentocht-2012-last-finisher.html\" target=\"_blank\" rel=\"noreferrer noopener\">Fietselfstedentocht 2012 &#8211; last finisher<\/a><\/td><\/tr><\/tbody><\/table><\/figure>\n\n\n\n<p>22:50 und noch 30 km bis zum Ziel in Bolsward, dass nach 240 km um 24:00 geschlossen wird.<\/p>\n\n\n\n<p>Um 0:30 &#8211; 3 km vor Bolsward &#8211; wird Wiebe von den Offiziellen gebeten aufzuh\u00f6ren. Nur wenn er in den Besenwagen steigt, erh\u00e4lt er die&nbsp;Finisher-Medallie. Nach der Ehrung in Blosward wird Wiebe gefragt, wie er jetzt nach Hause kommt &#8211; &#8222;mit dem Fahrrad, wie heute morgen&#8220;.<\/p>\n\n\n\n<p>(Wiebe wohnt in Franeker, 16 km von Bolsward)<\/p>\n\n\n\n<figure class=\"wp-block-embed\"><div class=\"wp-block-embed__wrapper\">\nhttps:\/\/picasaweb.google.com\/Blijmansfotos\/DeElfStedentocht11022012#5708553892527995922\n<\/div><\/figure>\n\n\n\n<figure class=\"wp-block-embed is-type-video is-provider-youtube wp-block-embed-youtube wp-embed-aspect-16-9 wp-has-aspect-ratio\"><div class=\"wp-block-embed__wrapper\">\n<iframe loading=\"lazy\" title=\"HEA! De laatste Elfstedenfietser\" width=\"840\" height=\"473\" src=\"https:\/\/www.youtube.com\/embed\/1fpaU8C-714?feature=oembed\" frameborder=\"0\" allow=\"accelerometer; autoplay; clipboard-write; encrypted-media; gyroscope; picture-in-picture\" allowfullscreen><\/iframe>\n<\/div><\/figure>\n","protected":false},"excerpt":{"rendered":"<p>Fietselfstedentocht was &#8218;een makkie&#8216; Gepubliceerd op 28 mei 2012, 22:05 BOLSWARD &#8211; Die Wetterbingungen machten die hunderste Fahrrad-11-St\u00e4dte-Tour dieses Jahr relativ einfach, verk\u00fcndete die Organisation. Montagabend gegen neun Uhr hatten bereits dreiviertel der 11-St\u00e4dte-Fahrer in Bolsward gefinisht. Zu dieser Zeit passierte die letzte Fahrer Hindelopen. Mehr als 12.000 Radfahrer hatten ihre 240 km erfolgreich bew\u00e4ltigt. &hellip; <a href=\"https:\/\/arnwiesen.net\/wpt\/2012\/100-fietselfstedentocht-2012\/\" class=\"more-link\"><span class=\"screen-reader-text\">\u201e100. Fietselfstedentocht 2012\u201c<\/span> weiterlesen<\/a><\/p>\n","protected":false},"author":1,"featured_media":0,"comment_status":"closed","ping_status":"open","sticky":false,"template":"","format":"standard","meta":{"footnotes":""},"categories":[17],"tags":[115,113,112,116,117,114],"class_list":["post-2726","post","type-post","status-publish","format-standard","hentry","category-berichte-2012","tag-bolsward","tag-elfstedentocht","tag-fietselfstedentocht","tag-leuwarden","tag-marathon","tag-radmarathon"],"_links":{"self":[{"href":"https:\/\/arnwiesen.net\/wpt\/wp-json\/wp\/v2\/posts\/2726","targetHints":{"allow":["GET"]}}],"collection":[{"href":"https:\/\/arnwiesen.net\/wpt\/wp-json\/wp\/v2\/posts"}],"about":[{"href":"https:\/\/arnwiesen.net\/wpt\/wp-json\/wp\/v2\/types\/post"}],"author":[{"embeddable":true,"href":"https:\/\/arnwiesen.net\/wpt\/wp-json\/wp\/v2\/users\/1"}],"replies":[{"embeddable":true,"href":"https:\/\/arnwiesen.net\/wpt\/wp-json\/wp\/v2\/comments?post=2726"}],"version-history":[{"count":3,"href":"https:\/\/arnwiesen.net\/wpt\/wp-json\/wp\/v2\/posts\/2726\/revisions"}],"predecessor-version":[{"id":3404,"href":"https:\/\/arnwiesen.net\/wpt\/wp-json\/wp\/v2\/posts\/2726\/revisions\/3404"}],"wp:attachment":[{"href":"https:\/\/arnwiesen.net\/wpt\/wp-json\/wp\/v2\/media?parent=2726"}],"wp:term":[{"taxonomy":"category","embeddable":true,"href":"https:\/\/arnwiesen.net\/wpt\/wp-json\/wp\/v2\/categories?post=2726"},{"taxonomy":"post_tag","embeddable":true,"href":"https:\/\/arnwiesen.net\/wpt\/wp-json\/wp\/v2\/tags?post=2726"}],"curies":[{"name":"wp","href":"https:\/\/api.w.org\/{rel}","templated":true}]}}