{"id":260,"date":"2020-08-06T09:40:00","date_gmt":"2020-08-06T07:40:00","guid":{"rendered":"https:\/\/arnwiesen.net\/wpt\/?p=260"},"modified":"2022-07-12T11:35:07","modified_gmt":"2022-07-12T09:35:07","slug":"radtour-jena-pohlheim-2020","status":"publish","type":"post","link":"https:\/\/arnwiesen.net\/wpt\/2020\/radtour-jena-pohlheim-2020\/","title":{"rendered":"Radtour Jena &#8211; Pohlheim 2020"},"content":{"rendered":"\n<p><strong>Jena &#8211; Ilmenau &#8211; Wasungen &#8211; Kreuzberg &#8211; Herbstein &#8211; Pohlheim<\/strong><\/p>\n\n\n\n<p>Vom 02. &#8211; 06. August 2020 fuhren wir \u00fcber mehrere Mittelgebirge von Jena nach Pohlheim.<br>Das waren ca. 385 km in 5 Tagen.<br>Obwohl die Entfernung nicht so weit und die Berge nicht so hoch wie einer Alpentour waren, war es trotzdem recht anstrengend, da es st\u00e4ndig bergauf und bergab ging.<br>Wir waren 5 Mitfahrer: Burkhard, Ludger, Atze, Henry und Frank.<br><br>Die&nbsp;<strong>Route<\/strong>&nbsp;f\u00fchrte \u00fcber den Th\u00fcringer Wald, \u00fcber die Rh\u00f6n und \u00fcber weitere H\u00f6henz\u00fcge.<br>Wir folgten teilweise mehreren bekannten Radwegen:<br>&#8211; Th\u00fcringer St\u00e4dtekette Altenburg &#8211; Eisenach<br>&#8211; Ilm-Radweg<br>&#8211; Gera-Radweg<br>&#8211; Rennsteig-Rh\u00f6n-Radweg<br>&#8211; Fulda-Radweg<br>&#8211; R6<br>&#8211; Vulkan-Radweg&nbsp;<\/p>\n\n\n<div class=\"wp-block-image\">\n<figure class=\"aligncenter size-full\"><img loading=\"lazy\" decoding=\"async\" width=\"800\" height=\"427\" src=\"https:\/\/arnwiesen.net\/wpt\/wp-content\/uploads\/2020\/Route_Jena-Pohlheim.png\" alt=\"\" class=\"wp-image-583\" srcset=\"https:\/\/arnwiesen.net\/wpt\/wp-content\/uploads\/2020\/Route_Jena-Pohlheim.png 800w, https:\/\/arnwiesen.net\/wpt\/wp-content\/uploads\/2020\/Route_Jena-Pohlheim-300x160.png 300w, https:\/\/arnwiesen.net\/wpt\/wp-content\/uploads\/2020\/Route_Jena-Pohlheim-768x410.png 768w\" sizes=\"auto, (max-width: 709px) 85vw, (max-width: 909px) 67vw, (max-width: 984px) 61vw, (max-width: 1362px) 45vw, 600px\" \/><\/figure>\n<\/div>\n\n\n<!--more-->\n\n\n\n<p>Eine interaktive Darstellung dieser Landkarte findet man unter<br><a rel=\"noreferrer noopener\" href=\"http:\/\/franklehmann.dyndns.eu\/index.php?folder=\/2019\/10_Innsbruck_Gardasee\/\" target=\"_blank\">http:\/\/franklehmann.dyndns.eu\/index.php?folder=\/2020\/13_Radtour\/<\/a><br>Dort kann man zoomen und sieht u.a. wo wir uns \u00fcberall verfahren haben.<\/p>\n\n\n<div class=\"wp-block-image\">\n<figure class=\"aligncenter size-full\"><img loading=\"lazy\" decoding=\"async\" width=\"800\" height=\"450\" src=\"https:\/\/arnwiesen.net\/wpt\/wp-content\/uploads\/2020\/JP005.jpg\" alt=\"\" class=\"wp-image-559\" srcset=\"https:\/\/arnwiesen.net\/wpt\/wp-content\/uploads\/2020\/JP005.jpg 800w, https:\/\/arnwiesen.net\/wpt\/wp-content\/uploads\/2020\/JP005-300x169.jpg 300w, https:\/\/arnwiesen.net\/wpt\/wp-content\/uploads\/2020\/JP005-768x432.jpg 768w\" sizes=\"auto, (max-width: 709px) 85vw, (max-width: 909px) 67vw, (max-width: 984px) 61vw, (max-width: 1362px) 45vw, 600px\" \/><\/figure>\n<\/div>\n\n\n<p><strong>1. Tag<br><\/strong>Die erste Fr\u00fchst\u00fcckspause machten wir an der Jochen-K\u00f6hler-M\u00fchle in Buchfahrt am Ilm-Radweg.<br>Die Ilm f\u00fchrte zu dieser Zeit sehr wenig Wasser.&nbsp;<\/p>\n\n\n<div class=\"wp-block-image\">\n<figure class=\"aligncenter size-full\"><img loading=\"lazy\" decoding=\"async\" width=\"800\" height=\"450\" src=\"https:\/\/arnwiesen.net\/wpt\/wp-content\/uploads\/2020\/JP028.jpg\" alt=\"\" class=\"wp-image-560\" srcset=\"https:\/\/arnwiesen.net\/wpt\/wp-content\/uploads\/2020\/JP028.jpg 800w, https:\/\/arnwiesen.net\/wpt\/wp-content\/uploads\/2020\/JP028-300x169.jpg 300w, https:\/\/arnwiesen.net\/wpt\/wp-content\/uploads\/2020\/JP028-768x432.jpg 768w\" sizes=\"auto, (max-width: 709px) 85vw, (max-width: 909px) 67vw, (max-width: 984px) 61vw, (max-width: 1362px) 45vw, 600px\" \/><\/figure>\n<\/div>\n\n\n<p><strong>1. Tag<\/strong><br>Kurz vor Ilmenau machten wir einen Abstecher zur kleinsten Brauerei Deutschlands in Singen. (heute Museumsbrauerei)<br>Die Maschinen in der Brauerei werden auch heute noch \u00fcber Transmissionen von einer 14 PS starken Dampfmaschine angetrieben.<\/p>\n\n\n<div class=\"wp-block-image\">\n<figure class=\"aligncenter size-full\"><img loading=\"lazy\" decoding=\"async\" width=\"800\" height=\"600\" src=\"https:\/\/arnwiesen.net\/wpt\/wp-content\/uploads\/2020\/JP045.jpg\" alt=\"\" class=\"wp-image-561\" srcset=\"https:\/\/arnwiesen.net\/wpt\/wp-content\/uploads\/2020\/JP045.jpg 800w, https:\/\/arnwiesen.net\/wpt\/wp-content\/uploads\/2020\/JP045-300x225.jpg 300w, https:\/\/arnwiesen.net\/wpt\/wp-content\/uploads\/2020\/JP045-768x576.jpg 768w\" sizes=\"auto, (max-width: 709px) 85vw, (max-width: 909px) 67vw, (max-width: 984px) 61vw, (max-width: 1362px) 45vw, 600px\" \/><\/figure>\n<\/div>\n\n\n<p><strong>1. Tag<\/strong><br>In YouTube findet man mehrere interessante Videos zu dieser Privat-Brauerei.<br><a href=\"https:\/\/www.youtube.com\/watch?v=TpT9tOdJewQ\" target=\"_blank\" rel=\"noreferrer noopener\">https:\/\/www.youtube.com\/watch?v=TpT9tOdJewQ<\/a><br><a href=\"https:\/\/www.youtube.com\/watch?v=PMGat0MWKGs\" target=\"_blank\" rel=\"noreferrer noopener\">https:\/\/www.youtube.com\/watch?v=PMGat0MWKGs<\/a><br><a href=\"https:\/\/www.youtube.com\/watch?v=4vAWZJWmbW4\" target=\"_blank\" rel=\"noreferrer noopener\">https:\/\/www.youtube.com\/watch?v=4vAWZJWmbW4<\/a><\/p>\n\n\n<div class=\"wp-block-image\">\n<figure class=\"aligncenter size-full\"><img loading=\"lazy\" decoding=\"async\" width=\"800\" height=\"600\" src=\"https:\/\/arnwiesen.net\/wpt\/wp-content\/uploads\/2020\/JP077.jpg\" alt=\"\" class=\"wp-image-562\" srcset=\"https:\/\/arnwiesen.net\/wpt\/wp-content\/uploads\/2020\/JP077.jpg 800w, https:\/\/arnwiesen.net\/wpt\/wp-content\/uploads\/2020\/JP077-300x225.jpg 300w, https:\/\/arnwiesen.net\/wpt\/wp-content\/uploads\/2020\/JP077-768x576.jpg 768w\" sizes=\"auto, (max-width: 709px) 85vw, (max-width: 909px) 67vw, (max-width: 984px) 61vw, (max-width: 1362px) 45vw, 600px\" \/><\/figure>\n<\/div>\n\n\n<p><strong>2. Tag<\/strong><br>In Ilmenau haben wir in der &#8222;City Pension Morgentau&#8220; \u00fcbernachtet.<br>Jetzt geht es hinauf auf den Rennsteig.<\/p>\n\n\n<div class=\"wp-block-image\">\n<figure class=\"aligncenter size-full\"><img loading=\"lazy\" decoding=\"async\" width=\"800\" height=\"450\" src=\"https:\/\/arnwiesen.net\/wpt\/wp-content\/uploads\/2020\/JP078.jpg\" alt=\"\" class=\"wp-image-563\" srcset=\"https:\/\/arnwiesen.net\/wpt\/wp-content\/uploads\/2020\/JP078.jpg 800w, https:\/\/arnwiesen.net\/wpt\/wp-content\/uploads\/2020\/JP078-300x169.jpg 300w, https:\/\/arnwiesen.net\/wpt\/wp-content\/uploads\/2020\/JP078-768x432.jpg 768w\" sizes=\"auto, (max-width: 709px) 85vw, (max-width: 909px) 67vw, (max-width: 984px) 61vw, (max-width: 1362px) 45vw, 600px\" \/><\/figure>\n<\/div>\n\n\n<p><strong>2. Tag<\/strong><br>Kurz vor der Schm\u00fccke wechseln wir vom Ilm-Radweg zum Gera-Radweg.<\/p>\n\n\n<div class=\"wp-block-image\">\n<figure class=\"aligncenter size-full\"><img loading=\"lazy\" decoding=\"async\" width=\"800\" height=\"450\" src=\"https:\/\/arnwiesen.net\/wpt\/wp-content\/uploads\/2020\/JP080.jpg\" alt=\"\" class=\"wp-image-564\" srcset=\"https:\/\/arnwiesen.net\/wpt\/wp-content\/uploads\/2020\/JP080.jpg 800w, https:\/\/arnwiesen.net\/wpt\/wp-content\/uploads\/2020\/JP080-300x169.jpg 300w, https:\/\/arnwiesen.net\/wpt\/wp-content\/uploads\/2020\/JP080-768x432.jpg 768w\" sizes=\"auto, (max-width: 709px) 85vw, (max-width: 909px) 67vw, (max-width: 984px) 61vw, (max-width: 1362px) 45vw, 600px\" \/><\/figure>\n<\/div>\n\n\n<p><strong>2. Tag<\/strong><br>An der Schm\u00fccke gibt es erst mal ein k\u00fchles Bier als Belohnung f\u00fcr den Aufstieg.<br>Kurz nach der Schm\u00fccke erreichen wir den h\u00f6chsten Punkt unserer diesj\u00e4hrigen Radtour.<br>Aber es kommen noch viele weitere H\u00f6henmeter (und sogar noch Schiebe-Strecken) hinzu.&nbsp;<\/p>\n\n\n<div class=\"wp-block-image\">\n<figure class=\"aligncenter size-full\"><img loading=\"lazy\" decoding=\"async\" width=\"600\" height=\"800\" src=\"https:\/\/arnwiesen.net\/wpt\/wp-content\/uploads\/2020\/JP101.jpg\" alt=\"\" class=\"wp-image-565\" srcset=\"https:\/\/arnwiesen.net\/wpt\/wp-content\/uploads\/2020\/JP101.jpg 600w, https:\/\/arnwiesen.net\/wpt\/wp-content\/uploads\/2020\/JP101-225x300.jpg 225w\" sizes=\"auto, (max-width: 709px) 85vw, (max-width: 909px) 67vw, (max-width: 984px) 61vw, (max-width: 1362px) 45vw, 600px\" \/><\/figure>\n<\/div>\n\n\n<p><strong>2. Tag<\/strong><br>Vom Schneekopf (mit 978 m die zweith\u00f6chste Erhebung Th\u00fcringens) hat man eine sch\u00f6ne Aussicht auf den Th\u00fcringer Wald und auf das Th\u00fcringer Becken.<br>Auf der Turmspitze kann man sogar die 1000 m Marke \u00fcbersteigen.<\/p>\n\n\n<div class=\"wp-block-image\">\n<figure class=\"aligncenter size-full\"><img loading=\"lazy\" decoding=\"async\" width=\"800\" height=\"450\" src=\"https:\/\/arnwiesen.net\/wpt\/wp-content\/uploads\/2020\/JP200.jpg\" alt=\"\" class=\"wp-image-566\" srcset=\"https:\/\/arnwiesen.net\/wpt\/wp-content\/uploads\/2020\/JP200.jpg 800w, https:\/\/arnwiesen.net\/wpt\/wp-content\/uploads\/2020\/JP200-300x169.jpg 300w, https:\/\/arnwiesen.net\/wpt\/wp-content\/uploads\/2020\/JP200-768x432.jpg 768w\" sizes=\"auto, (max-width: 709px) 85vw, (max-width: 909px) 67vw, (max-width: 984px) 61vw, (max-width: 1362px) 45vw, 600px\" \/><\/figure>\n<\/div>\n\n\n<p><strong>2. Tag<\/strong><br>Die zweite \u00dcbernachtung hatten wir in der Burg Maienluft oberhalb von Wasungen.<br><a rel=\"noreferrer noopener\" href=\"http:\/\/www.burg-maienluft.de\/\" target=\"_blank\">http:\/\/www.burg-maienluft.de\/<\/a><\/p>\n\n\n<div class=\"wp-block-image\">\n<figure class=\"aligncenter size-full\"><img loading=\"lazy\" decoding=\"async\" width=\"800\" height=\"600\" src=\"https:\/\/arnwiesen.net\/wpt\/wp-content\/uploads\/2020\/JP250.jpg\" alt=\"\" class=\"wp-image-567\" srcset=\"https:\/\/arnwiesen.net\/wpt\/wp-content\/uploads\/2020\/JP250.jpg 800w, https:\/\/arnwiesen.net\/wpt\/wp-content\/uploads\/2020\/JP250-300x225.jpg 300w, https:\/\/arnwiesen.net\/wpt\/wp-content\/uploads\/2020\/JP250-768x576.jpg 768w\" sizes=\"auto, (max-width: 709px) 85vw, (max-width: 909px) 67vw, (max-width: 984px) 61vw, (max-width: 1362px) 45vw, 600px\" \/><\/figure>\n<\/div>\n\n\n<p><strong>3. Tag<\/strong><br>Inzwischen sind wir in Bayern angekommen und genehmigen uns in einem Biergarten in Fladungen ein reichhaltiges Mittagessen.<\/p>\n\n\n<div class=\"wp-block-image\">\n<figure class=\"aligncenter size-full\"><img loading=\"lazy\" decoding=\"async\" width=\"800\" height=\"450\" src=\"https:\/\/arnwiesen.net\/wpt\/wp-content\/uploads\/2020\/JP270.jpg\" alt=\"\" class=\"wp-image-568\" srcset=\"https:\/\/arnwiesen.net\/wpt\/wp-content\/uploads\/2020\/JP270.jpg 800w, https:\/\/arnwiesen.net\/wpt\/wp-content\/uploads\/2020\/JP270-300x169.jpg 300w, https:\/\/arnwiesen.net\/wpt\/wp-content\/uploads\/2020\/JP270-768x432.jpg 768w\" sizes=\"auto, (max-width: 709px) 85vw, (max-width: 909px) 67vw, (max-width: 984px) 61vw, (max-width: 1362px) 45vw, 600px\" \/><\/figure>\n<\/div>\n\n\n<p><strong>3. Tag<br><\/strong>In Bischofsheim in der Rh\u00f6n sammeln wir nochmal Kr\u00e4fte (in Form von Wei\u00df-Bieren) f\u00fcr den Aufstieg zum Kreuzberg.&nbsp;<\/p>\n\n\n<div class=\"wp-block-image\">\n<figure class=\"aligncenter size-full\"><img loading=\"lazy\" decoding=\"async\" width=\"800\" height=\"450\" src=\"https:\/\/arnwiesen.net\/wpt\/wp-content\/uploads\/2020\/JP290.jpg\" alt=\"\" class=\"wp-image-569\" srcset=\"https:\/\/arnwiesen.net\/wpt\/wp-content\/uploads\/2020\/JP290.jpg 800w, https:\/\/arnwiesen.net\/wpt\/wp-content\/uploads\/2020\/JP290-300x169.jpg 300w, https:\/\/arnwiesen.net\/wpt\/wp-content\/uploads\/2020\/JP290-768x432.jpg 768w\" sizes=\"auto, (max-width: 709px) 85vw, (max-width: 909px) 67vw, (max-width: 984px) 61vw, (max-width: 1362px) 45vw, 600px\" \/><\/figure>\n<\/div>\n\n\n<p><strong>3. Tag<\/strong><br>Hier haben wir versehentlich den scheinbar steilsten Aufstieg zum Kreuzberg erwischt, obwohl es auf dem Foto ganz harmlos aussieht.<br>Fahren war unm\u00f6glich und so mussten wir schieben.<\/p>\n\n\n<div class=\"wp-block-image\">\n<figure class=\"aligncenter size-full\"><img loading=\"lazy\" decoding=\"async\" width=\"800\" height=\"450\" src=\"https:\/\/arnwiesen.net\/wpt\/wp-content\/uploads\/2020\/JP340.jpg\" alt=\"\" class=\"wp-image-570\" srcset=\"https:\/\/arnwiesen.net\/wpt\/wp-content\/uploads\/2020\/JP340.jpg 800w, https:\/\/arnwiesen.net\/wpt\/wp-content\/uploads\/2020\/JP340-300x169.jpg 300w, https:\/\/arnwiesen.net\/wpt\/wp-content\/uploads\/2020\/JP340-768x432.jpg 768w\" sizes=\"auto, (max-width: 709px) 85vw, (max-width: 909px) 67vw, (max-width: 984px) 61vw, (max-width: 1362px) 45vw, 600px\" \/><\/figure>\n<\/div>\n\n\n<p><strong>3. Tag<\/strong><br>Nachdem wir Fahrr\u00e4der und Gep\u00e4ck bei unserer \u00dcbernachtung, der Neust\u00e4dter H\u00fctte, abgestellt hatten, konnten wir nun das gute Bier der Klosterbrauerei auf dem Kreuzberg genie\u00dfen.&nbsp;<\/p>\n\n\n<div class=\"wp-block-image\">\n<figure class=\"aligncenter size-full\"><img loading=\"lazy\" decoding=\"async\" width=\"600\" height=\"800\" src=\"https:\/\/arnwiesen.net\/wpt\/wp-content\/uploads\/2020\/JP400.jpg\" alt=\"\" class=\"wp-image-572\" srcset=\"https:\/\/arnwiesen.net\/wpt\/wp-content\/uploads\/2020\/JP400.jpg 600w, https:\/\/arnwiesen.net\/wpt\/wp-content\/uploads\/2020\/JP400-225x300.jpg 225w\" sizes=\"auto, (max-width: 709px) 85vw, (max-width: 909px) 67vw, (max-width: 984px) 61vw, (max-width: 1362px) 45vw, 600px\" \/><\/figure>\n<\/div>\n\n\n<p><strong>3. Tag<\/strong><br>Da die Klosterschenke schon um 19:30 Uhr Ausschankschluss hat, sind wir danach noch zum Gipfel des Kreuzberges hoch gestiegen.&nbsp;<\/p>\n\n\n<div class=\"wp-block-image\">\n<figure class=\"aligncenter size-full\"><img loading=\"lazy\" decoding=\"async\" width=\"600\" height=\"800\" src=\"https:\/\/arnwiesen.net\/wpt\/wp-content\/uploads\/2020\/JP380.jpg\" alt=\"\" class=\"wp-image-571\" srcset=\"https:\/\/arnwiesen.net\/wpt\/wp-content\/uploads\/2020\/JP380.jpg 600w, https:\/\/arnwiesen.net\/wpt\/wp-content\/uploads\/2020\/JP380-225x300.jpg 225w\" sizes=\"auto, (max-width: 709px) 85vw, (max-width: 909px) 67vw, (max-width: 984px) 61vw, (max-width: 1362px) 45vw, 600px\" \/><\/figure>\n<\/div>\n\n\n<p><strong>3. Tag<br><\/strong>Alt und Neu: alte Kreuze und neuer Sendemast<\/p>\n\n\n<div class=\"wp-block-image\">\n<figure class=\"aligncenter size-full\"><img loading=\"lazy\" decoding=\"async\" width=\"800\" height=\"450\" src=\"https:\/\/arnwiesen.net\/wpt\/wp-content\/uploads\/2020\/JP460.jpg\" alt=\"\" class=\"wp-image-573\" srcset=\"https:\/\/arnwiesen.net\/wpt\/wp-content\/uploads\/2020\/JP460.jpg 800w, https:\/\/arnwiesen.net\/wpt\/wp-content\/uploads\/2020\/JP460-300x169.jpg 300w, https:\/\/arnwiesen.net\/wpt\/wp-content\/uploads\/2020\/JP460-768x432.jpg 768w\" sizes=\"auto, (max-width: 709px) 85vw, (max-width: 909px) 67vw, (max-width: 984px) 61vw, (max-width: 1362px) 45vw, 600px\" \/><\/figure>\n<\/div>\n\n\n<p><strong>3. Tag<\/strong><br>Mit einem wundersch\u00f6nen Sonnenuntergang konnten wir den Blick vom Kreuzberg \u00fcber die Rh\u00f6n schweifen lassen.<br>In der Ferne war auch die Wasserkuppe zu erkennen.<\/p>\n\n\n<div class=\"wp-block-image\">\n<figure class=\"aligncenter size-full\"><img loading=\"lazy\" decoding=\"async\" width=\"800\" height=\"450\" src=\"https:\/\/arnwiesen.net\/wpt\/wp-content\/uploads\/2020\/JP493.jpg\" alt=\"\" class=\"wp-image-574\" srcset=\"https:\/\/arnwiesen.net\/wpt\/wp-content\/uploads\/2020\/JP493.jpg 800w, https:\/\/arnwiesen.net\/wpt\/wp-content\/uploads\/2020\/JP493-300x169.jpg 300w, https:\/\/arnwiesen.net\/wpt\/wp-content\/uploads\/2020\/JP493-768x432.jpg 768w\" sizes=\"auto, (max-width: 709px) 85vw, (max-width: 909px) 67vw, (max-width: 984px) 61vw, (max-width: 1362px) 45vw, 600px\" \/><\/figure>\n<\/div>\n\n\n<p><strong>4. Tag<\/strong><br>Die Trittsteine in Lauterbach erlauben eine kurzen Weg \u00fcber die Lauter, ohne einen Umweg \u00fcber die n\u00e4chstgelegene Br\u00fccke nehmen zu m\u00fcssen.<br>Im Hintergrund sieht man das&nbsp;<a rel=\"noreferrer noopener\" href=\"http:\/\/www.lauterbach-vogelsberg.de\/persoenlichkeiten\/lauterbacher_strolch1.htm\" target=\"_blank\">Strolch-Denkmal<\/a>.<\/p>\n\n\n<div class=\"wp-block-image\">\n<figure class=\"aligncenter size-full\"><img loading=\"lazy\" decoding=\"async\" width=\"800\" height=\"450\" src=\"https:\/\/arnwiesen.net\/wpt\/wp-content\/uploads\/2020\/JP504.jpg\" alt=\"\" class=\"wp-image-575\" srcset=\"https:\/\/arnwiesen.net\/wpt\/wp-content\/uploads\/2020\/JP504.jpg 800w, https:\/\/arnwiesen.net\/wpt\/wp-content\/uploads\/2020\/JP504-300x169.jpg 300w, https:\/\/arnwiesen.net\/wpt\/wp-content\/uploads\/2020\/JP504-768x432.jpg 768w\" sizes=\"auto, (max-width: 709px) 85vw, (max-width: 909px) 67vw, (max-width: 984px) 61vw, (max-width: 1362px) 45vw, 600px\" \/><\/figure>\n<\/div>\n\n\n<p><strong>4. Tag<\/strong><br>Lauterbach ist ein h\u00fcbsches St\u00e4dtchen mit vielen Fachwerkh\u00e4usern.<\/p>\n\n\n<div class=\"wp-block-image\">\n<figure class=\"aligncenter size-full\"><img loading=\"lazy\" decoding=\"async\" width=\"800\" height=\"450\" src=\"https:\/\/arnwiesen.net\/wpt\/wp-content\/uploads\/2020\/JP520.jpg\" alt=\"\" class=\"wp-image-576\" srcset=\"https:\/\/arnwiesen.net\/wpt\/wp-content\/uploads\/2020\/JP520.jpg 800w, https:\/\/arnwiesen.net\/wpt\/wp-content\/uploads\/2020\/JP520-300x169.jpg 300w, https:\/\/arnwiesen.net\/wpt\/wp-content\/uploads\/2020\/JP520-768x432.jpg 768w\" sizes=\"auto, (max-width: 709px) 85vw, (max-width: 909px) 67vw, (max-width: 984px) 61vw, (max-width: 1362px) 45vw, 600px\" \/><\/figure>\n<\/div>\n\n\n<p><strong>4. Tag<\/strong><br>Auf dem Brunnen im Hintergrund gibt es ein weiteres&nbsp;<a rel=\"noreferrer noopener\" href=\"http:\/\/www.lauterbach-vogelsberg.de\/persoenlichkeiten\/lauterbacher_strolch1.htm\" target=\"_blank\">Strolch-Denkmal<\/a>.<\/p>\n\n\n<div class=\"wp-block-image\">\n<figure class=\"aligncenter size-full\"><img loading=\"lazy\" decoding=\"async\" width=\"800\" height=\"450\" src=\"https:\/\/arnwiesen.net\/wpt\/wp-content\/uploads\/2020\/JP550.jpg\" alt=\"\" class=\"wp-image-577\" srcset=\"https:\/\/arnwiesen.net\/wpt\/wp-content\/uploads\/2020\/JP550.jpg 800w, https:\/\/arnwiesen.net\/wpt\/wp-content\/uploads\/2020\/JP550-300x169.jpg 300w, https:\/\/arnwiesen.net\/wpt\/wp-content\/uploads\/2020\/JP550-768x432.jpg 768w\" sizes=\"auto, (max-width: 709px) 85vw, (max-width: 909px) 67vw, (max-width: 984px) 61vw, (max-width: 1362px) 45vw, 600px\" \/><\/figure>\n<\/div>\n\n\n<p><strong>4. Tag<\/strong><br>Im Zentrum von Lauterbach genehmigten wir uns noch einen Eisbecher.&nbsp;<\/p>\n\n\n<div class=\"wp-block-image\">\n<figure class=\"aligncenter size-full\"><img loading=\"lazy\" decoding=\"async\" width=\"600\" height=\"800\" src=\"https:\/\/arnwiesen.net\/wpt\/wp-content\/uploads\/2020\/JP600.jpg\" alt=\"\" class=\"wp-image-578\" srcset=\"https:\/\/arnwiesen.net\/wpt\/wp-content\/uploads\/2020\/JP600.jpg 600w, https:\/\/arnwiesen.net\/wpt\/wp-content\/uploads\/2020\/JP600-225x300.jpg 225w\" sizes=\"auto, (max-width: 709px) 85vw, (max-width: 909px) 67vw, (max-width: 984px) 61vw, (max-width: 1362px) 45vw, 600px\" \/><\/figure>\n<\/div>\n\n\n<p><strong>5. Tag<\/strong><br>An diesem Tag war eine sehr gute Fernsicht.<br>Vom Hoherodskopf aus konnten wir in der Ferne sogar die Hochh\u00e4user von Frankfurt (Main) sehen.<\/p>\n\n\n<div class=\"wp-block-image\">\n<figure class=\"aligncenter size-full\"><img loading=\"lazy\" decoding=\"async\" width=\"800\" height=\"600\" src=\"https:\/\/arnwiesen.net\/wpt\/wp-content\/uploads\/2020\/JP610.jpg\" alt=\"\" class=\"wp-image-579\" srcset=\"https:\/\/arnwiesen.net\/wpt\/wp-content\/uploads\/2020\/JP610.jpg 800w, https:\/\/arnwiesen.net\/wpt\/wp-content\/uploads\/2020\/JP610-300x225.jpg 300w, https:\/\/arnwiesen.net\/wpt\/wp-content\/uploads\/2020\/JP610-768x576.jpg 768w\" sizes=\"auto, (max-width: 709px) 85vw, (max-width: 909px) 67vw, (max-width: 984px) 61vw, (max-width: 1362px) 45vw, 600px\" \/><\/figure>\n<\/div>\n\n\n<p><strong>5. Tag<\/strong><br>Der Pilgerstoff war das richtige Getr\u00e4nk f\u00fcr unsere Tour.<br>Schlie\u00dflich sind wir erst vorgestern noch auf den Kreuzberg gepilgert.<\/p>\n\n\n<div class=\"wp-block-image\">\n<figure class=\"aligncenter size-full\"><img loading=\"lazy\" decoding=\"async\" width=\"800\" height=\"450\" src=\"https:\/\/arnwiesen.net\/wpt\/wp-content\/uploads\/2020\/JP620.jpg\" alt=\"\" class=\"wp-image-580\" srcset=\"https:\/\/arnwiesen.net\/wpt\/wp-content\/uploads\/2020\/JP620.jpg 800w, https:\/\/arnwiesen.net\/wpt\/wp-content\/uploads\/2020\/JP620-300x169.jpg 300w, https:\/\/arnwiesen.net\/wpt\/wp-content\/uploads\/2020\/JP620-768x432.jpg 768w\" sizes=\"auto, (max-width: 709px) 85vw, (max-width: 909px) 67vw, (max-width: 984px) 61vw, (max-width: 1362px) 45vw, 600px\" \/><\/figure>\n<\/div>\n\n\n<p><strong>5. Tag<\/strong><br>Von der Ober-Bessinger Pforte ist es nicht mehr weit bis zum Ziel in Pohlheim.<\/p>\n\n\n<div class=\"wp-block-image\">\n<figure class=\"aligncenter size-full\"><img loading=\"lazy\" decoding=\"async\" width=\"800\" height=\"450\" src=\"https:\/\/arnwiesen.net\/wpt\/wp-content\/uploads\/2020\/JP632.jpg\" alt=\"\" class=\"wp-image-581\" srcset=\"https:\/\/arnwiesen.net\/wpt\/wp-content\/uploads\/2020\/JP632.jpg 800w, https:\/\/arnwiesen.net\/wpt\/wp-content\/uploads\/2020\/JP632-300x169.jpg 300w, https:\/\/arnwiesen.net\/wpt\/wp-content\/uploads\/2020\/JP632-768x432.jpg 768w\" sizes=\"auto, (max-width: 709px) 85vw, (max-width: 909px) 67vw, (max-width: 984px) 61vw, (max-width: 1362px) 45vw, 600px\" \/><\/figure>\n<\/div>\n\n\n<p><strong>5. Tag<\/strong><br>Endlich angekommen. Uns erwartet ein k\u00fchles Bier, ausreichend Grillgut sowie ausgezeichnete Salate.<\/p>\n\n\n<div class=\"wp-block-image\">\n<figure class=\"aligncenter size-full\"><img loading=\"lazy\" decoding=\"async\" width=\"800\" height=\"467\" src=\"https:\/\/arnwiesen.net\/wpt\/wp-content\/uploads\/2020\/Profil.jpg\" alt=\"\" class=\"wp-image-582\" srcset=\"https:\/\/arnwiesen.net\/wpt\/wp-content\/uploads\/2020\/Profil.jpg 800w, https:\/\/arnwiesen.net\/wpt\/wp-content\/uploads\/2020\/Profil-300x175.jpg 300w, https:\/\/arnwiesen.net\/wpt\/wp-content\/uploads\/2020\/Profil-768x448.jpg 768w\" sizes=\"auto, (max-width: 709px) 85vw, (max-width: 909px) 67vw, (max-width: 984px) 61vw, (max-width: 1362px) 45vw, 600px\" \/><\/figure>\n<\/div>\n\n\n<p>02.08.:&nbsp; &nbsp;Aufstieg aus dem Saaletal, wieder hinab ins Ilmtal, danach immer die Ilm aufw\u00e4rts<br>03.08.:&nbsp; &nbsp;Aufstieg zum Rennsteig, Abfahrt von Oberhof, Fahrt durch S\u00fcd-Th\u00fcringen<br>04.08.:&nbsp; &nbsp;Abfahrt ins Werratal, Fahrt durch S\u00fcd-Th\u00fcringen und Nord-Bayern, Aufstieg zum Kreuzberg<br>05.08.:&nbsp; &nbsp;Abfahrt vom Kreuzberg, Aufstieg zum Nachbarberg, Fahrt entlang der Fulda, Aufstieg nach Herbstein<br>06.08.:&nbsp; &nbsp;Aufstieg zum Hoherodskopf, mehrere kleine kurze Anstiege bis Pohlheim<\/p>\n\n\n\n<p>Mehr Fotos gibt es wie immer auf<br><a href=\"http:\/\/franklehmann.dyndns.eu\/index.php?folder=\/2020\/13_Radtour\/\" target=\"_blank\" rel=\"noreferrer noopener\">http:\/\/franklehmann.dyndns.eu\/index.php?folder=\/2020\/13_Radtour\/<\/a>&nbsp;<\/p>\n","protected":false},"excerpt":{"rendered":"<p>Jena &#8211; Ilmenau &#8211; Wasungen &#8211; Kreuzberg &#8211; Herbstein &#8211; Pohlheim Vom 02. &#8211; 06. August 2020 fuhren wir \u00fcber mehrere Mittelgebirge von Jena nach Pohlheim.Das waren ca. 385 km in 5 Tagen.Obwohl die Entfernung nicht so weit und die Berge nicht so hoch wie einer Alpentour waren, war es trotzdem recht anstrengend, da es &hellip; <a href=\"https:\/\/arnwiesen.net\/wpt\/2020\/radtour-jena-pohlheim-2020\/\" class=\"more-link\"><span class=\"screen-reader-text\">\u201eRadtour Jena &#8211; Pohlheim 2020\u201c<\/span> weiterlesen<\/a><\/p>\n","protected":false},"author":6,"featured_media":0,"comment_status":"closed","ping_status":"open","sticky":false,"template":"","format":"standard","meta":{"footnotes":""},"categories":[25],"tags":[41,40,38,44,39,31,42,43],"class_list":["post-260","post","type-post","status-publish","format-standard","hentry","category-berichte-2020","tag-gera","tag-ilm","tag-jena","tag-kreuzberg","tag-pohlheim","tag-radtour","tag-rennsteig","tag-rhoen"],"_links":{"self":[{"href":"https:\/\/arnwiesen.net\/wpt\/wp-json\/wp\/v2\/posts\/260","targetHints":{"allow":["GET"]}}],"collection":[{"href":"https:\/\/arnwiesen.net\/wpt\/wp-json\/wp\/v2\/posts"}],"about":[{"href":"https:\/\/arnwiesen.net\/wpt\/wp-json\/wp\/v2\/types\/post"}],"author":[{"embeddable":true,"href":"https:\/\/arnwiesen.net\/wpt\/wp-json\/wp\/v2\/users\/6"}],"replies":[{"embeddable":true,"href":"https:\/\/arnwiesen.net\/wpt\/wp-json\/wp\/v2\/comments?post=260"}],"version-history":[{"count":5,"href":"https:\/\/arnwiesen.net\/wpt\/wp-json\/wp\/v2\/posts\/260\/revisions"}],"predecessor-version":[{"id":3352,"href":"https:\/\/arnwiesen.net\/wpt\/wp-json\/wp\/v2\/posts\/260\/revisions\/3352"}],"wp:attachment":[{"href":"https:\/\/arnwiesen.net\/wpt\/wp-json\/wp\/v2\/media?parent=260"}],"wp:term":[{"taxonomy":"category","embeddable":true,"href":"https:\/\/arnwiesen.net\/wpt\/wp-json\/wp\/v2\/categories?post=260"},{"taxonomy":"post_tag","embeddable":true,"href":"https:\/\/arnwiesen.net\/wpt\/wp-json\/wp\/v2\/tags?post=260"}],"curies":[{"name":"wp","href":"https:\/\/api.w.org\/{rel}","templated":true}]}}