{"id":2580,"date":"2013-09-24T14:24:00","date_gmt":"2013-09-24T12:24:00","guid":{"rendered":"https:\/\/arnwiesen.net\/wpt\/?p=2580"},"modified":"2022-07-12T11:35:08","modified_gmt":"2022-07-12T09:35:08","slug":"radtour-stilfserjoch-2013","status":"publish","type":"post","link":"https:\/\/arnwiesen.net\/wpt\/2013\/radtour-stilfserjoch-2013\/","title":{"rendered":"H\u00f6henrausch &#8211; Radtour Stilfserjoch 2013"},"content":{"rendered":"\n<p>Radtour von M\u00fcnchen \u00fcber das Stlfserjoch nach Bellinzona<br>alias H\u00f6henrausch<\/p>\n\n\n\n<p><strong>M\u00fcnchen &#8211; Garmisch-Partenkirchen &#8211; T\u00f6sens &#8211; Trafoi &#8211; Sondalo &#8211; Gera Lario &#8211; Bellinzona<\/strong><\/p>\n\n\n\n<p>Bei der Alpenradtour 2013 waren wir 8 Teilnehmer:<br>Bernhard, Burkhard, Werner, Cossi, Ludger, Henry, Atze und Frank<\/p>\n\n\n<div class=\"wp-block-image\">\n<figure class=\"aligncenter\"><img decoding=\"async\" src=\"https:\/\/arnwiesen.net\/wpt\/wp-content\/uploads\/2013\/stilfserjoch\/profil_stilfserjoch.jpg\" alt=\"\"\/><figcaption>H\u00f6henprofil<\/figcaption><\/figure>\n<\/div>\n\n\n<!--more-->\n\n\n\n<p>Wir fuhren von&nbsp;<strong>M\u00fcnchen<\/strong>&nbsp;an der Isar und Loisach entlang nach Garmisch-Partenkirchen,<br>anschlie\u00dfend \u00fcber den&nbsp;<strong>Fernpa\u00df<\/strong>&nbsp;und durch das&nbsp;<strong>Inntal<\/strong>&nbsp;bis auf den&nbsp;<strong>Reschenpa\u00df<\/strong>,<br>durch Prato, \u00fcber das&nbsp;<strong>Stilfserjoch<\/strong>&nbsp;(2758 m H\u00f6he), durch Bormio,<br>entlang dem Radweg Sentiero Valtellina zum&nbsp;<strong>Comer See<\/strong>, durch Menaggio,<br>am&nbsp;<strong>Luganer See<\/strong>&nbsp;entlang nach Lugano und \u00fcber den&nbsp;<strong>Monte Ceneri<\/strong>&nbsp;nach&nbsp;<strong>Bellinzona<\/strong>. (ca. 550 km)<\/p>\n\n\n<div class=\"wp-block-image\">\n<figure class=\"aligncenter\"><img decoding=\"async\" src=\"https:\/\/arnwiesen.net\/wpt\/wp-content\/uploads\/2013\/stilfserjoch\/s026.jpg\" alt=\"\"\/><\/figure>\n<\/div>\n\n\n<p>Beim Start der Nord-West-Gruppe in M\u00fcnchen bzw. der Ost-Gruppe in Kloster Sch\u00e4ftlarn regnete es wie aus Kannen.<br>An der Tankstelle in Wolfratshausen gab es schon Gedanken zum Abbruch der 1. Tagesetappe.<br>Zum Gl\u00fcck fuhr kein passender Zug nach Garmisch-Partenkirchen, so da\u00df alle weiter radeln mu\u00dften.<\/p>\n\n\n<div class=\"wp-block-image\">\n<figure class=\"aligncenter\"><img decoding=\"async\" src=\"https:\/\/arnwiesen.net\/wpt\/wp-content\/uploads\/2013\/stilfserjoch\/s037.jpg\" alt=\"\"\/><\/figure>\n<\/div>\n\n\n<p>Ankunft in Farchant, einem Vorort von Garmisch-Partenkirchen.<br>Am sp\u00e4ten Nachmittag hatte es aufgeh\u00f6rt zu regnen, aber besonders die Turnschuhe blieben na\u00df.<br>Der F\u00f6n im Zimmer lief im Dauerbetrieb.<\/p>\n\n\n<div class=\"wp-block-image\">\n<figure class=\"aligncenter\"><img decoding=\"async\" src=\"https:\/\/arnwiesen.net\/wpt\/wp-content\/uploads\/2013\/stilfserjoch\/s062.jpg\" alt=\"\"\/><\/figure>\n<\/div>\n\n\n<p>Nachdem am 2. Tag in Garmisch-Partenkirchen noch einge Zeit mit dem Aufsuchen diverser Fahrradl\u00e4den verloren ging, teilte sich anschlie\u00dfend die Gruppe, weil jeder nur seinem eigenen Navi vertraute und gut sichtbare Wegweiser f\u00fcr Radwege ignoriert wurden.<br>So sieht es dann aus, wenn man vom vorgegebenen Radweg abkommt.<br>Dabei hatte Ludger die Tour so sch\u00f6n vorbereitet und gepr\u00fcfte GPX-Dateien im Vorfeld per email verschickt.<br>Diesen GPX-Vorgaben h\u00e4tte man einfach nur folgen brauchen.<\/p>\n\n\n<div class=\"wp-block-image\">\n<figure class=\"aligncenter\"><img decoding=\"async\" src=\"https:\/\/arnwiesen.net\/wpt\/wp-content\/uploads\/2013\/stilfserjoch\/s070.jpg\" alt=\"\"\/><\/figure>\n<\/div>\n\n\n<p>Diese Gruppe ist dem ausgeschilderten Radweg bzw. Ludgers GPX-Vorgabe gefolgt.<br>Neben der Bundesstra\u00dfe \u00fcber den Fernpa\u00df gibt es noch die&nbsp;<strong>Via Claudia Auguste<\/strong>.<br>Obwohl es sich auf Kies und Schotter etwas schwieriger f\u00e4hrt, ist es angenehmer, als zwischen den vielen LKW&#8217;s auf der Bundesstra\u00dfe.<\/p>\n\n\n<div class=\"wp-block-image\">\n<figure class=\"aligncenter\"><img decoding=\"async\" src=\"https:\/\/arnwiesen.net\/wpt\/wp-content\/uploads\/2013\/stilfserjoch\/s106.jpg\" alt=\"\"\/><\/figure>\n<\/div>\n\n\n<p>Die Mutprobe an dieser Inn-Br\u00fccke haben wir diesmal unterlassen, da der Br\u00fcckenbogen durch den einsetzenden Nieselregen schon feucht und rutschig war.<\/p>\n\n\n<div class=\"wp-block-image\">\n<figure class=\"aligncenter\"><img decoding=\"async\" src=\"https:\/\/arnwiesen.net\/wpt\/wp-content\/uploads\/2013\/stilfserjoch\/s160.jpg\" alt=\"\"\/><\/figure>\n<\/div>\n\n\n<p>Auch zu Beginn des 3.Tages hatte sich die Gruppe getrennt:<br>4 Mann fuhren den Radweg &#8222;Reschen&#8220; an der Festung Nauders vorbei zum Reschenpa\u00df,<br>die anderen 4 nahmen die Stra\u00dfe \u00fcber die Norbertsh\u00f6he.<br>In Nauders haben wir uns wieder getroffen.<\/p>\n\n\n<div class=\"wp-block-image\">\n<figure class=\"aligncenter\"><img decoding=\"async\" src=\"https:\/\/arnwiesen.net\/wpt\/wp-content\/uploads\/2013\/stilfserjoch\/s192.jpg\" alt=\"\"\/><\/figure>\n<\/div>\n\n\n<p>Kurzer Fotostopp am Reschensee. Hier ragt ein alter Kirchturm aus dem Wasser.<\/p>\n\n\n<div class=\"wp-block-image\">\n<figure class=\"aligncenter\"><img decoding=\"async\" src=\"https:\/\/arnwiesen.net\/wpt\/wp-content\/uploads\/2013\/stilfserjoch\/s270.jpg\" alt=\"\"\/><\/figure>\n<\/div>\n\n\n<p>4. Tag: Auffahrt aus Richtung Prato \u00fcber 48 Kehren zum Stilfserjoch.<\/p>\n\n\n<div class=\"wp-block-image\">\n<figure class=\"aligncenter\"><img decoding=\"async\" src=\"https:\/\/arnwiesen.net\/wpt\/wp-content\/uploads\/2013\/stilfserjoch\/s274.jpg\" alt=\"\"\/><\/figure>\n<\/div>\n\n\n<p>Blick von oben auf einen Teil der 48 Kehren der Auffahrt zum Stilfserjoch.<\/p>\n\n\n<div class=\"wp-block-image\">\n<figure class=\"aligncenter\"><img decoding=\"async\" src=\"https:\/\/arnwiesen.net\/wpt\/wp-content\/uploads\/2013\/stilfserjoch\/s346n.jpg\" alt=\"\"\/><\/figure>\n<\/div>\n\n\n<p>Gruppenfoto auf dem Stilfserjoch. Teilweise schneite es da oben auch.<\/p>\n\n\n<div class=\"wp-block-image\">\n<figure class=\"aligncenter\"><img decoding=\"async\" src=\"https:\/\/arnwiesen.net\/wpt\/wp-content\/uploads\/2013\/stilfserjoch\/s362.jpg\" alt=\"\"\/><\/figure>\n<\/div>\n\n\n<p>Abfahrt vom Stilfserjoch in Richtung Bormeo. Es war recht kalt und wer sich gut vorbereitet hat, hatte auch Handschuhe mit.<\/p>\n\n\n<div class=\"wp-block-image\">\n<figure class=\"aligncenter\"><img decoding=\"async\" src=\"https:\/\/arnwiesen.net\/wpt\/wp-content\/uploads\/2013\/stilfserjoch\/s375.jpg\" alt=\"\"\/><\/figure>\n<\/div>\n\n\n<p>Diesen Cappuccino in Bormeo haben wir uns redlich verdient.<\/p>\n\n\n<div class=\"wp-block-image\">\n<figure class=\"aligncenter\"><img decoding=\"async\" src=\"https:\/\/arnwiesen.net\/wpt\/wp-content\/uploads\/2013\/stilfserjoch\/s406.jpg\" alt=\"\"\/><\/figure>\n<\/div>\n\n\n<p>Am 5. Tag ging es bei sch\u00f6nstem Wetter immer gem\u00fctlich bergab in Richtung Comer See.<\/p>\n\n\n<div class=\"wp-block-image\">\n<figure class=\"aligncenter\"><img decoding=\"async\" src=\"https:\/\/arnwiesen.net\/wpt\/wp-content\/uploads\/2013\/stilfserjoch\/s416.jpg\" alt=\"\"\/><\/figure>\n<\/div>\n\n\n<p>Der Radweg&nbsp;<strong>Sentiero Valtellina<\/strong>&nbsp;ist sehr gut ausgebaut, aber scheinbar noch wenig bekannt.<\/p>\n\n\n<div class=\"wp-block-image\">\n<figure class=\"aligncenter\"><img decoding=\"async\" src=\"https:\/\/arnwiesen.net\/wpt\/wp-content\/uploads\/2013\/stilfserjoch\/s434.jpg\" alt=\"\"\/><\/figure>\n<\/div>\n\n\n<p>Eine kleine Furt auf dem Radweg&nbsp;<strong>Sentiero Valtellina<\/strong>&nbsp;in der N\u00e4he von Sondrio.<\/p>\n\n\n<div class=\"wp-block-image\">\n<figure class=\"aligncenter\"><img decoding=\"async\" src=\"https:\/\/arnwiesen.net\/wpt\/wp-content\/uploads\/2013\/stilfserjoch\/s474.jpg\" alt=\"\"\/><\/figure>\n<\/div>\n\n\n<p>Nach der \u00dcbernachtung direkt am Comer See fuhren wir am letztem Tag immer am West-Ufer entlang bis Menaggio.<\/p>\n\n\n<div class=\"wp-block-image\">\n<figure class=\"aligncenter\"><img decoding=\"async\" src=\"https:\/\/arnwiesen.net\/wpt\/wp-content\/uploads\/2013\/stilfserjoch\/s492.jpg\" alt=\"\"\/><\/figure>\n<\/div>\n\n\n<p>An den vielen Stra\u00dfentunneln gab es solche sch\u00f6nen Umgehungen f\u00fcr Fahrr\u00e4der.<\/p>\n\n\n<div class=\"wp-block-image\">\n<figure class=\"aligncenter\"><img decoding=\"async\" src=\"https:\/\/arnwiesen.net\/wpt\/wp-content\/uploads\/2013\/stilfserjoch\/s506.jpg\" alt=\"\"\/><\/figure>\n<\/div>\n\n\n<p>Mittagessen am Luganer See. Wir nutzten das letzte Restaurant im \u20ac &#8211; Raum, bevor wir in die Schweiz rollten.<\/p>\n\n\n<div class=\"wp-block-image\">\n<figure class=\"aligncenter\"><img decoding=\"async\" src=\"https:\/\/arnwiesen.net\/wpt\/wp-content\/uploads\/2013\/stilfserjoch\/s534.jpg\" alt=\"\"\/><\/figure>\n<\/div>\n\n\n<p>Radfahren macht durstig, besonders, wenn es so warm ist.<\/p>\n\n\n<div class=\"wp-block-image\">\n<figure class=\"aligncenter\"><img decoding=\"async\" src=\"https:\/\/arnwiesen.net\/wpt\/wp-content\/uploads\/2013\/stilfserjoch\/s562.jpg\" alt=\"\"\/><\/figure>\n<\/div>\n\n\n<p>Wir haben die letzte Erhebung dieser Tour, den&nbsp;<strong>Monte Ceneri<\/strong>&nbsp;gerade hinter uns gelassen und genie\u00dfen den Blick auf Bellinzona.<br>Nun ist es nicht mehr weit bis zum Ziel.<\/p>\n\n\n<div class=\"wp-block-image\">\n<figure class=\"aligncenter\"><img decoding=\"async\" src=\"https:\/\/arnwiesen.net\/wpt\/wp-content\/uploads\/2013\/stilfserjoch\/s588.jpg\" alt=\"\"\/><\/figure>\n<\/div>\n\n\n<p>Wie bei den Alpentouren 2006 und 2007 endete auch die Tour 2013 wieder in der Jugendherberge&nbsp;<strong>Instituto Maria<\/strong>&nbsp;in Bellinzona.<br>In der COOP-Kaufhalle haben wir uns f\u00fcr ein \u00fcppiges Abschlu\u00dfessen auf der Veranda unter Weintrauben eingedeckt.<\/p>\n\n\n\n<p>mehr Fotos unter<br><a href=\"http:\/\/franklehmann.dyndns.eu\/index.php?folder=\/2013\/08_Stilfserjoch\/\" target=\"_blank\" rel=\"noreferrer noopener\">http:\/\/franklehmann.dyndns.eu\/index.php?folder=\/2013\/08_Stilfserjoch\/<\/a><\/p>\n","protected":false},"excerpt":{"rendered":"<p>Radtour von M\u00fcnchen \u00fcber das Stlfserjoch nach Bellinzonaalias H\u00f6henrausch M\u00fcnchen &#8211; Garmisch-Partenkirchen &#8211; T\u00f6sens &#8211; Trafoi &#8211; Sondalo &#8211; Gera Lario &#8211; Bellinzona Bei der Alpenradtour 2013 waren wir 8 Teilnehmer:Bernhard, Burkhard, Werner, Cossi, Ludger, Henry, Atze und Frank<\/p>\n","protected":false},"author":6,"featured_media":0,"comment_status":"closed","ping_status":"open","sticky":false,"template":"","format":"standard","meta":{"footnotes":""},"categories":[18],"tags":[32,37,75,71,70,73,74,69,31,72,68],"class_list":["post-2580","post","type-post","status-publish","format-standard","hentry","category-berichte-2013","tag-alpen","tag-bellinzona","tag-comer-see","tag-fernpass","tag-garmisch-patenkirchen","tag-inntal","tag-luganer-see","tag-muenchen","tag-radtour","tag-reschenpass","tag-stilfserjoch"],"_links":{"self":[{"href":"https:\/\/arnwiesen.net\/wpt\/wp-json\/wp\/v2\/posts\/2580","targetHints":{"allow":["GET"]}}],"collection":[{"href":"https:\/\/arnwiesen.net\/wpt\/wp-json\/wp\/v2\/posts"}],"about":[{"href":"https:\/\/arnwiesen.net\/wpt\/wp-json\/wp\/v2\/types\/post"}],"author":[{"embeddable":true,"href":"https:\/\/arnwiesen.net\/wpt\/wp-json\/wp\/v2\/users\/6"}],"replies":[{"embeddable":true,"href":"https:\/\/arnwiesen.net\/wpt\/wp-json\/wp\/v2\/comments?post=2580"}],"version-history":[{"count":3,"href":"https:\/\/arnwiesen.net\/wpt\/wp-json\/wp\/v2\/posts\/2580\/revisions"}],"predecessor-version":[{"id":3362,"href":"https:\/\/arnwiesen.net\/wpt\/wp-json\/wp\/v2\/posts\/2580\/revisions\/3362"}],"wp:attachment":[{"href":"https:\/\/arnwiesen.net\/wpt\/wp-json\/wp\/v2\/media?parent=2580"}],"wp:term":[{"taxonomy":"category","embeddable":true,"href":"https:\/\/arnwiesen.net\/wpt\/wp-json\/wp\/v2\/categories?post=2580"},{"taxonomy":"post_tag","embeddable":true,"href":"https:\/\/arnwiesen.net\/wpt\/wp-json\/wp\/v2\/tags?post=2580"}],"curies":[{"name":"wp","href":"https:\/\/api.w.org\/{rel}","templated":true}]}}