{"id":258,"date":"2019-08-03T09:33:00","date_gmt":"2019-08-03T07:33:00","guid":{"rendered":"https:\/\/arnwiesen.net\/wpt\/?p=258"},"modified":"2024-09-27T12:52:34","modified_gmt":"2024-09-27T10:52:34","slug":"radtour-innsbruck-gardasee-2019","status":"publish","type":"post","link":"https:\/\/arnwiesen.net\/wpt\/2019\/radtour-innsbruck-gardasee-2019\/","title":{"rendered":"Radtour Innsbruck &#8211; Gardasee 2019"},"content":{"rendered":"\n<p><strong>Innsbruck (Stefansbr\u00fccke) &#8211; M\u00fchlbach &#8211; Cortina d&#8217;Ampezzo &#8211; Belluno &#8211; Lago di Caldonazzo &#8211; Gardasee (Cassone)<\/strong><\/p>\n\n\n\n<p>Vom 03. &#8211; 10. August 2019 fuhren wir von der Stefansbr\u00fccke bei Innsbruck \u00fcber den Brenner und&nbsp;durch S\u00fcdtirol zum Gardasee.<br>Das waren ca. 452 km in 5 Tagen.<br>In diesem Jahr waren wir 9 Mitfahrer: Bernhard, Werner, Uli, Ludger, Cossi, Andreas, Henry, Atze und Frank.&nbsp;<br>Den 6. Tag nutzen wir als Ruhetag am Gardasee zum Radeln, Stehpaddeln, Baden, Sightseeing usw.<br>Wir hatten zum Radfahren immer sch\u00f6nes Wetter. Geregnet hat es nur nachts.&nbsp;<\/p>\n\n\n<div class=\"wp-block-image\">\n<figure class=\"aligncenter size-full\"><img loading=\"lazy\" decoding=\"async\" width=\"800\" height=\"681\" src=\"https:\/\/arnwiesen.net\/wpt\/wp-content\/uploads\/2019\/Route.png\" alt=\"\" class=\"wp-image-608\" srcset=\"https:\/\/arnwiesen.net\/wpt\/wp-content\/uploads\/2019\/Route.png 800w, https:\/\/arnwiesen.net\/wpt\/wp-content\/uploads\/2019\/Route-300x255.png 300w, https:\/\/arnwiesen.net\/wpt\/wp-content\/uploads\/2019\/Route-768x654.png 768w\" sizes=\"auto, (max-width: 709px) 85vw, (max-width: 909px) 67vw, (max-width: 984px) 61vw, (max-width: 1362px) 45vw, 600px\" \/><\/figure>\n<\/div>\n\n\n<!--more-->\n\n\n\n<p>Die&nbsp;<strong>Route<\/strong>&nbsp;f\u00fchrte einmal quer \u00fcber die Alpen und dann im gro\u00dfen Bogen durch S\u00fcdtirol zum Gardasee.<br>Eine interaktive Darstellung dieser Landkarte findet man unter<br><a rel=\"noreferrer noopener\" href=\"http:\/\/franklehmann.dyndns.eu\/index.php?folder=\/2019\/10_Innsbruck_Gardasee\/\" target=\"_blank\">http:\/\/franklehmann.dyndns.eu\/index.php?folder=\/2019\/10_Innsbruck_Gardasee\/<\/a><br>Dort kann man zoomen und sieht u.a. wo wir uns \u00fcberall verfahren haben.<\/p>\n\n\n<div class=\"wp-block-image\">\n<figure class=\"aligncenter size-full\"><img loading=\"lazy\" decoding=\"async\" width=\"800\" height=\"451\" src=\"https:\/\/arnwiesen.net\/wpt\/wp-content\/uploads\/2019\/IG0130.jpg\" alt=\"\" class=\"wp-image-609\" srcset=\"https:\/\/arnwiesen.net\/wpt\/wp-content\/uploads\/2019\/IG0130.jpg 800w, https:\/\/arnwiesen.net\/wpt\/wp-content\/uploads\/2019\/IG0130-300x169.jpg 300w, https:\/\/arnwiesen.net\/wpt\/wp-content\/uploads\/2019\/IG0130-768x433.jpg 768w\" sizes=\"auto, (max-width: 709px) 85vw, (max-width: 909px) 67vw, (max-width: 984px) 61vw, (max-width: 1362px) 45vw, 600px\" \/><\/figure>\n<\/div>\n\n\n<p><strong>1. Tag:<\/strong>&nbsp;<br>Gleich am Beginn unserer Tour mussten wir eine l\u00e4ngere Strecke steil bergauf schieben, um von der Stefansbr\u00fccke unter der Europa-Br\u00fccke hindurch auf den eigentlichen Radweg zu kommen.<\/p>\n\n\n\n<p>Cossi und Ulrich sparen sich den ersten Teil des Anstieges (350 Hm auf 4 km, zwischen 10 und 15%) und bringen den Kleinbus nach Matrei, damit die R\u00fcckfahrt einfacher wird<\/p>\n\n\n<div class=\"wp-block-image\">\n<figure class=\"aligncenter size-full\"><img loading=\"lazy\" decoding=\"async\" width=\"800\" height=\"450\" src=\"https:\/\/arnwiesen.net\/wpt\/wp-content\/uploads\/2019\/IG0285.jpg\" alt=\"\" class=\"wp-image-584\" srcset=\"https:\/\/arnwiesen.net\/wpt\/wp-content\/uploads\/2019\/IG0285.jpg 800w, https:\/\/arnwiesen.net\/wpt\/wp-content\/uploads\/2019\/IG0285-300x169.jpg 300w, https:\/\/arnwiesen.net\/wpt\/wp-content\/uploads\/2019\/IG0285-768x432.jpg 768w\" sizes=\"auto, (max-width: 709px) 85vw, (max-width: 909px) 67vw, (max-width: 984px) 61vw, (max-width: 1362px) 45vw, 600px\" \/><\/figure>\n<\/div>\n\n\n<p><strong>1. Tag:<br><\/strong>Anschlie\u00dfend ging es auf Nebenstra\u00dfen und Waldwegen immer unterhalb der Brenner-Autobahn entlang hinauf zum Brenner-Pass.<strong><\/strong><\/p>\n\n\n<div class=\"wp-block-image\">\n<figure class=\"aligncenter size-full\"><img loading=\"lazy\" decoding=\"async\" width=\"800\" height=\"450\" src=\"https:\/\/arnwiesen.net\/wpt\/wp-content\/uploads\/2019\/IG0351.jpg\" alt=\"\" class=\"wp-image-585\" srcset=\"https:\/\/arnwiesen.net\/wpt\/wp-content\/uploads\/2019\/IG0351.jpg 800w, https:\/\/arnwiesen.net\/wpt\/wp-content\/uploads\/2019\/IG0351-300x169.jpg 300w, https:\/\/arnwiesen.net\/wpt\/wp-content\/uploads\/2019\/IG0351-768x432.jpg 768w\" sizes=\"auto, (max-width: 709px) 85vw, (max-width: 909px) 67vw, (max-width: 984px) 61vw, (max-width: 1362px) 45vw, 600px\" \/><\/figure>\n<\/div>\n\n\n<p><strong>1. Tag:&nbsp;<br><\/strong>Nach der wohlverdienten Mittagspause auf dem Brenner-Pass rollten wir auf einer stillgelegten Bahntrasse hinunter nach Sterzing.<\/p>\n\n\n<div class=\"wp-block-image\">\n<figure class=\"aligncenter size-full\"><img loading=\"lazy\" decoding=\"async\" width=\"800\" height=\"450\" src=\"https:\/\/arnwiesen.net\/wpt\/wp-content\/uploads\/2019\/IG0545.jpg\" alt=\"\" class=\"wp-image-586\" srcset=\"https:\/\/arnwiesen.net\/wpt\/wp-content\/uploads\/2019\/IG0545.jpg 800w, https:\/\/arnwiesen.net\/wpt\/wp-content\/uploads\/2019\/IG0545-300x169.jpg 300w, https:\/\/arnwiesen.net\/wpt\/wp-content\/uploads\/2019\/IG0545-768x432.jpg 768w\" sizes=\"auto, (max-width: 709px) 85vw, (max-width: 909px) 67vw, (max-width: 984px) 61vw, (max-width: 1362px) 45vw, 600px\" \/><\/figure>\n<\/div>\n\n\n<p><strong>1. Tag:<\/strong><br>In M\u00fchldorf im Pustertal hatten wir die erste Tagesetappe geschafft und genie\u00dfen unser Abendbrot auf dem Marktplatz.<br>Wir wohnten ganz f\u00fcrstlich im Castel Kandlburg.&nbsp;<\/p>\n\n\n<div class=\"wp-block-image\">\n<figure class=\"aligncenter size-full\"><img loading=\"lazy\" decoding=\"async\" width=\"800\" height=\"451\" src=\"https:\/\/arnwiesen.net\/wpt\/wp-content\/uploads\/2019\/IG0560.jpg\" alt=\"\" class=\"wp-image-587\" srcset=\"https:\/\/arnwiesen.net\/wpt\/wp-content\/uploads\/2019\/IG0560.jpg 800w, https:\/\/arnwiesen.net\/wpt\/wp-content\/uploads\/2019\/IG0560-300x169.jpg 300w, https:\/\/arnwiesen.net\/wpt\/wp-content\/uploads\/2019\/IG0560-768x433.jpg 768w\" sizes=\"auto, (max-width: 709px) 85vw, (max-width: 909px) 67vw, (max-width: 984px) 61vw, (max-width: 1362px) 45vw, 600px\" \/><\/figure>\n<\/div>\n\n\n<p><strong>2. Tag:<\/strong><br>Am Vormittag des 2. Tages fahren wir parallel zur Pustertalstra\u00dfe \u00fcber St. Lorenzen&nbsp;und Bruneck nach Toblach.&nbsp;<\/p>\n\n\n<div class=\"wp-block-image\">\n<figure class=\"aligncenter size-full\"><img loading=\"lazy\" decoding=\"async\" width=\"800\" height=\"451\" src=\"https:\/\/arnwiesen.net\/wpt\/wp-content\/uploads\/2019\/IG0790.jpg\" alt=\"\" class=\"wp-image-588\" srcset=\"https:\/\/arnwiesen.net\/wpt\/wp-content\/uploads\/2019\/IG0790.jpg 800w, https:\/\/arnwiesen.net\/wpt\/wp-content\/uploads\/2019\/IG0790-300x169.jpg 300w, https:\/\/arnwiesen.net\/wpt\/wp-content\/uploads\/2019\/IG0790-768x433.jpg 768w\" sizes=\"auto, (max-width: 709px) 85vw, (max-width: 909px) 67vw, (max-width: 984px) 61vw, (max-width: 1362px) 45vw, 600px\" \/><\/figure>\n<\/div>\n\n\n<p><strong>2. Tag:<\/strong><br>In Toblach bietet sich uns ein sch\u00f6ner Blick auf die Dreischusterspitze.&nbsp;<br>Wir fahren weiter Richtung Schluderbach.<\/p>\n\n\n<div class=\"wp-block-image\">\n<figure class=\"aligncenter size-full\"><img loading=\"lazy\" decoding=\"async\" width=\"800\" height=\"600\" src=\"https:\/\/arnwiesen.net\/wpt\/wp-content\/uploads\/2019\/IG0815.jpg\" alt=\"\" class=\"wp-image-589\" srcset=\"https:\/\/arnwiesen.net\/wpt\/wp-content\/uploads\/2019\/IG0815.jpg 800w, https:\/\/arnwiesen.net\/wpt\/wp-content\/uploads\/2019\/IG0815-300x225.jpg 300w, https:\/\/arnwiesen.net\/wpt\/wp-content\/uploads\/2019\/IG0815-768x576.jpg 768w\" sizes=\"auto, (max-width: 709px) 85vw, (max-width: 909px) 67vw, (max-width: 984px) 61vw, (max-width: 1362px) 45vw, 600px\" \/><\/figure>\n<\/div>\n\n\n<p><strong>2. Tag:<br><\/strong>Ein kurzer Fotostopp mit Blick auf den Monte Piano.<strong><\/strong><\/p>\n\n\n<div class=\"wp-block-image\">\n<figure class=\"aligncenter size-full\"><img loading=\"lazy\" decoding=\"async\" width=\"800\" height=\"600\" src=\"https:\/\/arnwiesen.net\/wpt\/wp-content\/uploads\/2019\/IG0830.jpg\" alt=\"\" class=\"wp-image-590\" srcset=\"https:\/\/arnwiesen.net\/wpt\/wp-content\/uploads\/2019\/IG0830.jpg 800w, https:\/\/arnwiesen.net\/wpt\/wp-content\/uploads\/2019\/IG0830-300x225.jpg 300w, https:\/\/arnwiesen.net\/wpt\/wp-content\/uploads\/2019\/IG0830-768x576.jpg 768w\" sizes=\"auto, (max-width: 709px) 85vw, (max-width: 909px) 67vw, (max-width: 984px) 61vw, (max-width: 1362px) 45vw, 600px\" \/><\/figure>\n<\/div>\n\n\n<p><strong>2. Tag:<br><\/strong>Und noch ein Fotostopp am Drei-Zinnen-Blick, bevor es \u00fcber den Passo Cimabanche nach Cortina d&#8217;Ampezzo geht.<\/p>\n\n\n<div class=\"wp-block-image\">\n<figure class=\"aligncenter size-full\"><img loading=\"lazy\" decoding=\"async\" width=\"800\" height=\"451\" src=\"https:\/\/arnwiesen.net\/wpt\/wp-content\/uploads\/2019\/IG0935.jpg\" alt=\"\" class=\"wp-image-591\" srcset=\"https:\/\/arnwiesen.net\/wpt\/wp-content\/uploads\/2019\/IG0935.jpg 800w, https:\/\/arnwiesen.net\/wpt\/wp-content\/uploads\/2019\/IG0935-300x169.jpg 300w, https:\/\/arnwiesen.net\/wpt\/wp-content\/uploads\/2019\/IG0935-768x433.jpg 768w\" sizes=\"auto, (max-width: 709px) 85vw, (max-width: 909px) 67vw, (max-width: 984px) 61vw, (max-width: 1362px) 45vw, 600px\" \/><\/figure>\n<\/div>\n\n\n<p><strong>3. Tag:<br><\/strong>Im Columbia Hotel in Cortina d&#8217;Ampezzo haben wir \u00fcbernachtet.<\/p>\n\n\n<div class=\"wp-block-image\">\n<figure class=\"aligncenter size-full\"><img loading=\"lazy\" decoding=\"async\" width=\"800\" height=\"450\" src=\"https:\/\/arnwiesen.net\/wpt\/wp-content\/uploads\/2019\/IG0990.jpg\" alt=\"\" class=\"wp-image-592\" srcset=\"https:\/\/arnwiesen.net\/wpt\/wp-content\/uploads\/2019\/IG0990.jpg 800w, https:\/\/arnwiesen.net\/wpt\/wp-content\/uploads\/2019\/IG0990-300x169.jpg 300w, https:\/\/arnwiesen.net\/wpt\/wp-content\/uploads\/2019\/IG0990-768x432.jpg 768w\" sizes=\"auto, (max-width: 709px) 85vw, (max-width: 909px) 67vw, (max-width: 984px) 61vw, (max-width: 1362px) 45vw, 600px\" \/><\/figure>\n<\/div>\n\n\n<p><strong>3. Tag:<\/strong>&nbsp;<br>Auf stillgelegten Bahnstrecken rollen wir durch das&nbsp;<a rel=\"noreferrer noopener\" href=\"https:\/\/www.zainoo.com\/de\/italien\/dolomiten\/das-cadore\" target=\"_blank\">Cadore<\/a>.<br>Cadore nennt man die von Pieve ausgehenden Flusst\u00e4ler des Boite, des Ansiei und des Piave. Mitten im Cadore liegt mit der Marmarolegruppe die wohl einsamste und gleichsam eine der sch\u00f6nsten Dolomitengruppen. H\u00fctten gibt es hier nur am S\u00fcdfu\u00df \u2013 wer Sie \u00fcberqueren m\u00f6chte braucht etwa 4 Tage und schl\u00e4ft in Biwaks. Generell sind die Orte des Cadore im Vergleich zum nahen Cortina d\u2019Ampezzo sehr ruhig und teilweise einsam. Auf die F\u00fc\u00dfe steigt einem hier zumindest niemand. Sprachlich hat sich in dieser zur\u00fcckgezogenen und traumhaften Gegend noch das Comelico-Ladinische, eine Unterart des Dolomiten-Ladinischen, erhalten.<\/p>\n\n\n<div class=\"wp-block-image\">\n<figure class=\"aligncenter size-full\"><img loading=\"lazy\" decoding=\"async\" width=\"800\" height=\"451\" src=\"https:\/\/arnwiesen.net\/wpt\/wp-content\/uploads\/2019\/IG1115.jpg\" alt=\"\" class=\"wp-image-593\" srcset=\"https:\/\/arnwiesen.net\/wpt\/wp-content\/uploads\/2019\/IG1115.jpg 800w, https:\/\/arnwiesen.net\/wpt\/wp-content\/uploads\/2019\/IG1115-300x169.jpg 300w, https:\/\/arnwiesen.net\/wpt\/wp-content\/uploads\/2019\/IG1115-768x433.jpg 768w\" sizes=\"auto, (max-width: 709px) 85vw, (max-width: 909px) 67vw, (max-width: 984px) 61vw, (max-width: 1362px) 45vw, 600px\" \/><\/figure>\n<\/div>\n\n\n<p><strong>3. Tag:<\/strong><br>Hier hat die Piave beim letzten Hochwasser unseren Radweg weggesp\u00fclt.<br>Wir m\u00fcssen wieder umkehren und auf der dicht befahrenen Autostra\u00dfe weiter fahren.<\/p>\n\n\n<div class=\"wp-block-image\">\n<figure class=\"aligncenter size-full\"><img loading=\"lazy\" decoding=\"async\" width=\"800\" height=\"451\" src=\"https:\/\/arnwiesen.net\/wpt\/wp-content\/uploads\/2019\/IG1200.jpg\" alt=\"\" class=\"wp-image-594\" srcset=\"https:\/\/arnwiesen.net\/wpt\/wp-content\/uploads\/2019\/IG1200.jpg 800w, https:\/\/arnwiesen.net\/wpt\/wp-content\/uploads\/2019\/IG1200-300x169.jpg 300w, https:\/\/arnwiesen.net\/wpt\/wp-content\/uploads\/2019\/IG1200-768x433.jpg 768w\" sizes=\"auto, (max-width: 709px) 85vw, (max-width: 909px) 67vw, (max-width: 984px) 61vw, (max-width: 1362px) 45vw, 600px\" \/><\/figure>\n<\/div>\n\n\n<p><strong>3. Tag:<\/strong><br>Die Vajont-Staumauer in den Alpen im Nordosten Italiens (100 km n\u00f6rdlich von Venedig) wurde ab 1956 zur Aufstauung des Flusses Vajont errichtet.<br>Sie ist durch die&nbsp;<a rel=\"noreferrer noopener\" href=\"https:\/\/de.wikipedia.org\/wiki\/Vajont-Staumauer\" target=\"_blank\">Katastrophe von Longarone<\/a>&nbsp;(Katastrophe vom Vajont, italienisch: strage del Vajont, disastro del Vajont oder tragedia del Vajont) am 9. Oktober 1963 bekannt geworden.&nbsp;<\/p>\n\n\n<div class=\"wp-block-image\">\n<figure class=\"aligncenter size-full\"><img loading=\"lazy\" decoding=\"async\" width=\"800\" height=\"451\" src=\"https:\/\/arnwiesen.net\/wpt\/wp-content\/uploads\/2019\/IG1255.jpg\" alt=\"\" class=\"wp-image-595\" srcset=\"https:\/\/arnwiesen.net\/wpt\/wp-content\/uploads\/2019\/IG1255.jpg 800w, https:\/\/arnwiesen.net\/wpt\/wp-content\/uploads\/2019\/IG1255-300x169.jpg 300w, https:\/\/arnwiesen.net\/wpt\/wp-content\/uploads\/2019\/IG1255-768x433.jpg 768w\" sizes=\"auto, (max-width: 709px) 85vw, (max-width: 909px) 67vw, (max-width: 984px) 61vw, (max-width: 1362px) 45vw, 600px\" \/><\/figure>\n<\/div>\n\n\n<p><strong>4. Tag:<\/strong><br>An dieser Stelle f\u00fchrte der Radweg durch eine Furt.<\/p>\n\n\n<div class=\"wp-block-image\">\n<figure class=\"aligncenter size-full\"><img loading=\"lazy\" decoding=\"async\" width=\"800\" height=\"450\" src=\"https:\/\/arnwiesen.net\/wpt\/wp-content\/uploads\/2019\/IG1385.jpg\" alt=\"\" class=\"wp-image-596\" srcset=\"https:\/\/arnwiesen.net\/wpt\/wp-content\/uploads\/2019\/IG1385.jpg 800w, https:\/\/arnwiesen.net\/wpt\/wp-content\/uploads\/2019\/IG1385-300x169.jpg 300w, https:\/\/arnwiesen.net\/wpt\/wp-content\/uploads\/2019\/IG1385-768x432.jpg 768w\" sizes=\"auto, (max-width: 709px) 85vw, (max-width: 909px) 67vw, (max-width: 984px) 61vw, (max-width: 1362px) 45vw, 600px\" \/><\/figure>\n<\/div>\n\n\n<p><strong>4. Tag:<\/strong><br>Das&nbsp;<a rel=\"noreferrer noopener\" href=\"https:\/\/www.tagliatadellascala.it\/\" target=\"_blank\">Forte Tagliata della Scala<\/a>&nbsp;bei Primolano.<\/p>\n\n\n<div class=\"wp-block-image\">\n<figure class=\"aligncenter size-full\"><img loading=\"lazy\" decoding=\"async\" width=\"800\" height=\"451\" src=\"https:\/\/arnwiesen.net\/wpt\/wp-content\/uploads\/2019\/IG1415.jpg\" alt=\"\" class=\"wp-image-597\" srcset=\"https:\/\/arnwiesen.net\/wpt\/wp-content\/uploads\/2019\/IG1415.jpg 800w, https:\/\/arnwiesen.net\/wpt\/wp-content\/uploads\/2019\/IG1415-300x169.jpg 300w, https:\/\/arnwiesen.net\/wpt\/wp-content\/uploads\/2019\/IG1415-768x433.jpg 768w\" sizes=\"auto, (max-width: 709px) 85vw, (max-width: 909px) 67vw, (max-width: 984px) 61vw, (max-width: 1362px) 45vw, 600px\" \/><\/figure>\n<\/div>\n\n\n<p><strong>4. Tag:<\/strong><br>Kurze Pause in Primolano&nbsp; unterhalb des&nbsp;<a rel=\"noreferrer noopener\" href=\"https:\/\/www.tagliatadellascala.it\/\" target=\"_blank\">Forte Tagliata della Scala<\/a>.<\/p>\n\n\n<div class=\"wp-block-image\">\n<figure class=\"aligncenter size-full\"><img loading=\"lazy\" decoding=\"async\" width=\"800\" height=\"450\" src=\"https:\/\/arnwiesen.net\/wpt\/wp-content\/uploads\/2019\/IG1520.jpg\" alt=\"\" class=\"wp-image-598\" srcset=\"https:\/\/arnwiesen.net\/wpt\/wp-content\/uploads\/2019\/IG1520.jpg 800w, https:\/\/arnwiesen.net\/wpt\/wp-content\/uploads\/2019\/IG1520-300x169.jpg 300w, https:\/\/arnwiesen.net\/wpt\/wp-content\/uploads\/2019\/IG1520-768x432.jpg 768w\" sizes=\"auto, (max-width: 709px) 85vw, (max-width: 909px) 67vw, (max-width: 984px) 61vw, (max-width: 1362px) 45vw, 600px\" \/><\/figure>\n<\/div>\n\n\n<p><strong>4. Tag:<\/strong><br>Radweg entlang der Brenta.<\/p>\n\n\n<div class=\"wp-block-image\">\n<figure class=\"aligncenter size-full\"><img loading=\"lazy\" decoding=\"async\" width=\"800\" height=\"451\" src=\"https:\/\/arnwiesen.net\/wpt\/wp-content\/uploads\/2019\/IG1580.jpg\" alt=\"\" class=\"wp-image-599\" srcset=\"https:\/\/arnwiesen.net\/wpt\/wp-content\/uploads\/2019\/IG1580.jpg 800w, https:\/\/arnwiesen.net\/wpt\/wp-content\/uploads\/2019\/IG1580-300x169.jpg 300w, https:\/\/arnwiesen.net\/wpt\/wp-content\/uploads\/2019\/IG1580-768x433.jpg 768w\" sizes=\"auto, (max-width: 709px) 85vw, (max-width: 909px) 67vw, (max-width: 984px) 61vw, (max-width: 1362px) 45vw, 600px\" \/><\/figure>\n<\/div>\n\n\n<p><strong>4. Tag:<\/strong><br>Kurze Pause in Borgo Vecchio bzw. Burg im Suganertal.<\/p>\n\n\n<div class=\"wp-block-image\">\n<figure class=\"aligncenter size-full\"><img loading=\"lazy\" decoding=\"async\" width=\"800\" height=\"451\" src=\"https:\/\/arnwiesen.net\/wpt\/wp-content\/uploads\/2019\/IG1675.jpg\" alt=\"\" class=\"wp-image-600\" srcset=\"https:\/\/arnwiesen.net\/wpt\/wp-content\/uploads\/2019\/IG1675.jpg 800w, https:\/\/arnwiesen.net\/wpt\/wp-content\/uploads\/2019\/IG1675-300x169.jpg 300w, https:\/\/arnwiesen.net\/wpt\/wp-content\/uploads\/2019\/IG1675-768x433.jpg 768w\" sizes=\"auto, (max-width: 709px) 85vw, (max-width: 909px) 67vw, (max-width: 984px) 61vw, (max-width: 1362px) 45vw, 600px\" \/><\/figure>\n<\/div>\n\n\n<p><strong>5. Tag:<\/strong><br>In dieser Albergo Mezzolago Pizzaria haben wir \u00fcbernachtet.<br>Am Abend vorher waren wir noch im Lago di Caldonazzo baden.<\/p>\n\n\n<div class=\"wp-block-image\">\n<figure class=\"aligncenter size-full\"><img loading=\"lazy\" decoding=\"async\" width=\"800\" height=\"451\" src=\"https:\/\/arnwiesen.net\/wpt\/wp-content\/uploads\/2019\/IG1730.jpg\" alt=\"\" class=\"wp-image-601\" srcset=\"https:\/\/arnwiesen.net\/wpt\/wp-content\/uploads\/2019\/IG1730.jpg 800w, https:\/\/arnwiesen.net\/wpt\/wp-content\/uploads\/2019\/IG1730-300x169.jpg 300w, https:\/\/arnwiesen.net\/wpt\/wp-content\/uploads\/2019\/IG1730-768x433.jpg 768w\" sizes=\"auto, (max-width: 709px) 85vw, (max-width: 909px) 67vw, (max-width: 984px) 61vw, (max-width: 1362px) 45vw, 600px\" \/><\/figure>\n<\/div>\n\n\n<p><strong>5. Tag:<\/strong><br>Nach einer Fr\u00fchst\u00fcckspause in Trient fahren wir entlang der Etsch in Richtung Rovereto.<\/p>\n\n\n\n<p>In Rovereto steigt Ulrich in den Zug nach Matrei am Brenner, um den Kleinbus von dort zum Gardasee zu bringen. So ist die R\u00fcckfahrt leichter zu bewerkstelligen. <\/p>\n\n\n\n<p>Rovereto 14:40 &#8211; Matrei 17:50 \u00fcber Brenner 18:30\/50, Rovereto 20:30 nach  Malcesine 21:45<\/p>\n\n\n<div class=\"wp-block-image\">\n<figure class=\"aligncenter size-full\"><img loading=\"lazy\" decoding=\"async\" width=\"800\" height=\"600\" src=\"https:\/\/arnwiesen.net\/wpt\/wp-content\/uploads\/2019\/IG1892.jpg\" alt=\"\" class=\"wp-image-602\" srcset=\"https:\/\/arnwiesen.net\/wpt\/wp-content\/uploads\/2019\/IG1892.jpg 800w, https:\/\/arnwiesen.net\/wpt\/wp-content\/uploads\/2019\/IG1892-300x225.jpg 300w, https:\/\/arnwiesen.net\/wpt\/wp-content\/uploads\/2019\/IG1892-768x576.jpg 768w\" sizes=\"auto, (max-width: 709px) 85vw, (max-width: 909px) 67vw, (max-width: 984px) 61vw, (max-width: 1362px) 45vw, 600px\" \/><\/figure>\n<\/div>\n\n\n<p><strong>5. Tag:<br><\/strong>Nachdem wir das Tal der Etsch verlassen und den&nbsp;Passo S. Giovanni \u00fcberwunden haben, sind wir an unserem Ziel, dem Gardasee angekommen.&nbsp;<\/p>\n\n\n<div class=\"wp-block-image\">\n<figure class=\"aligncenter size-full\"><img loading=\"lazy\" decoding=\"async\" width=\"800\" height=\"450\" src=\"https:\/\/arnwiesen.net\/wpt\/wp-content\/uploads\/2019\/IG1970.jpg\" alt=\"\" class=\"wp-image-603\" srcset=\"https:\/\/arnwiesen.net\/wpt\/wp-content\/uploads\/2019\/IG1970.jpg 800w, https:\/\/arnwiesen.net\/wpt\/wp-content\/uploads\/2019\/IG1970-300x169.jpg 300w, https:\/\/arnwiesen.net\/wpt\/wp-content\/uploads\/2019\/IG1970-768x432.jpg 768w\" sizes=\"auto, (max-width: 709px) 85vw, (max-width: 909px) 67vw, (max-width: 984px) 61vw, (max-width: 1362px) 45vw, 600px\" \/><\/figure>\n<\/div>\n\n\n<p><strong>5. Tag:<\/strong><br>Wir fahren entlang am Ufer des Gardasees.<\/p>\n\n\n<div class=\"wp-block-image\">\n<figure class=\"aligncenter size-full\"><img loading=\"lazy\" decoding=\"async\" width=\"800\" height=\"450\" src=\"https:\/\/arnwiesen.net\/wpt\/wp-content\/uploads\/2019\/IG2030.jpg\" alt=\"\" class=\"wp-image-604\" srcset=\"https:\/\/arnwiesen.net\/wpt\/wp-content\/uploads\/2019\/IG2030.jpg 800w, https:\/\/arnwiesen.net\/wpt\/wp-content\/uploads\/2019\/IG2030-300x169.jpg 300w, https:\/\/arnwiesen.net\/wpt\/wp-content\/uploads\/2019\/IG2030-768x432.jpg 768w\" sizes=\"auto, (max-width: 709px) 85vw, (max-width: 909px) 67vw, (max-width: 984px) 61vw, (max-width: 1362px) 45vw, 600px\" \/><\/figure>\n<\/div>\n\n\n<p><strong>5. Tag:<\/strong><br>Am Ziel angekommen, lassen wir uns das Abendbrot gut schmecken.<\/p>\n\n\n<div class=\"wp-block-image\">\n<figure class=\"aligncenter size-full\"><img loading=\"lazy\" decoding=\"async\" width=\"800\" height=\"451\" src=\"https:\/\/arnwiesen.net\/wpt\/wp-content\/uploads\/2019\/IG2195.jpg\" alt=\"\" class=\"wp-image-605\" srcset=\"https:\/\/arnwiesen.net\/wpt\/wp-content\/uploads\/2019\/IG2195.jpg 800w, https:\/\/arnwiesen.net\/wpt\/wp-content\/uploads\/2019\/IG2195-300x169.jpg 300w, https:\/\/arnwiesen.net\/wpt\/wp-content\/uploads\/2019\/IG2195-768x433.jpg 768w\" sizes=\"auto, (max-width: 709px) 85vw, (max-width: 909px) 67vw, (max-width: 984px) 61vw, (max-width: 1362px) 45vw, 600px\" \/><\/figure>\n<\/div>\n\n\n<p><strong>6. Tag:<\/strong><br>Den Ruhetag am Gardasee haben wir individuell unterschiedlich genutzt<br>&#8211; mit Standup-Paddeln<br>&#8211; mit Baden im Gardasee<br>&#8211; mit einer Radtour nach Garda<br>&#8211; mit Sightseeing&nbsp;<\/p>\n\n\n<div class=\"wp-block-image\">\n<figure class=\"aligncenter size-full\"><img loading=\"lazy\" decoding=\"async\" width=\"800\" height=\"451\" src=\"https:\/\/arnwiesen.net\/wpt\/wp-content\/uploads\/2019\/IG2240.jpg\" alt=\"\" class=\"wp-image-606\" srcset=\"https:\/\/arnwiesen.net\/wpt\/wp-content\/uploads\/2019\/IG2240.jpg 800w, https:\/\/arnwiesen.net\/wpt\/wp-content\/uploads\/2019\/IG2240-300x169.jpg 300w, https:\/\/arnwiesen.net\/wpt\/wp-content\/uploads\/2019\/IG2240-768x433.jpg 768w\" sizes=\"auto, (max-width: 709px) 85vw, (max-width: 909px) 67vw, (max-width: 984px) 61vw, (max-width: 1362px) 45vw, 600px\" \/><\/figure>\n<\/div>\n\n\n<p><strong>6. Tag:<\/strong><br>Der Hafen von Cassone di Malcesine.<\/p>\n\n\n<div class=\"wp-block-image\">\n<figure class=\"aligncenter size-full\"><img loading=\"lazy\" decoding=\"async\" width=\"800\" height=\"451\" src=\"https:\/\/arnwiesen.net\/wpt\/wp-content\/uploads\/2019\/IG2260.jpg\" alt=\"\" class=\"wp-image-607\" srcset=\"https:\/\/arnwiesen.net\/wpt\/wp-content\/uploads\/2019\/IG2260.jpg 800w, https:\/\/arnwiesen.net\/wpt\/wp-content\/uploads\/2019\/IG2260-300x169.jpg 300w, https:\/\/arnwiesen.net\/wpt\/wp-content\/uploads\/2019\/IG2260-768x433.jpg 768w\" sizes=\"auto, (max-width: 709px) 85vw, (max-width: 909px) 67vw, (max-width: 984px) 61vw, (max-width: 1362px) 45vw, 600px\" \/><\/figure>\n<\/div>\n\n\n<p><strong>6. Tag:<\/strong><br>Badetag am Gardasee<\/p>\n\n\n\n<p>Mehr Fotos gibt es wie immer auf<br><a href=\"http:\/\/franklehmann.dyndns.eu\/index.php?folder=\/2019\/10_Innsbruck_Gardasee\/\" target=\"_blank\" rel=\"noreferrer noopener\">http:\/\/franklehmann.dyndns.eu\/index.php?folder=\/2019\/10_Innsbruck_Gardasee\/<\/a><\/p>\n","protected":false},"excerpt":{"rendered":"<p>Innsbruck (Stefansbr\u00fccke) &#8211; M\u00fchlbach &#8211; Cortina d&#8217;Ampezzo &#8211; Belluno &#8211; Lago di Caldonazzo &#8211; Gardasee (Cassone) Vom 03. &#8211; 10. August 2019 fuhren wir von der Stefansbr\u00fccke bei Innsbruck \u00fcber den Brenner und&nbsp;durch S\u00fcdtirol zum Gardasee.Das waren ca. 452 km in 5 Tagen.In diesem Jahr waren wir 9 Mitfahrer: Bernhard, Werner, Uli, Ludger, Cossi, Andreas, &hellip; <a href=\"https:\/\/arnwiesen.net\/wpt\/2019\/radtour-innsbruck-gardasee-2019\/\" class=\"more-link\"><span class=\"screen-reader-text\">\u201eRadtour Innsbruck &#8211; Gardasee 2019\u201c<\/span> weiterlesen<\/a><\/p>\n","protected":false},"author":6,"featured_media":0,"comment_status":"closed","ping_status":"open","sticky":false,"template":"","format":"standard","meta":{"footnotes":""},"categories":[24],"tags":[32,47,48,46,45,50,49,31],"class_list":["post-258","post","type-post","status-publish","format-standard","hentry","category-berichte-2019","tag-alpen","tag-brenner","tag-cortina-dampezzo","tag-gardasee","tag-innsbruck","tag-malcesine","tag-pustertal","tag-radtour"],"_links":{"self":[{"href":"https:\/\/arnwiesen.net\/wpt\/wp-json\/wp\/v2\/posts\/258","targetHints":{"allow":["GET"]}}],"collection":[{"href":"https:\/\/arnwiesen.net\/wpt\/wp-json\/wp\/v2\/posts"}],"about":[{"href":"https:\/\/arnwiesen.net\/wpt\/wp-json\/wp\/v2\/types\/post"}],"author":[{"embeddable":true,"href":"https:\/\/arnwiesen.net\/wpt\/wp-json\/wp\/v2\/users\/6"}],"replies":[{"embeddable":true,"href":"https:\/\/arnwiesen.net\/wpt\/wp-json\/wp\/v2\/comments?post=258"}],"version-history":[{"count":9,"href":"https:\/\/arnwiesen.net\/wpt\/wp-json\/wp\/v2\/posts\/258\/revisions"}],"predecessor-version":[{"id":4491,"href":"https:\/\/arnwiesen.net\/wpt\/wp-json\/wp\/v2\/posts\/258\/revisions\/4491"}],"wp:attachment":[{"href":"https:\/\/arnwiesen.net\/wpt\/wp-json\/wp\/v2\/media?parent=258"}],"wp:term":[{"taxonomy":"category","embeddable":true,"href":"https:\/\/arnwiesen.net\/wpt\/wp-json\/wp\/v2\/categories?post=258"},{"taxonomy":"post_tag","embeddable":true,"href":"https:\/\/arnwiesen.net\/wpt\/wp-json\/wp\/v2\/tags?post=258"}],"curies":[{"name":"wp","href":"https:\/\/api.w.org\/{rel}","templated":true}]}}