{"id":2576,"date":"2013-06-30T14:22:00","date_gmt":"2013-06-30T12:22:00","guid":{"rendered":"https:\/\/arnwiesen.net\/wpt\/?p=2576"},"modified":"2023-06-15T10:11:38","modified_gmt":"2023-06-15T08:11:38","slug":"holten-is-where-the-champions-meet","status":"publish","type":"post","link":"https:\/\/arnwiesen.net\/wpt\/2013\/holten-is-where-the-champions-meet\/","title":{"rendered":"Holten is where the champions meet &#8230;"},"content":{"rendered":"\n<p>Vielleicht ein Grund warum nur zwei Sportler des Triathlon-Clubs-K\u00f6lm-Jena am Start waren. Den ein oder anderen hat die Lotinglijst geschmissen, andere stecken auf Grund des z\u00f6gerlichen Sommers noch im Winterschlaf.<\/p>\n\n\n<div class=\"wp-block-image\">\n<figure class=\"aligncenter\"><img decoding=\"async\" src=\"https:\/\/arnwiesen.net\/wpt\/wp-content\/uploads\/2013\/IMG_20130629_193004-kl.jpg\" alt=\"IMG_20130629_193004-kl\"\/><\/figure>\n<\/div>\n\n\n<p>Auch am Wettkampftag blieb der Sommer au\u00dfen vor, was der Stimmung in Holten nat\u00fcrlich kein bisschen schadete. Die zeitgleich ausgetragene Triathlon-Europameisterschaft der U23 tat ein \u00fcbriges dazu.<\/p>\n\n\n\n<!--more-->\n\n\n\n<p>Bei der 1. Diziplin, dem Schwimmen hatte Richard noch leicht die Nase vor. Ulli verbesserte zwar seine Vorjahreszeit um 10 Sekunden, musste aber erstmal Richard folgen. Am Holtener Berg lie\u00df Ulli gegen\u00fcber seinem Traumjahr 2012 (mit Elfstedentocht und V\u00e4tternrunda in der Vorbereitungsphase) fast 3 Minuten beim Radfahren liegen, konnte aber Richard klar hinter sich lassen.<\/p>\n\n\n\n<p>Die intensive Laufvorbereitung mit dem Nordseelauf f\u00fchrte zwar zu einer deutlichen Verbesseung von 2 Minuten bei der Laufdiziplin, aber mit schlechteren Wechselzeiten wurde die Vorjahresgesamtzeit nicht erreicht. Auch Richar hinkte mit 2 Minuten seiner Bestmarke hinterher.<\/p>\n\n\n<div class=\"wp-block-image\">\n<figure class=\"aligncenter\"><img decoding=\"async\" src=\"https:\/\/arnwiesen.net\/wpt\/wp-content\/uploads\/2013\/IMG_20130629_193401-k.jpg\" alt=\"IMG_20130629_193401-k\"\/><figcaption class=\"wp-element-caption\">Die beiden besten Deutschen auf der Kurz-Distanz<\/figcaption><\/figure>\n<\/div>\n\n\n<p><\/p>\n\n\n\n<p>Mit dem Ergebnis sind wir trotzdem zufrieden. Der Winter war lang und das Fr\u00fchjahr war eher ein nasskalter Herbst. Das Training kam dabei eindeutig zu kurz. Immerhin: Richard wurd zweitbester Deutscher im Achtel Triathlon mit nur 12 min 14 sec R\u00fcckstand auf den Ersten. Ulli wurd Vorletzter mit einem Vorsprung von 12 min und 14 auf den Letzten.<\/p>\n\n\n<div class=\"wp-block-image\">\n<figure class=\"aligncenter\"><img decoding=\"async\" src=\"https:\/\/arnwiesen.net\/wpt\/wp-content\/uploads\/2013\/IMG_20130629_194959-k.jpg\" alt=\"IMG_20130629_194959-k\"\/><figcaption class=\"wp-element-caption\">Wohlf\u00fchlmassage f\u00fcr die Waden<\/figcaption><\/figure>\n<\/div>\n\n\n<p><\/p>\n\n\n\n<p><strong>Officieuze uitslagen 2013 Holten ITU Triathlon Premium European Cup<\/strong><\/p>\n\n\n\n<p><strong>Achste &#8211; 500 m &#8211; 23,6 km &#8211; 5.300 m<\/strong><\/p>\n\n\n\n<figure class=\"wp-block-table\"><table><thead><tr><th>Platz<\/th><th>Starter<\/th><th>Swim<\/th><th>Chg 1<\/th><th>Bike<\/th><th>Chg 2<\/th><th>Run<\/th><th>Gesamt<\/th><\/tr><\/thead><tbody><tr><td>481 \/ 347<\/td><td>Ulrich<\/td><td>13:05<\/td><td>03:20<\/td><td>00:58:16<\/td><td>04:02<\/td><td>34:46<\/td><td>01:53:29<\/td><\/tr><tr><td>337 \/ 347<\/td><td>Richard<\/td><td>12:21<\/td><td>03:02<\/td><td>01:11:03<\/td><td>03:12<\/td><td>36:08<\/td><td>02:05:44<\/td><\/tr><\/tbody><\/table><\/figure>\n","protected":false},"excerpt":{"rendered":"<p>Vielleicht ein Grund warum nur zwei Sportler des Triathlon-Clubs-K\u00f6lm-Jena am Start waren. Den ein oder anderen hat die Lotinglijst geschmissen, andere stecken auf Grund des z\u00f6gerlichen Sommers noch im Winterschlaf. Auch am Wettkampftag blieb der Sommer au\u00dfen vor, was der Stimmung in Holten nat\u00fcrlich kein bisschen schadete. Die zeitgleich ausgetragene Triathlon-Europameisterschaft der U23 tat ein &hellip; <a href=\"https:\/\/arnwiesen.net\/wpt\/2013\/holten-is-where-the-champions-meet\/\" class=\"more-link\"><span class=\"screen-reader-text\">\u201eHolten is where the champions meet &#8230;\u201c<\/span> weiterlesen<\/a><\/p>\n","protected":false},"author":1,"featured_media":0,"comment_status":"closed","ping_status":"open","sticky":false,"template":"","format":"standard","meta":{"footnotes":""},"categories":[18],"tags":[137,135],"class_list":["post-2576","post","type-post","status-publish","format-standard","hentry","category-berichte-2013","tag-1-8-triathlon","tag-holten"],"_links":{"self":[{"href":"https:\/\/arnwiesen.net\/wpt\/wp-json\/wp\/v2\/posts\/2576","targetHints":{"allow":["GET"]}}],"collection":[{"href":"https:\/\/arnwiesen.net\/wpt\/wp-json\/wp\/v2\/posts"}],"about":[{"href":"https:\/\/arnwiesen.net\/wpt\/wp-json\/wp\/v2\/types\/post"}],"author":[{"embeddable":true,"href":"https:\/\/arnwiesen.net\/wpt\/wp-json\/wp\/v2\/users\/1"}],"replies":[{"embeddable":true,"href":"https:\/\/arnwiesen.net\/wpt\/wp-json\/wp\/v2\/comments?post=2576"}],"version-history":[{"count":3,"href":"https:\/\/arnwiesen.net\/wpt\/wp-json\/wp\/v2\/posts\/2576\/revisions"}],"predecessor-version":[{"id":4370,"href":"https:\/\/arnwiesen.net\/wpt\/wp-json\/wp\/v2\/posts\/2576\/revisions\/4370"}],"wp:attachment":[{"href":"https:\/\/arnwiesen.net\/wpt\/wp-json\/wp\/v2\/media?parent=2576"}],"wp:term":[{"taxonomy":"category","embeddable":true,"href":"https:\/\/arnwiesen.net\/wpt\/wp-json\/wp\/v2\/categories?post=2576"},{"taxonomy":"post_tag","embeddable":true,"href":"https:\/\/arnwiesen.net\/wpt\/wp-json\/wp\/v2\/tags?post=2576"}],"curies":[{"name":"wp","href":"https:\/\/api.w.org\/{rel}","templated":true}]}}