{"id":2570,"date":"2013-06-10T14:20:00","date_gmt":"2013-06-10T12:20:00","guid":{"rendered":"https:\/\/arnwiesen.net\/wpt\/?p=2570"},"modified":"2022-07-24T19:17:47","modified_gmt":"2022-07-24T17:17:47","slug":"radel-weekend-der-nordgruppe","status":"publish","type":"post","link":"https:\/\/arnwiesen.net\/wpt\/2013\/radel-weekend-der-nordgruppe\/","title":{"rendered":"Radel-Weekend der Nordgruppe"},"content":{"rendered":"\n<p>Nach dem 3. Wertungslauf der &#8222;Lauf Deinen Dreierpack&#8220;-Serie am Freitagabend \u00fcber die H\u00fcgel um Borgloh &#8211; echt anspruchsvoll, ging es bei der RTF-Bramsche am Samstagmorgen auf die 75 km. Wie \u00fcblich f\u00fcr eine RTF in dieser Region ging es schnurstracks zum H\u00f6henzug des Teutoburger Waldes. Nach der Alpenstra\u00dfe 15% ging es \u00fcber die &#8222;Mettener Schweiz&#8220; locker bergab zur\u00fcck.<\/p>\n\n\n<div class=\"wp-block-image\">\n<figure class=\"aligncenter size-full\"><img loading=\"lazy\" decoding=\"async\" width=\"480\" height=\"360\" src=\"https:\/\/arnwiesen.net\/wpt\/wp-content\/uploads\/2013\/RTF_Bramsche_Jun2013kl.jpg\" alt=\"\" class=\"wp-image-893\" srcset=\"https:\/\/arnwiesen.net\/wpt\/wp-content\/uploads\/2013\/RTF_Bramsche_Jun2013kl.jpg 480w, https:\/\/arnwiesen.net\/wpt\/wp-content\/uploads\/2013\/RTF_Bramsche_Jun2013kl-300x225.jpg 300w\" sizes=\"auto, (max-width: 480px) 85vw, 480px\" \/><figcaption>Ulli und Stefan &#8211; gemeinsam bei der RTF Bramsche<\/figcaption><\/figure>\n<\/div>\n\n\n<!--more-->\n\n\n\n<p>Sonntagmorgen stand der Ibbenb\u00fcrener Radelsonntag auf dem Programm. Rosi und Friends nutzten die 15 km nach Ibbenb\u00fcren zum Warmfahren. In Ibbenb\u00fcren gesellten sich noch Lydia und ihr Sohn hinzu und es ging auf die mittlere Distanz. Statt wie in den Vorjahren Richtung Gravenhorst der Aa entlang, f\u00fchrte die Strecke dieses Jahr \u00fcber Weterkappeln, also die gleiche Strecke hin und her. Im Ziel war dann schnell klar nochmal Laggenbeck &#8211; Velpe machen wir nicht.<\/p>\n\n\n<div class=\"wp-block-image\">\n<figure class=\"aligncenter size-full\"><img loading=\"lazy\" decoding=\"async\" width=\"480\" height=\"360\" src=\"https:\/\/arnwiesen.net\/wpt\/wp-content\/uploads\/2013\/IMG_20130609_132030-kl.jpg\" alt=\"\" class=\"wp-image-919\" srcset=\"https:\/\/arnwiesen.net\/wpt\/wp-content\/uploads\/2013\/IMG_20130609_132030-kl.jpg 480w, https:\/\/arnwiesen.net\/wpt\/wp-content\/uploads\/2013\/IMG_20130609_132030-kl-300x225.jpg 300w\" sizes=\"auto, (max-width: 480px) 85vw, 480px\" \/><figcaption>Rosi &amp; Friends beim &#8222;Radelsonntag Ibbenb\u00fcren&#8220; und <br>den ersten 2 Pkt. f\u00fcr dieses Jahr<\/figcaption><\/figure>\n<\/div>\n\n<div class=\"wp-block-image\">\n<figure class=\"aligncenter size-full\"><img loading=\"lazy\" decoding=\"async\" width=\"480\" height=\"192\" src=\"https:\/\/arnwiesen.net\/wpt\/wp-content\/uploads\/2013\/rtf-bramsche-75-kl.jpg\" alt=\"\" class=\"wp-image-894\" srcset=\"https:\/\/arnwiesen.net\/wpt\/wp-content\/uploads\/2013\/rtf-bramsche-75-kl.jpg 480w, https:\/\/arnwiesen.net\/wpt\/wp-content\/uploads\/2013\/rtf-bramsche-75-kl-300x120.jpg 300w\" sizes=\"auto, (max-width: 480px) 85vw, 480px\" \/><figcaption>Das markante Profil des Ibbenb\u00fcrener H\u00f6henzuges<\/figcaption><\/figure>\n<\/div>\n\n\n<p>Also ab \u00fcber den H\u00f6henzug &#8211; nicht wieder die Alpenstra\u00dfe sondern die sanften 12% \u00fcber Treppkesberg. Wo man schiebt ist schlie\u00dflich egal. Der Weg bergab \u00fcber die &#8222;Mettener Schweiz&#8220; ist jedenfalls super.<\/p>\n","protected":false},"excerpt":{"rendered":"<p>Nach dem 3. Wertungslauf der &#8222;Lauf Deinen Dreierpack&#8220;-Serie am Freitagabend \u00fcber die H\u00fcgel um Borgloh &#8211; echt anspruchsvoll, ging es bei der RTF-Bramsche am Samstagmorgen auf die 75 km. Wie \u00fcblich f\u00fcr eine RTF in dieser Region ging es schnurstracks zum H\u00f6henzug des Teutoburger Waldes. Nach der Alpenstra\u00dfe 15% ging es \u00fcber die &#8222;Mettener Schweiz&#8220; &hellip; <a href=\"https:\/\/arnwiesen.net\/wpt\/2013\/radel-weekend-der-nordgruppe\/\" class=\"more-link\"><span class=\"screen-reader-text\">\u201eRadel-Weekend der Nordgruppe\u201c<\/span> weiterlesen<\/a><\/p>\n","protected":false},"author":1,"featured_media":0,"comment_status":"closed","ping_status":"open","sticky":false,"template":"","format":"standard","meta":{"footnotes":""},"categories":[18],"tags":[173,214,127],"class_list":["post-2570","post","type-post","status-publish","format-standard","hentry","category-berichte-2013","tag-bramsche","tag-ibbenbueren","tag-rtf"],"_links":{"self":[{"href":"https:\/\/arnwiesen.net\/wpt\/wp-json\/wp\/v2\/posts\/2570","targetHints":{"allow":["GET"]}}],"collection":[{"href":"https:\/\/arnwiesen.net\/wpt\/wp-json\/wp\/v2\/posts"}],"about":[{"href":"https:\/\/arnwiesen.net\/wpt\/wp-json\/wp\/v2\/types\/post"}],"author":[{"embeddable":true,"href":"https:\/\/arnwiesen.net\/wpt\/wp-json\/wp\/v2\/users\/1"}],"replies":[{"embeddable":true,"href":"https:\/\/arnwiesen.net\/wpt\/wp-json\/wp\/v2\/comments?post=2570"}],"version-history":[{"count":2,"href":"https:\/\/arnwiesen.net\/wpt\/wp-json\/wp\/v2\/posts\/2570\/revisions"}],"predecessor-version":[{"id":2707,"href":"https:\/\/arnwiesen.net\/wpt\/wp-json\/wp\/v2\/posts\/2570\/revisions\/2707"}],"wp:attachment":[{"href":"https:\/\/arnwiesen.net\/wpt\/wp-json\/wp\/v2\/media?parent=2570"}],"wp:term":[{"taxonomy":"category","embeddable":true,"href":"https:\/\/arnwiesen.net\/wpt\/wp-json\/wp\/v2\/categories?post=2570"},{"taxonomy":"post_tag","embeddable":true,"href":"https:\/\/arnwiesen.net\/wpt\/wp-json\/wp\/v2\/tags?post=2570"}],"curies":[{"name":"wp","href":"https:\/\/api.w.org\/{rel}","templated":true}]}}