{"id":2568,"date":"2013-06-07T14:19:00","date_gmt":"2013-06-07T12:19:00","guid":{"rendered":"https:\/\/arnwiesen.net\/wpt\/?p=2568"},"modified":"2022-07-07T22:28:38","modified_gmt":"2022-07-07T20:28:38","slug":"lauf-deinen-dreierpack-teil-3","status":"publish","type":"post","link":"https:\/\/arnwiesen.net\/wpt\/2013\/lauf-deinen-dreierpack-teil-3\/","title":{"rendered":"Lauf Deinen Dreierpack &#8211; Teil 3"},"content":{"rendered":"\n<p>11.5.2013 &#8211; Es geht wieder los &#8211; mit dem richtigen Winterspeck auf den Knochen und ordentlich motiviert ging es bei leichtem Regen \u00fcber die Berge.&nbsp;<\/p>\n\n\n\n<p><strong>Teil 1: Turm-zu-Turm-Lauf:<\/strong>&nbsp;10.8km (220 H\u00f6henmeter) &#8211; Ausdauer n\u00f6tigStrecke ist landschaftlich sehr reizvoll. Bis auf kurze geteerte Abschnitte verl\u00e4uft der Rundkurs im Wald mit unterschiedlichen Untergr\u00fcnden &#8211; einige Anstiege.<\/p>\n\n\n<div class=\"wp-block-image\">\n<figure class=\"aligncenter size-full\"><img loading=\"lazy\" decoding=\"async\" width=\"635\" height=\"79\" src=\"https:\/\/arnwiesen.net\/wpt\/wp-content\/uploads\/2013\/tzt-1-km-jedermannslauf-1270492433.png\" alt=\"\" class=\"wp-image-896\" srcset=\"https:\/\/arnwiesen.net\/wpt\/wp-content\/uploads\/2013\/tzt-1-km-jedermannslauf-1270492433.png 635w, https:\/\/arnwiesen.net\/wpt\/wp-content\/uploads\/2013\/tzt-1-km-jedermannslauf-1270492433-300x37.png 300w\" sizes=\"auto, (max-width: 709px) 85vw, (max-width: 909px) 67vw, (max-width: 984px) 61vw, (max-width: 1362px) 45vw, 600px\" \/><\/figure>\n<\/div>\n\n\n<!--more-->\n\n\n\n<p>18.5.2013 &#8211; Eine Woche Pause und gut erholt geht es in der 3er-Pack-Laufserie \u00fcber die Hagener Berge. Mit dabei Burkhard und Regen. Mit einer Laufzeit unter einer Stunde nutzte er seinen Heimvorteil und das Fehlen von Raphael aus und wurde bester Starter des TC-K\u00f6ln-Jena.<\/p>\n\n\n\n<p><strong>Teil 2: Hagener-Volkslauf:<\/strong>&nbsp;10.5km (227 H\u00f6henmeter) &#8211; Ausdauer n\u00f6tig<\/p>\n\n\n<div class=\"wp-block-image\">\n<figure class=\"aligncenter size-full\"><img loading=\"lazy\" decoding=\"async\" width=\"635\" height=\"88\" src=\"https:\/\/arnwiesen.net\/wpt\/wp-content\/uploads\/2013\/volkslauf-hagen-1-km-1335870218.png\" alt=\"\" class=\"wp-image-897\" srcset=\"https:\/\/arnwiesen.net\/wpt\/wp-content\/uploads\/2013\/volkslauf-hagen-1-km-1335870218.png 635w, https:\/\/arnwiesen.net\/wpt\/wp-content\/uploads\/2013\/volkslauf-hagen-1-km-1335870218-300x42.png 300w\" sizes=\"auto, (max-width: 709px) 85vw, (max-width: 909px) 67vw, (max-width: 984px) 61vw, (max-width: 1362px) 45vw, 600px\" \/><\/figure>\n<\/div>\n\n\n<p><strong>Teil 3: Borgloher Weiherlauf:<\/strong>&nbsp;10.0km (173 H\u00f6henmeter) &#8211; Ausdauer n\u00f6tig<\/p>\n\n\n<div class=\"wp-block-image\">\n<figure class=\"aligncenter size-full\"><img loading=\"lazy\" decoding=\"async\" width=\"635\" height=\"66\" src=\"https:\/\/arnwiesen.net\/wpt\/wp-content\/uploads\/2013\/rund-um-borgloh-1369049728.png\" alt=\"\" class=\"wp-image-895\" srcset=\"https:\/\/arnwiesen.net\/wpt\/wp-content\/uploads\/2013\/rund-um-borgloh-1369049728.png 635w, https:\/\/arnwiesen.net\/wpt\/wp-content\/uploads\/2013\/rund-um-borgloh-1369049728-300x31.png 300w\" sizes=\"auto, (max-width: 709px) 85vw, (max-width: 909px) 67vw, (max-width: 984px) 61vw, (max-width: 1362px) 45vw, 600px\" \/><\/figure>\n<\/div>\n\n\n<p>Auch Teil 3, der Borgloher Weiherlauf am 7.6.2013 erwies sich als sehr m\u00fchselig. Kein Regen, daf\u00fcr sch\u00f6n warm und knackigen Anstiegen, dass jagt den Puls hoch und die Stimmung nach unten. Das gewohnte Gratis-Erdinger im Ziel baut einen aber rasch wieder auf.<\/p>\n\n\n\n<p>Leider m\u00fcssen Rosi und Ulli die beiden letzten Wertungsl\u00e4ufe cancel, da parallel der EWE-Nordseelauf stattfindet.<\/p>\n\n\n\n<figure class=\"wp-block-table\"><table><tbody><tr><td><strong>10. Turm zu Turm Lauf&nbsp;&#8211; 10,8 km<\/strong><\/td><td><\/td><td><\/td><td><\/td><\/tr><tr><td>Starter<\/td><td>AK Platz<\/td><td>Platz<\/td><td>Laufen<\/td><\/tr><tr><td>Rosi<\/td><td>2.<\/td><td>153.<\/td><td>01:09:51.4<\/td><\/tr><tr><td>Ulli<\/td><td>10.<\/td><td>157.<\/td><td>01:13:27.2<\/td><\/tr><tr><td><\/td><td><\/td><td><\/td><td><\/td><\/tr><tr><td><strong>39. Volkslauf Hagen aTW &#8211; 10,5&nbsp;km<\/strong><\/td><td><\/td><td><\/td><td><\/td><\/tr><tr><td>Starter<\/td><td>Platz AK<\/td><td>gesamt<\/td><td>Laufen<\/td><\/tr><tr><td>Burkhard<\/td><td>31.<\/td><td>121.<\/td><td>00:58:38,9<\/td><\/tr><tr><td>Rosi<\/td><td>3.<\/td><td>142.<\/td><td>01:04:52,7<\/td><\/tr><tr><td>Ulli<\/td><td>8.<\/td><td>152.<\/td><td>01:12:46,6<\/td><\/tr><tr><td><\/td><td><\/td><td><\/td><td><\/td><\/tr><tr><td><strong>12. Borgloher Weiherlauf &#8211; 10 km<\/strong><\/td><td><\/td><td><\/td><td><\/td><\/tr><tr><td>Starter<\/td><td>Platz AK<\/td><td>gesamt<\/td><td>Laufen<\/td><\/tr><tr><td>Rosi<\/td><td>2.<\/td><td>163.<\/td><td>01:01:11,0<\/td><\/tr><tr><td>Ulli<\/td><td>13.<\/td><td>184.<\/td><td>01:11:10,0<\/td><\/tr><tr><td><\/td><td><\/td><td><\/td><td><\/td><\/tr><tr><td><strong>Gesamtwertung 3er-Pack<\/strong><\/td><td><\/td><td><\/td><td><\/td><\/tr><tr><td>Starter<\/td><td>Punkte<\/td><td>Platz M\/W<\/td><td><\/td><\/tr><tr><td>xx<\/td><td>38<\/td><td>16<\/td><td>vier L\u00e4ufe<\/td><\/tr><tr><td>xx<\/td><td>50<\/td><td>21<\/td><td>f\u00fcnf L\u00e4ufe<\/td><\/tr><tr><td>xx<\/td><td>225<\/td><td>88<\/td><td>drei L\u00e4ufe<\/td><\/tr><\/tbody><\/table><\/figure>\n","protected":false},"excerpt":{"rendered":"<p>11.5.2013 &#8211; Es geht wieder los &#8211; mit dem richtigen Winterspeck auf den Knochen und ordentlich motiviert ging es bei leichtem Regen \u00fcber die Berge.&nbsp; Teil 1: Turm-zu-Turm-Lauf:&nbsp;10.8km (220 H\u00f6henmeter) &#8211; Ausdauer n\u00f6tigStrecke ist landschaftlich sehr reizvoll. Bis auf kurze geteerte Abschnitte verl\u00e4uft der Rundkurs im Wald mit unterschiedlichen Untergr\u00fcnden &#8211; einige Anstiege.<\/p>\n","protected":false},"author":1,"featured_media":0,"comment_status":"closed","ping_status":"open","sticky":false,"template":"","format":"standard","meta":{"footnotes":""},"categories":[18],"tags":[125,153,156,162,159,152,155],"class_list":["post-2568","post","type-post","status-publish","format-standard","hentry","category-berichte-2013","tag-10km","tag-3er-pack","tag-borgloher-weiherlauf","tag-hagen-kirschbluetenlauf","tag-landschaftslauf","tag-laufserie","tag-turm-zu-turm"],"_links":{"self":[{"href":"https:\/\/arnwiesen.net\/wpt\/wp-json\/wp\/v2\/posts\/2568","targetHints":{"allow":["GET"]}}],"collection":[{"href":"https:\/\/arnwiesen.net\/wpt\/wp-json\/wp\/v2\/posts"}],"about":[{"href":"https:\/\/arnwiesen.net\/wpt\/wp-json\/wp\/v2\/types\/post"}],"author":[{"embeddable":true,"href":"https:\/\/arnwiesen.net\/wpt\/wp-json\/wp\/v2\/users\/1"}],"replies":[{"embeddable":true,"href":"https:\/\/arnwiesen.net\/wpt\/wp-json\/wp\/v2\/comments?post=2568"}],"version-history":[{"count":4,"href":"https:\/\/arnwiesen.net\/wpt\/wp-json\/wp\/v2\/posts\/2568\/revisions"}],"predecessor-version":[{"id":3450,"href":"https:\/\/arnwiesen.net\/wpt\/wp-json\/wp\/v2\/posts\/2568\/revisions\/3450"}],"wp:attachment":[{"href":"https:\/\/arnwiesen.net\/wpt\/wp-json\/wp\/v2\/media?parent=2568"}],"wp:term":[{"taxonomy":"category","embeddable":true,"href":"https:\/\/arnwiesen.net\/wpt\/wp-json\/wp\/v2\/categories?post=2568"},{"taxonomy":"post_tag","embeddable":true,"href":"https:\/\/arnwiesen.net\/wpt\/wp-json\/wp\/v2\/tags?post=2568"}],"curies":[{"name":"wp","href":"https:\/\/api.w.org\/{rel}","templated":true}]}}