{"id":2564,"date":"2013-05-24T14:17:00","date_gmt":"2013-05-24T12:17:00","guid":{"rendered":"https:\/\/arnwiesen.net\/wpt\/?p=2564"},"modified":"2022-07-07T12:03:22","modified_gmt":"2022-07-07T10:03:22","slug":"3x2x-und-5-mal-1x","status":"publish","type":"post","link":"https:\/\/arnwiesen.net\/wpt\/2013\/3x2x-und-5-mal-1x\/","title":{"rendered":"3x,2x und 5 mal 1x"},"content":{"rendered":"\n<p><strong>Mit sieben Starter bei der 11-St\u00e4dte-Rundfahrt<\/strong><\/p>\n\n\n\n<p>Bei bescheidenen Wetteraussichten, feucht kalt und nebelig reihten wir uns um 6:00 ins schier endlose Starterfeld. Gestartet wird ab 5 Uhr. Alle 8 Minuten 625 Radlern bis einschlie\u00dflich 8:04.<\/p>\n\n\n<div class=\"wp-block-image\">\n<figure class=\"aligncenter size-full\"><img loading=\"lazy\" decoding=\"async\" width=\"480\" height=\"361\" src=\"https:\/\/arnwiesen.net\/wpt\/wp-content\/uploads\/2013\/p1100971.jpg\" alt=\"\" class=\"wp-image-887\" srcset=\"https:\/\/arnwiesen.net\/wpt\/wp-content\/uploads\/2013\/p1100971.jpg 480w, https:\/\/arnwiesen.net\/wpt\/wp-content\/uploads\/2013\/p1100971-300x226.jpg 300w\" sizes=\"auto, (max-width: 480px) 85vw, 480px\" \/><figcaption>Gute Laune am Vorabend &#8211; <br>Ulli, HG, Joachim, Frank, Andreas, Carsten und Werner<\/figcaption><\/figure>\n<\/div>\n\n\n<!--more-->\n\n\n\n<p>W\u00e4hrend ich die Fotos mache \u00fcberholt mich HG und war danach nicht mehr zusehen &#8211; er glaubte mich vor sich und raste los. Bei seiner 1. Teilnahme war er sich nicht sicher &#8211; nur die Nordschleife oder alles. Nach der Mittagspause in Bolsward fuhr er dann weiter. \u201eMal sehen wie\u2019s geht \u2013 ein, zwei Etappen und dann vielleicht wieder zur\u00fcck\u201c war seine Einstellung. Zur\u00fcck? Bei zigtausend entgegenkommenden Radfahrern &#8211; &nbsp;das ist Harakiri. Es gibt Pfingstmontag nur eine Fahrtrichtung.<\/p>\n\n\n\n<p><\/p>\n\n\n<div class=\"wp-block-image\">\n<figure class=\"aligncenter size-full\"><img loading=\"lazy\" decoding=\"async\" width=\"480\" height=\"360\" src=\"https:\/\/arnwiesen.net\/wpt\/wp-content\/uploads\/2013\/P1100975.jpg\" alt=\"\" class=\"wp-image-888\" srcset=\"https:\/\/arnwiesen.net\/wpt\/wp-content\/uploads\/2013\/P1100975.jpg 480w, https:\/\/arnwiesen.net\/wpt\/wp-content\/uploads\/2013\/P1100975-300x225.jpg 300w\" sizes=\"auto, (max-width: 480px) 85vw, 480px\" \/><figcaption>HG &#8211; nach der Startlinie auf und davon &#8211; knapp 10 Stunden sp\u00e4ter schon im Ziel, trotz der kilometerlangen Zu-Fu\u00df-Passagen<\/figcaption><\/figure>\n<\/div>\n\n\n<p>Carsten und seine Freunde w\u00e4hlten ebenfalls die flotte Variante \u2013 das geplanten Fr\u00fchst\u00fcck im \u201eKoffiepott\u201c in Dokkum blieb dabei auf der Strecke.<\/p>\n\n\n\n<p>Werner und ich fuhren die touristische Variante \u2013 auf der Strecke einen z\u00fcgigen Schnitt um 28 km\/h und in den Orten erholsame Pausen bei Kaffee oder Pannekoken.<\/p>\n\n\n<div class=\"wp-block-image\">\n<figure class=\"aligncenter size-full\"><img loading=\"lazy\" decoding=\"async\" width=\"480\" height=\"360\" src=\"https:\/\/arnwiesen.net\/wpt\/wp-content\/uploads\/2013\/FF07049.jpg\" alt=\"\" class=\"wp-image-916\" srcset=\"https:\/\/arnwiesen.net\/wpt\/wp-content\/uploads\/2013\/FF07049.jpg 480w, https:\/\/arnwiesen.net\/wpt\/wp-content\/uploads\/2013\/FF07049-300x225.jpg 300w\" sizes=\"auto, (max-width: 480px) 85vw, 480px\" \/><\/figure>\n<\/div>\n\n\n<p>Ab halb zwei beendete Nieselregen das an sich gute Radfahrwetter &#8211; kein Wind, keine Sonne. Das Besondere der Elfstedentocht \u2013 die super Stimmung am Stra\u00dfenrand und im Teilnehmerfeld \u2013 lie\u00df sich davon nicht beeindrucken. Bis zum Ziel gibt es an der langen Strecke keine 500 m ohne Zuschauern \u2013 das ist einmalig.<\/p>\n\n\n<div class=\"wp-block-image\">\n<figure class=\"aligncenter size-full\"><img loading=\"lazy\" decoding=\"async\" width=\"480\" height=\"360\" src=\"https:\/\/arnwiesen.net\/wpt\/wp-content\/uploads\/2013\/123-1.jpg\" alt=\"\" class=\"wp-image-906\" srcset=\"https:\/\/arnwiesen.net\/wpt\/wp-content\/uploads\/2013\/123-1.jpg 480w, https:\/\/arnwiesen.net\/wpt\/wp-content\/uploads\/2013\/123-1-300x225.jpg 300w\" sizes=\"auto, (max-width: 480px) 85vw, 480px\" \/><figcaption>Wiebe Idsinga, der \u201el\u00easte fytser\u201c (<a rel=\"noreferrer noopener\" href=\"http:\/\/www.google.de\/url?sa=t&amp;rct=j&amp;q=&amp;esrc=s&amp;source=web&amp;cd=2&amp;cad=rja&amp;ved=0CD8QtwIwAQ&amp;url=http%3A%2F%2Fwww.youtube.com%2Fwatch%3Fv%3D5-PevS2-tSQ&amp;ei=luSdUZLbOYnxPO_rgJgP&amp;usg=AFQjCNF3SMhu5RhD-O-U-BUe722iTkEvpg&amp;sig2=eEDRGdnZu3qnWQ2LlbsEHA\" target=\"_blank\">Video 2012<\/a>) (<a rel=\"noreferrer noopener\" href=\"http:\/\/www.google.de\/url?sa=t&amp;rct=j&amp;q=&amp;esrc=s&amp;source=web&amp;cd=3&amp;cad=rja&amp;ved=0CEIQtwIwAg&amp;url=http%3A%2F%2Fwww.youtube.com%2Fwatch%3Fv%3Dl2_OPBbr7_E&amp;ei=luSdUZLbOYnxPO_rgJgP&amp;usg=AFQjCNFFMKu8rgYiLoZpyMoOJimxMDzVCQ&amp;sig2=99z5QaHqN4cWUY5NsAv6YA\" target=\"_blank\">Video 2013<\/a>)<\/figcaption><\/figure>\n<\/div>\n\n\n<p>Besondere Aufmerksamkeit geb\u00fchrte Wiebe Idsinga, der \u201el\u00easte fytser\u201c 2012 und Durk Reitsma (79 Jahre) auf seiner 60. Rundfahrt.<\/p>\n\n\n\n<p>Das werden wir nicht mehr toppen. Ulli 3x, Carsten 2x, Werner und die anderen mit ihrer ersten Zielankunft sind bestens zufrieden.<\/p>\n\n\n\n<p>Ansonsten: &#8222;Pingstermaandag 9 juni 2014&#8220; &#8211; selber Ort selbe Zeit<\/p>\n\n\n\n<p><a target=\"_blank\" href=\"https:\/\/plus.google.com\/photos\/101304882437320221569\/albums\/5880764219554534353\" rel=\"noreferrer noopener\">Noch mehr Fotos<\/a><\/p>\n\n\n\n<p><a rel=\"noreferrer noopener\" href=\"http:\/\/www.henkbootsmafotografie.nl\/index.php?id=1&amp;map=28&amp;submap=638\" target=\"_blank\">Noch mehr Eindr\u00fccke &#8222;Elfstedentoch 2013&#8220;<\/a><\/p>\n\n\n\n<blockquote class=\"wp-block-quote is-layout-flow wp-block-quote-is-layout-flow\"><p>Hallo Ulli,<\/p><p>wir hatten uns f\u00fcr die Wohnwagenparty entschieden.<\/p><p>Es war in der Tat ein anderer Tourverlauf; ich hatte bereits zum Start den Kontakt zu den mei\u00dften von uns verloren, allerdings die Ahnung eher hinten dran zu sein. Nach eingen km konnte ich dann entsprechend Joachim und HG erreichen, der mir sagte Du seiest weiter vorn. Um also das Rudel bei Dokkum zusammen zu bringen, habe ich versucht, Dich einzuhohlen und erreichte Dokkum um 9:03. Kurze Zeit sp\u00e4ter stand Frank neben mir, allerdings von&nbsp;Ulli&nbsp;keine Spur.&nbsp;<\/p><p>So gegen 9:45 war uns ausreichend kalt um uns f\u00fcr die Weiterfahrt zu entscheiden. Frank war ziemlich fit, ich fuhr&nbsp;einem&nbsp;Tiefpunkt entgegen und musste das Tempo auf Schleichfahrt drosseln. Erst ein zugeworfener Apfel und viele jubelnde Zuschauer haben mich wieder auf Tour gebracht. Frank sah ich in der Folge immer wieder, Joachim stand im Schlussdrittel \u00fcberraschend vor mir. Der Schlussspurt entwickelte sich dann wie ein Rausch und so war ich um 15:47 (feucht und sonst guter Dinge) am Medaillenstand. Frank und Joachim waren wenig sp\u00e4ter am Ziel. Nur Andreas hat sich in seiner Zeitplanung g\u00e4nzlich versch\u00e4tzt und stand etwa 6 Std. vor geplanter Zieleinfahrt am Wohnwagen.<\/p><p>Die Tour hatte mir viel Spass gemacht und ich bin gespannt auf 2014.<\/p><p>Viele Gr\u00fc\u00dfe<\/p><p>Carsten<\/p><\/blockquote>\n\n\n\n<p><\/p>\n\n\n\n<blockquote class=\"wp-block-quote is-layout-flow wp-block-quote-is-layout-flow\"><p>Lieber Uli, Carsten, Frank, Joachim, Werner und HG.,<\/p><p>nun ist mein Muskelkater vorbei und es ist an der Zeit mich nochmal bei Euch herzlich f\u00fcr die elfstedentocht zu bedanken.<\/p><p>Erstmal Dir Uli f\u00fcr die Anmeldung, Fotos und Berichte. Carsten f\u00fcr das Quatier und den Lift. Allen anderen das ich mit Euch fahren durfte und Ihr mich zu so einer tollen Leistung angespornt habt. W\u00e4re ich nicht so flott unterwegs gewesen, h\u00e4tte ich es nicht zum leckeren Nudelsalat geschafft.<\/p><p>Ob ich gleich wieder n\u00e4chstes Jahr mitfahre? Es sieht im Moment eher nicht danach aus. Aber in ein paar Jahren bestimmt wieder. Wohl aber nicht mit dem Rennrad, sondern mit dem Reiserad. Ich hoffe das dann auch die Familie, zumindest 140km, mitf\u00e4hrt. Ist doch easy.<\/p><p>Ich w\u00fcnsche Euch allen eine tolle Radsaison, ohne Pannen und bleibt gesund,<\/p><p>es gr\u00fc\u00dfst Euch herzlichst,<\/p><p>Andreas<\/p><\/blockquote>\n\n\n\n<hr class=\"wp-block-separator has-alpha-channel-opacity\"\/>\n\n\n\n<p><\/p>\n\n\n\n<hr class=\"wp-block-separator has-alpha-channel-opacity\"\/>\n","protected":false},"excerpt":{"rendered":"<p>Mit sieben Starter bei der 11-St\u00e4dte-Rundfahrt Bei bescheidenen Wetteraussichten, feucht kalt und nebelig reihten wir uns um 6:00 ins schier endlose Starterfeld. Gestartet wird ab 5 Uhr. Alle 8 Minuten 625 Radlern bis einschlie\u00dflich 8:04.<\/p>\n","protected":false},"author":1,"featured_media":0,"comment_status":"closed","ping_status":"open","sticky":false,"template":"","format":"standard","meta":{"footnotes":""},"categories":[18],"tags":[115,113,112,116,117,114],"class_list":["post-2564","post","type-post","status-publish","format-standard","hentry","category-berichte-2013","tag-bolsward","tag-elfstedentocht","tag-fietselfstedentocht","tag-leuwarden","tag-marathon","tag-radmarathon"],"_links":{"self":[{"href":"https:\/\/arnwiesen.net\/wpt\/wp-json\/wp\/v2\/posts\/2564","targetHints":{"allow":["GET"]}}],"collection":[{"href":"https:\/\/arnwiesen.net\/wpt\/wp-json\/wp\/v2\/posts"}],"about":[{"href":"https:\/\/arnwiesen.net\/wpt\/wp-json\/wp\/v2\/types\/post"}],"author":[{"embeddable":true,"href":"https:\/\/arnwiesen.net\/wpt\/wp-json\/wp\/v2\/users\/1"}],"replies":[{"embeddable":true,"href":"https:\/\/arnwiesen.net\/wpt\/wp-json\/wp\/v2\/comments?post=2564"}],"version-history":[{"count":3,"href":"https:\/\/arnwiesen.net\/wpt\/wp-json\/wp\/v2\/posts\/2564\/revisions"}],"predecessor-version":[{"id":3402,"href":"https:\/\/arnwiesen.net\/wpt\/wp-json\/wp\/v2\/posts\/2564\/revisions\/3402"}],"wp:attachment":[{"href":"https:\/\/arnwiesen.net\/wpt\/wp-json\/wp\/v2\/media?parent=2564"}],"wp:term":[{"taxonomy":"category","embeddable":true,"href":"https:\/\/arnwiesen.net\/wpt\/wp-json\/wp\/v2\/categories?post=2564"},{"taxonomy":"post_tag","embeddable":true,"href":"https:\/\/arnwiesen.net\/wpt\/wp-json\/wp\/v2\/tags?post=2564"}],"curies":[{"name":"wp","href":"https:\/\/api.w.org\/{rel}","templated":true}]}}