{"id":2560,"date":"2013-04-27T14:15:00","date_gmt":"2013-04-27T12:15:00","guid":{"rendered":"https:\/\/arnwiesen.net\/wpt\/?p=2560"},"modified":"2022-07-24T19:20:24","modified_gmt":"2022-07-24T17:20:24","slug":"50-elfstedentocht-1-trainingsfahrt-mit-hg","status":"publish","type":"post","link":"https:\/\/arnwiesen.net\/wpt\/2013\/50-elfstedentocht-1-trainingsfahrt-mit-hg\/","title":{"rendered":"50% Elfstedentocht &#8211; 1. Trainingsfahrt mit HG"},"content":{"rendered":"\n<p><strong>Sa. 27.04.2013 RTF Nr. 2082 Rund um Moor und Geest<\/strong><\/p>\n\n\n\n<p>HG war auf den 125 km der &#8222;bunte Vogel&#8220; im Fahrerfeld. Sein Renndress unterschied sich nicht von seinen normalen Outfit &#8211; Jeans und schwarze Jacke. Sein s\u00fcndhaft teures Treckingrad, inkl. Satteltaschen, Gep\u00e4cktr\u00e4ger und Schutzblechen war sofortiges Gespr\u00e4chsthema an allen Kontrollposten. &#8222;Dein Licht ist an.&#8220; &#8222;Ich wei\u00df &#8211; ich fahre immer mit Licht.&#8220; Die paar Watt mehr oder weniger &#8211; egal.<\/p>\n\n\n<div class=\"wp-block-image\">\n<figure class=\"aligncenter size-full\"><img loading=\"lazy\" decoding=\"async\" width=\"480\" height=\"338\" src=\"https:\/\/arnwiesen.net\/wpt\/wp-content\/uploads\/2013\/11-steeden-2013-kl.jpg\" alt=\"\" class=\"wp-image-905\" srcset=\"https:\/\/arnwiesen.net\/wpt\/wp-content\/uploads\/2013\/11-steeden-2013-kl.jpg 480w, https:\/\/arnwiesen.net\/wpt\/wp-content\/uploads\/2013\/11-steeden-2013-kl-300x211.jpg 300w\" sizes=\"auto, (max-width: 480px) 85vw, 480px\" \/><\/figure>\n<\/div>\n\n\n<!--more-->\n\n\n\n<p>Mit z\u00fcgigen 22er Schnitt fuhren wir durch die h\u00fcgelige Geest. Bei den k\u00fchlen Temperaturen von 5\u00b0 bis 8\u00b0 war der gef\u00fchlte st\u00e4ndige Gegenwind sehr unangenehm. Bratwurst und Erdinger alkoholfrei entsch\u00e4digten im Ziel. Das obligatorische Foto haben wir dabei leider vergessen. Und die Bitte mir ein Foto von sich und Rad zu senden beantwortete er mir mit eMail:<\/p>\n\n\n\n<blockquote class=\"wp-block-quote is-layout-flow wp-block-quote-is-layout-flow\"><p>Hi Ulrich<\/p><p>kann leider keine Fotos senden, meine Frau war auch mit dem Rad unterwegs und kommt nun nicht mehr die Treppe runter. Vielleicht morgen oder die Tage. Musste mich noch austoben und Habe Walter noch seine Alt-Zeitungen gebracht. Bin damit heute auf 145km gekommen. (Bin ein wenig stolz auf mich). <\/p><p>HG<\/p><\/blockquote>\n\n\n<div class=\"wp-block-image\">\n<figure class=\"aligncenter size-full\"><img loading=\"lazy\" decoding=\"async\" width=\"480\" height=\"329\" src=\"https:\/\/arnwiesen.net\/wpt\/wp-content\/uploads\/2013\/IMAG0280-kl.jpg\" alt=\"\" class=\"wp-image-917\" srcset=\"https:\/\/arnwiesen.net\/wpt\/wp-content\/uploads\/2013\/IMAG0280-kl.jpg 480w, https:\/\/arnwiesen.net\/wpt\/wp-content\/uploads\/2013\/IMAG0280-kl-300x206.jpg 300w\" sizes=\"auto, (max-width: 480px) 85vw, 480px\" \/><figcaption>HG&#8217;s Rennmaschine<\/figcaption><\/figure>\n<\/div>\n\n\n<hr class=\"wp-block-separator has-alpha-channel-opacity\"\/>\n\n\n\n<p>Kleine Anmerkung &#8211; HG ist noch nie mehr als 80 km gefahren<\/p>\n","protected":false},"excerpt":{"rendered":"<p>Sa. 27.04.2013 RTF Nr. 2082 Rund um Moor und Geest HG war auf den 125 km der &#8222;bunte Vogel&#8220; im Fahrerfeld. Sein Renndress unterschied sich nicht von seinen normalen Outfit &#8211; Jeans und schwarze Jacke. Sein s\u00fcndhaft teures Treckingrad, inkl. Satteltaschen, Gep\u00e4cktr\u00e4ger und Schutzblechen war sofortiges Gespr\u00e4chsthema an allen Kontrollposten. &#8222;Dein Licht ist an.&#8220; &#8222;Ich &hellip; <a href=\"https:\/\/arnwiesen.net\/wpt\/2013\/50-elfstedentocht-1-trainingsfahrt-mit-hg\/\" class=\"more-link\"><span class=\"screen-reader-text\">\u201e50% Elfstedentocht &#8211; 1. Trainingsfahrt mit HG\u201c<\/span> weiterlesen<\/a><\/p>\n","protected":false},"author":1,"featured_media":0,"comment_status":"closed","ping_status":"open","sticky":false,"template":"","format":"standard","meta":{"footnotes":""},"categories":[18],"tags":[229,127],"class_list":["post-2560","post","type-post","status-publish","format-standard","hentry","category-berichte-2013","tag-bremen","tag-rtf"],"_links":{"self":[{"href":"https:\/\/arnwiesen.net\/wpt\/wp-json\/wp\/v2\/posts\/2560","targetHints":{"allow":["GET"]}}],"collection":[{"href":"https:\/\/arnwiesen.net\/wpt\/wp-json\/wp\/v2\/posts"}],"about":[{"href":"https:\/\/arnwiesen.net\/wpt\/wp-json\/wp\/v2\/types\/post"}],"author":[{"embeddable":true,"href":"https:\/\/arnwiesen.net\/wpt\/wp-json\/wp\/v2\/users\/1"}],"replies":[{"embeddable":true,"href":"https:\/\/arnwiesen.net\/wpt\/wp-json\/wp\/v2\/comments?post=2560"}],"version-history":[{"count":2,"href":"https:\/\/arnwiesen.net\/wpt\/wp-json\/wp\/v2\/posts\/2560\/revisions"}],"predecessor-version":[{"id":2717,"href":"https:\/\/arnwiesen.net\/wpt\/wp-json\/wp\/v2\/posts\/2560\/revisions\/2717"}],"wp:attachment":[{"href":"https:\/\/arnwiesen.net\/wpt\/wp-json\/wp\/v2\/media?parent=2560"}],"wp:term":[{"taxonomy":"category","embeddable":true,"href":"https:\/\/arnwiesen.net\/wpt\/wp-json\/wp\/v2\/categories?post=2560"},{"taxonomy":"post_tag","embeddable":true,"href":"https:\/\/arnwiesen.net\/wpt\/wp-json\/wp\/v2\/tags?post=2560"}],"curies":[{"name":"wp","href":"https:\/\/api.w.org\/{rel}","templated":true}]}}