{"id":2554,"date":"2014-10-21T14:12:00","date_gmt":"2014-10-21T12:12:00","guid":{"rendered":"https:\/\/arnwiesen.net\/wpt\/?p=2554"},"modified":"2022-07-24T19:21:30","modified_gmt":"2022-07-24T17:21:30","slug":"oeffentlicher-halbmarathon","status":"publish","type":"post","link":"https:\/\/arnwiesen.net\/wpt\/2014\/oeffentlicher-halbmarathon\/","title":{"rendered":"\u00d6ffentlicher Halbmarathon"},"content":{"rendered":"\n<p><strong>Und 10-km-Volksbank-Citylauf Oldenburg<\/strong><\/p>\n\n\n\n<p>Obwohl es sich beim Halbmarathon in Oldenburg um einen \u00f6ffentlichen handelt, f\u00fchlten sich nur Jens, Ralf und Carsten dazu berufen. Die Gruppe Wattl\u00e4ufer bevorzugte die Sprintdistanz des 10-km-Volksbank-Citylaufs. Wirklich gesehen haben&nbsp; wir uns nicht. Trotz Kaffee und Kuchen im Zielzelt eilten die schnellen 10-km-L\u00e4ufer nach kurzer Pause gleich weiter zur Dusche. Im n\u00e4chsten Jahr sollten wir das verbesseren oder evtl. schon bei der ber\u00fcchtigten Sandkrug-Schleife.<\/p>\n\n\n\n<figure class=\"wp-block-image\"><img decoding=\"async\" src=\"https:\/\/arnwiesen.net\/wpt\/wp-content\/uploads\/2014\/547h674.jpg\" alt=\"\"\/><figcaption>Rosi<\/figcaption><\/figure>\n\n\n\n<!--more-->\n\n\n\n<figure class=\"wp-block-image size-full\"><img loading=\"lazy\" decoding=\"async\" width=\"600\" height=\"337\" src=\"https:\/\/arnwiesen.net\/wpt\/wp-content\/uploads\/2014\/37237hb63.jpg\" alt=\"\" class=\"wp-image-808\" srcset=\"https:\/\/arnwiesen.net\/wpt\/wp-content\/uploads\/2014\/37237hb63.jpg 600w, https:\/\/arnwiesen.net\/wpt\/wp-content\/uploads\/2014\/37237hb63-300x169.jpg 300w\" sizes=\"auto, (max-width: 709px) 85vw, (max-width: 909px) 67vw, (max-width: 984px) 61vw, (max-width: 1362px) 45vw, 600px\" \/><figcaption>Oldenburger Marathon im Goldenen Oktober: So macht Laufen Spa\u00df. Bild: Piet Meyer<\/figcaption><\/figure>\n\n\n\n<p><\/p>\n\n\n\n<p><strong>Oldenburg<\/strong>&nbsp;Nicht nur das gute Wetter gab den L\u00e4ufern R\u00fcckenwind. Auch die vielen Zuschauer motivierten zum Durchhalten. Lautstark und farbenfroh feuerten viele Oldenburger die Sportler vom Stra\u00dfenrand aus an. Auf der Kindermeile, bei den 5- und 10-Kilometer-L\u00e4ufen sowie beim Halbmarathon und Marathon bewiesen mehr als 4000 Teilnehmer Tempo und vor allem Kondition.&nbsp;<a href=\"http:\/\/www.nwzonline.de\/sport\/4000-sportler-verwandeln-oldenburg-in-lauf-metropole_a_19,0,2447382180.html\" target=\"_blank\" rel=\"noreferrer noopener\">NWZ-Online<\/a><\/p>\n\n\n\n<p><strong>Offentlicher-Halbmarathon Oldenburg<\/strong><\/p>\n\n\n\n<figure class=\"wp-block-table\"><table><thead><tr><th>Starter<\/th><th>AK<\/th><th>Platz AK<\/th><th>Platz<\/th><th>Brutto Zeit<\/th><\/tr><\/thead><tbody><tr><td>&nbsp;Jens &#8222;dickmann&#8220;<\/td><td>&nbsp;M45<\/td><td>&nbsp;110.\/196.<\/td><td>&nbsp;478.\/876.<\/td><td>&nbsp;01:56:30<\/td><\/tr><tr><td>&nbsp;Ralf &#8222;h\u00fcpd\u00fcd\u00fc&#8220;<\/td><td>&nbsp;M50<\/td><td>&nbsp;81.\/136.<\/td><td>&nbsp;532.\/876.<\/td><td>&nbsp;01:58:24<\/td><\/tr><tr><td>&nbsp;Carsten<\/td><td>&nbsp;M50<\/td><td>&nbsp;82.\/136.<\/td><td>&nbsp;536.\/876.<\/td><td>&nbsp;01:58:34<\/td><\/tr><\/tbody><\/table><\/figure>\n\n\n\n<p><strong>&nbsp;10-km-Volksbank-Citylauf Oldenburg<\/strong><\/p>\n\n\n\n<figure class=\"wp-block-table\"><table><thead><tr><th>Starter<\/th><th>AK<\/th><th>Platz AK<\/th><th>Platz<\/th><th>Brutto Zeit<\/th><\/tr><\/thead><tbody><tr><td>Lars<\/td><td>&nbsp;W50<\/td><td>&nbsp;29  \/ 89<\/td><td>&nbsp;302 \/ 727<\/td><td>&nbsp;00:50:56<\/td><\/tr><tr><td>&nbsp;Kristina<\/td><td>&nbsp;W35<\/td><td>&nbsp;7 \/ 44<\/td><td>&nbsp;101 \/ 414<\/td><td>&nbsp;00:54:15<\/td><\/tr><tr><td>&nbsp;Rosi<\/td><td>&nbsp;W55<\/td><td>&nbsp;10 \/ 17<\/td><td>&nbsp;182 \/ 414<\/td><td>&nbsp;00:58:38<\/td><\/tr><tr><td>&nbsp;Barbara<\/td><td>&nbsp;W50<\/td><td>&nbsp;26 \/ 41<\/td><td>&nbsp;267 \/ 414<\/td><td>&nbsp;01:02:31<\/td><\/tr><tr><td>&nbsp;Ulli<\/td><td>&nbsp;M55<\/td><td>&nbsp;48 \/ 50<\/td><td>&nbsp;696 \/ 727<\/td><td>&nbsp;01:09:15<\/td><\/tr><\/tbody><\/table><\/figure>\n","protected":false},"excerpt":{"rendered":"<p>Und 10-km-Volksbank-Citylauf Oldenburg Obwohl es sich beim Halbmarathon in Oldenburg um einen \u00f6ffentlichen handelt, f\u00fchlten sich nur Jens, Ralf und Carsten dazu berufen. Die Gruppe Wattl\u00e4ufer bevorzugte die Sprintdistanz des 10-km-Volksbank-Citylaufs. Wirklich gesehen haben&nbsp; wir uns nicht. Trotz Kaffee und Kuchen im Zielzelt eilten die schnellen 10-km-L\u00e4ufer nach kurzer Pause gleich weiter zur Dusche. Im &hellip; <a href=\"https:\/\/arnwiesen.net\/wpt\/2014\/oeffentlicher-halbmarathon\/\" class=\"more-link\"><span class=\"screen-reader-text\">\u201e\u00d6ffentlicher Halbmarathon\u201c<\/span> weiterlesen<\/a><\/p>\n","protected":false},"author":1,"featured_media":0,"comment_status":"closed","ping_status":"open","sticky":false,"template":"","format":"standard","meta":{"footnotes":""},"categories":[19],"tags":[125,123,132,210],"class_list":["post-2554","post","type-post","status-publish","format-standard","hentry","category-berichte-2014","tag-10km","tag-halbmarathon","tag-oldenburg","tag-volkslauf"],"_links":{"self":[{"href":"https:\/\/arnwiesen.net\/wpt\/wp-json\/wp\/v2\/posts\/2554","targetHints":{"allow":["GET"]}}],"collection":[{"href":"https:\/\/arnwiesen.net\/wpt\/wp-json\/wp\/v2\/posts"}],"about":[{"href":"https:\/\/arnwiesen.net\/wpt\/wp-json\/wp\/v2\/types\/post"}],"author":[{"embeddable":true,"href":"https:\/\/arnwiesen.net\/wpt\/wp-json\/wp\/v2\/users\/1"}],"replies":[{"embeddable":true,"href":"https:\/\/arnwiesen.net\/wpt\/wp-json\/wp\/v2\/comments?post=2554"}],"version-history":[{"count":3,"href":"https:\/\/arnwiesen.net\/wpt\/wp-json\/wp\/v2\/posts\/2554\/revisions"}],"predecessor-version":[{"id":4223,"href":"https:\/\/arnwiesen.net\/wpt\/wp-json\/wp\/v2\/posts\/2554\/revisions\/4223"}],"wp:attachment":[{"href":"https:\/\/arnwiesen.net\/wpt\/wp-json\/wp\/v2\/media?parent=2554"}],"wp:term":[{"taxonomy":"category","embeddable":true,"href":"https:\/\/arnwiesen.net\/wpt\/wp-json\/wp\/v2\/categories?post=2554"},{"taxonomy":"post_tag","embeddable":true,"href":"https:\/\/arnwiesen.net\/wpt\/wp-json\/wp\/v2\/tags?post=2554"}],"curies":[{"name":"wp","href":"https:\/\/api.w.org\/{rel}","templated":true}]}}