{"id":2542,"date":"2014-08-01T14:05:00","date_gmt":"2014-08-01T12:05:00","guid":{"rendered":"https:\/\/arnwiesen.net\/wpt\/?p=2542"},"modified":"2022-07-12T11:35:08","modified_gmt":"2022-07-12T09:35:08","slug":"radtour-graz-venedig-2014","status":"publish","type":"post","link":"https:\/\/arnwiesen.net\/wpt\/2014\/radtour-graz-venedig-2014\/","title":{"rendered":"Radtour Graz &#8211; Venedig 2014"},"content":{"rendered":"\n<p><strong>Radtour Graz &#8211; Julische Alpen &#8211; Venedig<\/strong><\/p>\n\n\n\n<p><strong>Graz &#8211; Muta &#8211; Kirschentheuer &#8211; Kranjska Gora &#8211; Nova Gorica &#8211; Eraclea Mare &#8211; Venedig<\/strong><\/p>\n\n\n\n<p>Bei der Alpenradtour 2014 waren wir nur&nbsp;4 Teilnehmer:<br>Ludger, Bernhard, Werner und Frank<br><br>Wir fuhren von&nbsp;<strong>Graz<\/strong>&nbsp;entlang der&nbsp;<strong>Mur<\/strong>&nbsp;flu\u00dfabw\u00e4rts bis&nbsp;<strong>Maribor<\/strong>&nbsp;in Slowenien,<br>ab da entlang der&nbsp;<strong>Drau<\/strong>&nbsp;flu\u00dfaufw\u00e4rts bis kurz vor Villach,<br>dann am&nbsp;<strong>Faaker See<\/strong>&nbsp;vorbei \u00fcber den&nbsp;<strong>Wurzenpa\u00df<\/strong>&nbsp;wieder nach Slowenien.<br>Vor&nbsp;<strong>Kranjska Gora<\/strong>&nbsp;besichtigten wir noch die Skiflugschanzen in&nbsp;<strong>Planica<\/strong>.<br>Nachdem wir den&nbsp;<strong>Vrsic-Pa\u00df<\/strong>&nbsp;\u00fcberwunden hatten, rollten wir im Tal der&nbsp;<strong>Soca<\/strong>&nbsp;flu\u00dfabw\u00e4rts<br>und erreichten \u00fcber&nbsp;<strong>Nova Gorica<\/strong>,&nbsp;<strong>Eraclea Mare<\/strong>&nbsp;und&nbsp;<strong>Mestre<\/strong>&nbsp;dann&nbsp;<strong>Venedig<\/strong>. (620 km in 6 Tagen)<\/p>\n\n\n<div class=\"wp-block-image\">\n<figure class=\"aligncenter size-large\"><img decoding=\"async\" src=\"https:\/\/arnwiesen.net\/wpt\/wp-content\/uploads\/2014\/radtour_slowenien\/Slowenien800.jpg\" alt=\"\"\/><\/figure>\n<\/div>\n\n\n<!--more-->\n\n\n<div class=\"wp-block-image\">\n<figure class=\"aligncenter size-large\"><img decoding=\"async\" src=\"https:\/\/arnwiesen.net\/wpt\/wp-content\/uploads\/2014\/radtour_slowenien\/SL0130.jpg\" alt=\"\"\/><\/figure>\n<\/div>\n\n\n<p>Nach einem guten Fr\u00fchst\u00fcck in Graz sind wir gestartet.&nbsp;<br>Noch vor dem Mittag des 1. Tages haben wir die Mur verlassen und erreichen Maribor in Slowenien.<\/p>\n\n\n<div class=\"wp-block-image\">\n<figure class=\"aligncenter size-large\"><img decoding=\"async\" src=\"https:\/\/arnwiesen.net\/wpt\/wp-content\/uploads\/2014\/radtour_slowenien\/SL0140.jpg\" alt=\"\"\/><\/figure>\n<\/div>\n\n\n<p>&nbsp;Hier das Ortseingangsschild von Maribor in Slowenien.<\/p>\n\n\n<div class=\"wp-block-image\">\n<figure class=\"aligncenter size-large\"><img decoding=\"async\" src=\"https:\/\/arnwiesen.net\/wpt\/wp-content\/uploads\/2014\/radtour_slowenien\/SL0180.jpg\" alt=\"\"\/><\/figure>\n<\/div>\n\n\n<p>&nbsp;In Maribor haben wir Mittag gegessen. Anschlie\u00dfend ging es entlang der Drau flu\u00dfaufw\u00e4rts.<br>In Muta hatten wir ein sch\u00f6nes Quartier mit reichhaltigem Abendbrot und Fr\u00fchst\u00fcck.<\/p>\n\n\n<div class=\"wp-block-image\">\n<figure class=\"aligncenter size-large\"><img decoding=\"async\" src=\"https:\/\/arnwiesen.net\/wpt\/wp-content\/uploads\/2014\/radtour_slowenien\/SL0450.jpg\" alt=\"\"\/><\/figure>\n<\/div>\n\n\n<p>&nbsp;Seit dem Vormittag des 2. Tages sind wir wieder in \u00d6sterreich. Wir folgen der Drau bis zum Faaker See.<\/p>\n\n\n<div class=\"wp-block-image\">\n<figure class=\"aligncenter size-large\"><img decoding=\"async\" src=\"https:\/\/arnwiesen.net\/wpt\/wp-content\/uploads\/2014\/radtour_slowenien\/SL0690.jpg\" alt=\"\"\/><\/figure>\n<\/div>\n\n\n<p>&nbsp;Der Wurzenpa\u00df ist zwar nur 1073 m hoch, hat aber stellenweise 18% !!! Steigung.<br>Da kann man beim besten Willen nicht mehr fahren und mu\u00df das Rad schieben !<\/p>\n\n\n<div class=\"wp-block-image\">\n<figure class=\"aligncenter size-large\"><img decoding=\"async\" src=\"https:\/\/arnwiesen.net\/wpt\/wp-content\/uploads\/2014\/radtour_slowenien\/SL0710.jpg\" alt=\"\"\/><\/figure>\n<\/div>\n\n\n<p>&nbsp;Selbst f\u00fcr Autos ist der Pa\u00df nicht einfach. Wir mu\u00dften unsere schweren R\u00e4der teilweise schieben.<\/p>\n\n\n<div class=\"wp-block-image\">\n<figure class=\"aligncenter size-large\"><img decoding=\"async\" src=\"https:\/\/arnwiesen.net\/wpt\/wp-content\/uploads\/2014\/radtour_slowenien\/SL0730.jpg\" alt=\"\"\/><\/figure>\n<\/div>\n\n\n<p>&nbsp;Beim Schieben kommt man genauso ins Schwitzen.&nbsp;Jetzt ist es Zeit f\u00fcr ein Gipfelfoto.<\/p>\n\n\n<div class=\"wp-block-image\">\n<figure class=\"aligncenter size-large\"><img decoding=\"async\" src=\"https:\/\/arnwiesen.net\/wpt\/wp-content\/uploads\/2014\/radtour_slowenien\/SL0740.jpg\" alt=\"\"\/><\/figure>\n<\/div>\n\n\n<p>&nbsp;Gleich danach&nbsp;wechseln wir wieder \u00fcber nach Slowenien. Es gibt keinerlei Kontrollen mehr.&nbsp;<\/p>\n\n\n<div class=\"wp-block-image\">\n<figure class=\"aligncenter size-large\"><img decoding=\"async\" src=\"https:\/\/arnwiesen.net\/wpt\/wp-content\/uploads\/2014\/radtour_slowenien\/SL0800.jpg\" alt=\"\"\/><\/figure>\n<\/div>\n\n\n<p>&nbsp;In Planica haben wir die gro\u00dfen Skiflugschanzen besichtigt. Auf allen 7 Schanzen waren Skispringer unterwegs. Dank der Matten geht das auch ohne Schnee.<br>siehe auch<br><a href=\"http:\/\/www.skisprungschanzen.com\/DE\/Artikel\/0133-Bau+des+Nordic+Center+in+Planica+schreitet+voran\" target=\"_blank\" rel=\"noreferrer noopener\">http:\/\/www.skisprungschanzen.com\/DE\/Artikel\/0133-Bau+des+Nordic+Center+in+Planica+schreitet+voran<\/a><\/p>\n\n\n<div class=\"wp-block-image\">\n<figure class=\"aligncenter size-large\"><img decoding=\"async\" src=\"https:\/\/arnwiesen.net\/wpt\/wp-content\/uploads\/2014\/radtour_slowenien\/SL0880.jpg\" alt=\"\"\/><\/figure>\n<\/div>\n\n\n<p>&nbsp;In Kranjska Gora sollte man mal Urlaub machen. Dort ist eine herrliche Wandergegend.<\/p>\n\n\n\n<figure class=\"wp-block-image\"><img decoding=\"async\" src=\"https:\/\/arnwiesen.net\/wpt\/wp-content\/uploads\/2014\/radtour_slowenien\/SL0892.jpg\" alt=\"\"\/><\/figure>\n\n\n\n<p>&nbsp;Ausblick von Kranjska Gora zum Triglav-Nationalpark.<\/p>\n\n\n\n<figure class=\"wp-block-image\"><img decoding=\"async\" src=\"https:\/\/arnwiesen.net\/wpt\/wp-content\/uploads\/2014\/radtour_slowenien\/SL0980.jpg\" alt=\"\"\/><\/figure>\n\n\n\n<p>&nbsp;Das Loch im Berg (Front Window) ist leicht zu finden und bei genauem Hinsehen entdeckt man auch das Gesicht im&nbsp;Fels (Pagan Girl).&nbsp;<\/p>\n\n\n\n<figure class=\"wp-block-image\"><img decoding=\"async\" src=\"https:\/\/arnwiesen.net\/wpt\/wp-content\/uploads\/2014\/radtour_slowenien\/SL1022.jpg\" alt=\"\"\/><\/figure>\n\n\n\n<p>&nbsp;Auch der Vrsic-Pa\u00df hat es in sich. Er ist zwar nur 1611 m hoch, aber mit teilweise 14 % Steigung ist er steiler als z.B. Gro\u00dfglockner, Timmelsjoch oder Stilfserjoch.<\/p>\n\n\n\n<figure class=\"wp-block-image\"><img decoding=\"async\" src=\"https:\/\/arnwiesen.net\/wpt\/wp-content\/uploads\/2014\/radtour_slowenien\/SL1030.jpg\" alt=\"\"\/><\/figure>\n\n\n\n<p>&nbsp;Hier nun das schwer erk\u00e4mpfte Gipfelfoto. Nun haben wir f\u00fcr heute &#8222;nur noch&#8220; 80 km vor uns bis Nova Gorica. Zum Gl\u00fcck geht es aber haupts\u00e4chlich bergab.<\/p>\n\n\n\n<figure class=\"wp-block-image\"><img decoding=\"async\" src=\"https:\/\/arnwiesen.net\/wpt\/wp-content\/uploads\/2014\/radtour_slowenien\/SL1490.jpg\" alt=\"\"\/><\/figure>\n\n\n\n<p>&nbsp;\u00dcber die Grenzstadt Noca Gorica und den Badeort Eraclea Mare haben wir 2 Tage sp\u00e4ter Mestre erreicht.<br>Von dort sind wir mit der S-Bahn \u00fcber die lange Br\u00fccke nach Venedig gefahren.<br>Die Fahrr\u00e4der&nbsp;h\u00e4tten uns&nbsp;in Venedig nur behindert.<\/p>\n\n\n\n<figure class=\"wp-block-image\"><img decoding=\"async\" src=\"https:\/\/arnwiesen.net\/wpt\/wp-content\/uploads\/2014\/radtour_slowenien\/SL1610.jpg\" alt=\"\"\/><\/figure>\n\n\n\n<p>&nbsp;Hier nun das Standardfoto von der Rialto-Br\u00fccke.<\/p>\n\n\n\n<figure class=\"wp-block-image\"><img decoding=\"async\" src=\"https:\/\/arnwiesen.net\/wpt\/wp-content\/uploads\/2014\/radtour_slowenien\/SL1620.jpg\" alt=\"\"\/><\/figure>\n\n\n\n<p>&nbsp;Eine teure Gondelfahrt wollten wir uns nicht leisten.<\/p>\n\n\n\n<figure class=\"wp-block-image\"><img decoding=\"async\" src=\"https:\/\/arnwiesen.net\/wpt\/wp-content\/uploads\/2014\/radtour_slowenien\/SL1640.jpg\" alt=\"\"\/><\/figure>\n\n\n\n<p>&nbsp;Blick von der Rialto-Br\u00fccke auf den Canal Grande.<\/p>\n\n\n\n<figure class=\"wp-block-image\"><img decoding=\"async\" src=\"https:\/\/arnwiesen.net\/wpt\/wp-content\/uploads\/2014\/radtour_slowenien\/SL1650.jpg\" alt=\"\"\/><\/figure>\n\n\n\n<p>&nbsp;Blick von der Rialto-Br\u00fccke auf den Canal Grande.<\/p>\n\n\n\n<figure class=\"wp-block-image\"><img decoding=\"async\" src=\"https:\/\/arnwiesen.net\/wpt\/wp-content\/uploads\/2014\/radtour_slowenien\/SL1670.jpg\" alt=\"\"\/><\/figure>\n\n\n\n<p>&nbsp;Und zum Abschlu\u00df noch zwei Gondeln.<br><br>Noch am gleichen Abend sind wir von Mestre aus mit der Bahn \u00fcber M\u00fcnchen wieder nach Hause gefahren.<\/p>\n\n\n\n<p>mehr Fotos wie immer unter<br><a href=\"http:\/\/franklehmann.dyndns.eu\/index.php?folder=\/2014\/07_Slowenien\/\" target=\"_blank\" rel=\"noreferrer noopener\">http:\/\/franklehmann.dyndns.eu\/index.php?folder=\/2014\/07_Slowenien\/<\/a><\/p>\n","protected":false},"excerpt":{"rendered":"<p>Radtour Graz &#8211; Julische Alpen &#8211; Venedig Graz &#8211; Muta &#8211; Kirschentheuer &#8211; Kranjska Gora &#8211; Nova Gorica &#8211; Eraclea Mare &#8211; Venedig Bei der Alpenradtour 2014 waren wir nur&nbsp;4 Teilnehmer:Ludger, Bernhard, Werner und Frank Wir fuhren von&nbsp;Graz&nbsp;entlang der&nbsp;Mur&nbsp;flu\u00dfabw\u00e4rts bis&nbsp;Maribor&nbsp;in Slowenien,ab da entlang der&nbsp;Drau&nbsp;flu\u00dfaufw\u00e4rts bis kurz vor Villach,dann am&nbsp;Faaker See&nbsp;vorbei \u00fcber den&nbsp;Wurzenpa\u00df&nbsp;wieder nach Slowenien.Vor&nbsp;Kranjska Gora&nbsp;besichtigten &hellip; <a href=\"https:\/\/arnwiesen.net\/wpt\/2014\/radtour-graz-venedig-2014\/\" class=\"more-link\"><span class=\"screen-reader-text\">\u201eRadtour Graz &#8211; Venedig 2014\u201c<\/span> weiterlesen<\/a><\/p>\n","protected":false},"author":6,"featured_media":0,"comment_status":"closed","ping_status":"open","sticky":false,"template":"","format":"standard","meta":{"footnotes":""},"categories":[19],"tags":[32,60,64,63,31,61,65,62],"class_list":["post-2542","post","type-post","status-publish","format-standard","hentry","category-berichte-2014","tag-alpen","tag-graz","tag-maribor","tag-planica","tag-radtour","tag-venedig","tag-vrsic-pass","tag-wurtenpass"],"_links":{"self":[{"href":"https:\/\/arnwiesen.net\/wpt\/wp-json\/wp\/v2\/posts\/2542","targetHints":{"allow":["GET"]}}],"collection":[{"href":"https:\/\/arnwiesen.net\/wpt\/wp-json\/wp\/v2\/posts"}],"about":[{"href":"https:\/\/arnwiesen.net\/wpt\/wp-json\/wp\/v2\/types\/post"}],"author":[{"embeddable":true,"href":"https:\/\/arnwiesen.net\/wpt\/wp-json\/wp\/v2\/users\/6"}],"replies":[{"embeddable":true,"href":"https:\/\/arnwiesen.net\/wpt\/wp-json\/wp\/v2\/comments?post=2542"}],"version-history":[{"count":3,"href":"https:\/\/arnwiesen.net\/wpt\/wp-json\/wp\/v2\/posts\/2542\/revisions"}],"predecessor-version":[{"id":3359,"href":"https:\/\/arnwiesen.net\/wpt\/wp-json\/wp\/v2\/posts\/2542\/revisions\/3359"}],"wp:attachment":[{"href":"https:\/\/arnwiesen.net\/wpt\/wp-json\/wp\/v2\/media?parent=2542"}],"wp:term":[{"taxonomy":"category","embeddable":true,"href":"https:\/\/arnwiesen.net\/wpt\/wp-json\/wp\/v2\/categories?post=2542"},{"taxonomy":"post_tag","embeddable":true,"href":"https:\/\/arnwiesen.net\/wpt\/wp-json\/wp\/v2\/tags?post=2542"}],"curies":[{"name":"wp","href":"https:\/\/api.w.org\/{rel}","templated":true}]}}