{"id":2538,"date":"2014-06-23T14:03:00","date_gmt":"2014-06-23T12:03:00","guid":{"rendered":"https:\/\/arnwiesen.net\/wpt\/?p=2538"},"modified":"2024-05-22T17:16:48","modified_gmt":"2024-05-22T15:16:48","slug":"de-friese-fietselfstedentocht-2014","status":"publish","type":"post","link":"https:\/\/arnwiesen.net\/wpt\/2014\/de-friese-fietselfstedentocht-2014\/","title":{"rendered":"De Friese Fietselfstedentocht 2014"},"content":{"rendered":"\n<p>An alle Unmotivierte dieser Welt &#8211; man kann die 235 km auch ohne jegliches Stra\u00dfentraining meistern.<\/p>\n\n\n\n<p>OK &#8211; die letzten 20 km auf dem Zahnfleisch. Das war nat\u00fcrlich eine Herausforderung bei schw\u00fcl warmen Sommertemperaturen und m\u00e4\u00dfig Wind (K\u00fchlung war das nicht).<\/p>\n\n\n<div class=\"wp-block-image\">\n<figure class=\"aligncenter size-full\"><img loading=\"lazy\" decoding=\"async\" width=\"735\" height=\"474\" src=\"https:\/\/arnwiesen.net\/wpt\/wp-content\/uploads\/2014\/Img_6855.kl_.jpg\" alt=\"\" class=\"wp-image-820\" srcset=\"https:\/\/arnwiesen.net\/wpt\/wp-content\/uploads\/2014\/Img_6855.kl_.jpg 735w, https:\/\/arnwiesen.net\/wpt\/wp-content\/uploads\/2014\/Img_6855.kl_-300x193.jpg 300w\" sizes=\"auto, (max-width: 709px) 85vw, (max-width: 909px) 67vw, (max-width: 984px) 61vw, (max-width: 1362px) 45vw, 600px\" \/><figcaption class=\"wp-element-caption\">Nix mit Windschatten &#8211; zwei einsame Radler auf der Fietselfstedentocht<\/figcaption><\/figure>\n<\/div>\n\n\n<!--more-->\n\n\n\n<p>@ G\u00fcnne &#8211; mangels Ausdauertraining hatte ich ebenfalls auf den letzten 80 km wiederholt Kr\u00e4mpfe in meinem Problembein &#8211; Druck rausnehmen, Gang runterschalten und Trittfrequenz erh\u00f6hen hat bei mir geholfen.<\/p>\n\n\n\n<p>@ Cossi &#8211; man kann zwar nach der H\u00e4lfte aussteigen, macht aber keiner. Wer startet, der finished &#8211; den Link &#8222;Last Finisher&#8220; &#8211; Wiebe Idsinga<\/p>\n\n\n\n<p>Diesen Jahr haben Ulli, Carsten und Sohn die Stempelkarte vollgemacht &#8211; wer 2015 dabei sein will, m\u00f6ge sich bei uns melden.<\/p>\n\n\n<div class=\"wp-block-image\">\n<figure class=\"aligncenter size-full\"><a href=\"https:\/\/arnwiesen.net\/wpt\/wp-content\/uploads\/2014\/10465250_762999817077519_4143703647975272732_o.jpg\" rel=\"https:\/\/arnwiesen.net\/wpt\/wp-content\/uploads\/2014\/effg.jpg\"><img loading=\"lazy\" decoding=\"async\" width=\"640\" height=\"360\" src=\"https:\/\/arnwiesen.net\/wpt\/wp-content\/uploads\/2014\/effg.jpg\" alt=\"\" class=\"wp-image-811\" srcset=\"https:\/\/arnwiesen.net\/wpt\/wp-content\/uploads\/2014\/effg.jpg 640w, https:\/\/arnwiesen.net\/wpt\/wp-content\/uploads\/2014\/effg-300x169.jpg 300w\" sizes=\"auto, (max-width: 709px) 85vw, (max-width: 909px) 67vw, (max-width: 984px) 61vw, (max-width: 1362px) 45vw, 600px\" \/><\/a><figcaption class=\"wp-element-caption\">Stempelkaart 2014<\/figcaption><\/figure>\n<\/div>\n\n\n<figure class=\"wp-block-table\"><table><tbody><tr><td>&nbsp;<\/td><td><strong>&nbsp;Ulli<\/strong><\/td><td><strong>&nbsp;Carsten<\/strong><\/td><\/tr><tr><td>&nbsp;Distanz<\/td><td>\u00a0235 km<\/td><td>&nbsp;<\/td><\/tr><tr><td>&nbsp;Fahrtzeit<\/td><td>&nbsp;10 h 48 min<\/td><td>&nbsp;<\/td><\/tr><tr><td>&nbsp;avg. Geschwindigkeit<\/td><td>&nbsp;22,5 km\/h<\/td><td>&nbsp;<\/td><\/tr><tr><td>&nbsp;Trittfrequienz<\/td><td>&nbsp;69<\/td><td>&nbsp;<\/td><\/tr><tr><td>&nbsp;Herzfrequenz<\/td><td>&nbsp;127<\/td><td>&nbsp;<\/td><\/tr><tr><td>&nbsp;Verbrauch<\/td><td>&nbsp;7.077 Kcal<\/td><td>&nbsp;l<\/td><\/tr><\/tbody><\/table><\/figure>\n","protected":false},"excerpt":{"rendered":"<p>An alle Unmotivierte dieser Welt &#8211; man kann die 235 km auch ohne jegliches Stra\u00dfentraining meistern. OK &#8211; die letzten 20 km auf dem Zahnfleisch. Das war nat\u00fcrlich eine Herausforderung bei schw\u00fcl warmen Sommertemperaturen und m\u00e4\u00dfig Wind (K\u00fchlung war das nicht).<\/p>\n","protected":false},"author":1,"featured_media":0,"comment_status":"closed","ping_status":"open","sticky":false,"template":"","format":"standard","meta":{"footnotes":""},"categories":[19],"tags":[115,113,112,116,117,114],"class_list":["post-2538","post","type-post","status-publish","format-standard","hentry","category-berichte-2014","tag-bolsward","tag-elfstedentocht","tag-fietselfstedentocht","tag-leuwarden","tag-marathon","tag-radmarathon"],"_links":{"self":[{"href":"https:\/\/arnwiesen.net\/wpt\/wp-json\/wp\/v2\/posts\/2538","targetHints":{"allow":["GET"]}}],"collection":[{"href":"https:\/\/arnwiesen.net\/wpt\/wp-json\/wp\/v2\/posts"}],"about":[{"href":"https:\/\/arnwiesen.net\/wpt\/wp-json\/wp\/v2\/types\/post"}],"author":[{"embeddable":true,"href":"https:\/\/arnwiesen.net\/wpt\/wp-json\/wp\/v2\/users\/1"}],"replies":[{"embeddable":true,"href":"https:\/\/arnwiesen.net\/wpt\/wp-json\/wp\/v2\/comments?post=2538"}],"version-history":[{"count":6,"href":"https:\/\/arnwiesen.net\/wpt\/wp-json\/wp\/v2\/posts\/2538\/revisions"}],"predecessor-version":[{"id":4444,"href":"https:\/\/arnwiesen.net\/wpt\/wp-json\/wp\/v2\/posts\/2538\/revisions\/4444"}],"wp:attachment":[{"href":"https:\/\/arnwiesen.net\/wpt\/wp-json\/wp\/v2\/media?parent=2538"}],"wp:term":[{"taxonomy":"category","embeddable":true,"href":"https:\/\/arnwiesen.net\/wpt\/wp-json\/wp\/v2\/categories?post=2538"},{"taxonomy":"post_tag","embeddable":true,"href":"https:\/\/arnwiesen.net\/wpt\/wp-json\/wp\/v2\/tags?post=2538"}],"curies":[{"name":"wp","href":"https:\/\/api.w.org\/{rel}","templated":true}]}}