{"id":2536,"date":"2014-05-23T14:02:00","date_gmt":"2014-05-23T12:02:00","guid":{"rendered":"https:\/\/arnwiesen.net\/wpt\/?p=2536"},"modified":"2022-07-12T12:04:24","modified_gmt":"2022-07-12T10:04:24","slug":"bicycle-holidays-auf-mallorca-2014","status":"publish","type":"post","link":"https:\/\/arnwiesen.net\/wpt\/2014\/bicycle-holidays-auf-mallorca-2014\/","title":{"rendered":"Bicycle Holidays auf Mallorca 2014"},"content":{"rendered":"\n<p>Weil es uns 2012 so gut gefallen hat, waren wir vom 26. April &#8211; 03. Mai 2014 nochmals im&nbsp;<strong>Fahrrad-Trainingslager<\/strong>&nbsp;in&nbsp;Playa de Muro&nbsp;auf<strong>&nbsp;Mallorca<\/strong>.<br>Wir waren wieder in gleicher Besetzung: Evi, J\u00f6rg, Babsi, Hardy, Atze und Frank<br>Das gesamte Reisepaket war wieder organisiert \u00fcber<\/p>\n\n\n<div class=\"wp-block-image\">\n<figure class=\"aligncenter size-full\"><a href=\"https:\/\/www.huerzeler.com\/de\" target=\"_blank\" rel=\"noreferrer noopener\"><img loading=\"lazy\" decoding=\"async\" width=\"250\" height=\"97\" src=\"https:\/\/arnwiesen.net\/wpt\/wp-content\/uploads\/2014\/mallorca\/huerzeler.jpg\" alt=\"\" class=\"wp-image-3743\"\/><\/a><\/figure>\n<\/div>\n\n<div class=\"wp-block-image\">\n<figure class=\"aligncenter\"><img decoding=\"async\" src=\"https:\/\/arnwiesen.net\/wpt\/wp-content\/uploads\/2014\/mallorca\/Mallorca_800.jpg\" alt=\"\"\/><\/figure>\n<\/div>\n\n\n<!--more-->\n\n\n\n<p>Vom&nbsp;Hotel aus&nbsp;gab es t\u00e4glich gef\u00fchrte Radtouren mit unterschiedlichen Entfernungen, Durchschnittsgeschwindigkeiten und H\u00f6henmetern.<br>Je nach eigener Leistungseinsch\u00e4tzung konnte man sich in einer geeigneten Gruppe einschreiben.<\/p>\n\n\n\n<p>Hier sieht man unsere Tagestouren:<\/p>\n\n\n\n<figure class=\"wp-block-table\"><table><tbody><tr><td>&nbsp;<\/td><td>Sonntag<\/td><td>Rundfahrt \u00fcber Santa Margalita, Petra, Sa Pobla<\/td><td>89 km<\/td><\/tr><tr><td>&nbsp;<\/td><td>Montag<\/td><td>Rundfahrt \u00fcber Inca,&nbsp;Sineu<\/td><td>98 km<\/td><\/tr><tr><td>&nbsp;<\/td><td>Dienstag<\/td><td>Rundfahrt \u00fcber Arta, Porto Cristo, Manacor<\/td><td>102 km<\/td><\/tr><tr><td>&nbsp;<\/td><td>Donnerstag<\/td><td>K\u00fcstenklassik: Port d&#8217;Andratx &#8211; Playa de Muro<\/td><td>126 km<\/td><\/tr><tr><td>&nbsp;<\/td><td>Freitag<\/td><td>Fahrt nach Pollenca und zur\u00fcck<\/td><td>39 km<\/td><\/tr><tr><td>ohne Log<\/td><td>Sonnabend<\/td><td>&nbsp;Rundfahrt \u00fcber Santa Margalida, Aloe Vera, Can Picafort<\/td><td>44 km<\/td><\/tr><\/tbody><\/table><\/figure>\n\n\n<div class=\"wp-block-image\">\n<figure class=\"aligncenter\"><img decoding=\"async\" src=\"https:\/\/arnwiesen.net\/wpt\/wp-content\/uploads\/2014\/mallorca\/M0016.jpg\" alt=\"\"\/><\/figure>\n<\/div>\n\n\n<p>Am Tag unserer Ankunft fand gerade die diesj\u00e4hrige&nbsp;<a rel=\"noreferrer noopener\" href=\"http:\/\/de.mallorca312.com\/\" target=\"_blank\">Mallorca 312<\/a>&nbsp;statt, ein Radrennen rund um Mallorca mit 312 km L\u00e4nge.<br>Direkt vor unserem Hotel Iberostar in Playa de Muro war der Ziel-Einlauf.<\/p>\n\n\n<div class=\"wp-block-image\">\n<figure class=\"aligncenter size-full\"><img loading=\"lazy\" decoding=\"async\" width=\"800\" height=\"450\" src=\"https:\/\/arnwiesen.net\/wpt\/wp-content\/uploads\/2014\/mallorca\/M0082.jpg\" alt=\"\" class=\"wp-image-858\" srcset=\"https:\/\/arnwiesen.net\/wpt\/wp-content\/uploads\/2014\/mallorca\/M0082.jpg 800w, https:\/\/arnwiesen.net\/wpt\/wp-content\/uploads\/2014\/mallorca\/M0082-300x169.jpg 300w, https:\/\/arnwiesen.net\/wpt\/wp-content\/uploads\/2014\/mallorca\/M0082-768x432.jpg 768w\" sizes=\"auto, (max-width: 709px) 85vw, (max-width: 909px) 67vw, (max-width: 984px) 61vw, (max-width: 1362px) 45vw, 600px\" \/><\/figure>\n<\/div>\n\n\n<p>Mittagspause am 1. Tag in Petra. Der gesamte Marktplatz im Zentrum von Petra war mit Radfahrern belegt.<\/p>\n\n\n\n<figure class=\"wp-block-image\"><img decoding=\"async\" src=\"https:\/\/arnwiesen.net\/wpt\/wp-content\/uploads\/2014\/mallorca\/M0092.jpg\" alt=\"\"\/><\/figure>\n\n\n\n<p>Die Guides kennen gute Wege zwischen den Feldern abseits von den Stra\u00dfen. So kann man Mallorca&nbsp;ausf\u00fchrlich kennenlernen.<\/p>\n\n\n\n<figure class=\"wp-block-image\"><img decoding=\"async\" src=\"https:\/\/arnwiesen.net\/wpt\/wp-content\/uploads\/2014\/mallorca\/M0093.jpg\" alt=\"\"\/><\/figure>\n\n\n\n<p>Unsere 16-Mann-Gruppe pa\u00dfte leistungsm\u00e4\u00dfig sehr gut zusammen. Schade, da\u00df wir nur die ersten beiden Tage in dieser Gruppe mitgefahren sind.<\/p>\n\n\n\n<figure class=\"wp-block-image\"><img decoding=\"async\" src=\"https:\/\/arnwiesen.net\/wpt\/wp-content\/uploads\/2014\/mallorca\/M0102.jpg\" alt=\"\"\/><\/figure>\n\n\n\n<p>Bei der Ankunft nach&nbsp;jeder Tagestour hatten wir uns ein k\u00fchles Bier verdient.<\/p>\n\n\n\n<figure class=\"wp-block-image\"><img decoding=\"async\" src=\"https:\/\/arnwiesen.net\/wpt\/wp-content\/uploads\/2014\/mallorca\/M0182.jpg\" alt=\"\"\/><\/figure>\n\n\n\n<p>Am 2. Tag sind ging unsere 100 km Runde \u00fcber Inca und Sineu. Hier stehen wir auf einem H\u00fcgel bei Inca.<\/p>\n\n\n\n<figure class=\"wp-block-image\"><img decoding=\"async\" src=\"https:\/\/arnwiesen.net\/wpt\/wp-content\/uploads\/2014\/mallorca\/M0210.jpg\" alt=\"\"\/><\/figure>\n\n\n\n<p>Am 3. Tag fuhren Hardy und J\u00f6rg nach Port de Sa Calobra. Sie haben den steilen Aufstieg \u00fcber die vielen Serpentinen problemlos gemeistert.<br>Atze und Frank fuhren an diesem Tag \u00fcber&nbsp;Arta nach Porto Cristo zur Drachenh\u00f6hle. In Arta gibt es eine sch\u00f6ne Burg.<\/p>\n\n\n\n<figure class=\"wp-block-image\"><img decoding=\"async\" src=\"https:\/\/arnwiesen.net\/wpt\/wp-content\/uploads\/2014\/mallorca\/M0336.jpg\" alt=\"\"\/><\/figure>\n\n\n\n<p>Nach dem Besuch der Drachenh\u00f6hle haben wir noch ein paar Fotos am Hafen von Porto Cristo gemacht.<\/p>\n\n\n\n<figure class=\"wp-block-image\"><img decoding=\"async\" src=\"https:\/\/arnwiesen.net\/wpt\/wp-content\/uploads\/2014\/mallorca\/M0374.jpg\" alt=\"\"\/><\/figure>\n\n\n\n<p>Der 4. Tag war unser Ruhetag.<br>Babsi, Atze und Frank mieteten sich einen Skoda Citigo f\u00fcr 45,- \u20ac und fuhren \u00fcber Orient nach&nbsp;S\u00f3ller und anschlie\u00dfend zum Ballermann.<\/p>\n\n\n\n<figure class=\"wp-block-image\"><img decoding=\"async\" src=\"https:\/\/arnwiesen.net\/wpt\/wp-content\/uploads\/2014\/mallorca\/M0412.jpg\" alt=\"\"\/><\/figure>\n\n\n\n<p>Von S\u00f3ller f\u00e4hrt diese sch\u00f6ne historische Stra\u00dfenbahn durch enge Gassen zur Bucht von Port de S\u00f3ller.<\/p>\n\n\n\n<figure class=\"wp-block-image\"><img decoding=\"async\" src=\"https:\/\/arnwiesen.net\/wpt\/wp-content\/uploads\/2014\/mallorca\/M0493.jpg\" alt=\"\"\/><\/figure>\n\n\n\n<p>Ein Gruppenfoto im Hafen von Port de S\u00f3ller.<br>(Wir waren nur zu dritt. Wer hat dieses Foto&nbsp;wohl gemacht ?)<\/p>\n\n\n\n<figure class=\"wp-block-image\"><img decoding=\"async\" src=\"https:\/\/arnwiesen.net\/wpt\/wp-content\/uploads\/2014\/mallorca\/M0514.jpg\" alt=\"\"\/><\/figure>\n\n\n\n<p>&nbsp;R\u00fcckfahrt von Port de S\u00f3ller nach S\u00f3ller. Schlie\u00dflich wollen wir uns heute noch das Treiben am Ballermann ansehen.<\/p>\n\n\n\n<figure class=\"wp-block-image\"><img decoding=\"async\" src=\"https:\/\/arnwiesen.net\/wpt\/wp-content\/uploads\/2014\/mallorca\/M0660.jpg\" alt=\"\"\/><\/figure>\n\n\n\n<p>Der Sangria schmeckt gut. Aber&nbsp;den ganzen&nbsp;Urlaub m\u00f6chten wir nicht am Ballermann verbringen.&nbsp;<\/p>\n\n\n\n<figure class=\"wp-block-image\"><img decoding=\"async\" src=\"https:\/\/arnwiesen.net\/wpt\/wp-content\/uploads\/2014\/mallorca\/M0696.jpg\" alt=\"\"\/><\/figure>\n\n\n\n<p>&nbsp;Start in Port d&#8217;Andratx zur Mallorca K\u00fcstenklassik. Jetzt geht es ca. 130 km lang mit ca. 2500 H\u00f6henmetern durch das Tramuntana-Gebirge.<\/p>\n\n\n\n<figure class=\"wp-block-image\"><img decoding=\"async\" src=\"https:\/\/arnwiesen.net\/wpt\/wp-content\/uploads\/2014\/mallorca\/M0752.jpg\" alt=\"\"\/><\/figure>\n\n\n\n<p>&nbsp;Die Strecke bietet wundersch\u00f6ne Aussichten auf das Mittelmeer.<\/p>\n\n\n\n<figure class=\"wp-block-image\"><img decoding=\"async\" src=\"https:\/\/arnwiesen.net\/wpt\/wp-content\/uploads\/2014\/mallorca\/M0774.jpg\" alt=\"\"\/><\/figure>\n\n\n\n<p>&nbsp;Nun liegt der steile Anstieg \u00fcber 13 km zum Puig Major vor uns.<\/p>\n\n\n\n<figure class=\"wp-block-image\"><img decoding=\"async\" src=\"https:\/\/arnwiesen.net\/wpt\/wp-content\/uploads\/2014\/mallorca\/M0808.jpg\" alt=\"\"\/><\/figure>\n\n\n\n<p>Geschafft !<br>Am Tunnel des Puig Major ist erst einmal allgemeine Erholungspause. Ab nun geht es tendenziell nur noch bergab.<\/p>\n\n\n\n<figure class=\"wp-block-image\"><img decoding=\"async\" src=\"https:\/\/arnwiesen.net\/wpt\/wp-content\/uploads\/2014\/mallorca\/M0914.jpg\" alt=\"\"\/><\/figure>\n\n\n\n<p>&nbsp;In solchen Zelten sind unsere Rennr\u00e4der untergebracht.<\/p>\n\n\n\n<figure class=\"wp-block-image\"><img decoding=\"async\" src=\"https:\/\/arnwiesen.net\/wpt\/wp-content\/uploads\/2014\/mallorca\/M0970.jpg\" alt=\"\"\/><\/figure>\n\n\n\n<p>&nbsp;Am letzten Tag genie\u00dfen wir noch einmal die Erdbeertorte in einem Cafe in Can Picafort.<\/p>\n\n\n\n<figure class=\"wp-block-image\"><img decoding=\"async\" src=\"https:\/\/arnwiesen.net\/wpt\/wp-content\/uploads\/2014\/mallorca\/M0976.jpg\" alt=\"\"\/><\/figure>\n\n\n\n<p>Und weil die Torte in dem einen Cafe so gut schmeckte, m\u00fcssen wir noch testen, ob sie im Cafe nebenan&nbsp;genau so gut schmeckt.&nbsp;<\/p>\n\n\n\n<figure class=\"wp-block-image\"><img decoding=\"async\" src=\"https:\/\/arnwiesen.net\/wpt\/wp-content\/uploads\/2014\/mallorca\/M0992.jpg\" alt=\"\"\/><\/figure>\n\n\n\n<p>Hier sind noch 2 sch\u00f6ne Skulpturen aus Sand.<\/p>\n\n\n\n<p>Es war wieder ein wundersch\u00f6ner Urlaub in Mallorca. Mal sehen, wann wir wieder hin fahren.<\/p>\n\n\n\n<p>mehr Fotos&nbsp;unter<br><a href=\"http:\/\/franklehmann.dyndns.eu\/index.php?folder=\/2014\/04_Mallorca\/\" target=\"_blank\" rel=\"noreferrer noopener\">http:\/\/franklehmann.dyndns.eu\/index.php?folder=\/2014\/04_Mallorca\/<\/a>&nbsp;<\/p>\n","protected":false},"excerpt":{"rendered":"<p>Weil es uns 2012 so gut gefallen hat, waren wir vom 26. April &#8211; 03. Mai 2014 nochmals im&nbsp;Fahrrad-Trainingslager&nbsp;in&nbsp;Playa de Muro&nbsp;auf&nbsp;Mallorca.Wir waren wieder in gleicher Besetzung: Evi, J\u00f6rg, Babsi, Hardy, Atze und FrankDas gesamte Reisepaket war wieder organisiert \u00fcber<\/p>\n","protected":false},"author":6,"featured_media":0,"comment_status":"closed","ping_status":"open","sticky":false,"template":"","format":"standard","meta":{"footnotes":""},"categories":[19],"tags":[67,66,31],"class_list":["post-2536","post","type-post","status-publish","format-standard","hentry","category-berichte-2014","tag-kuestenklassik","tag-mallorca","tag-radtour"],"_links":{"self":[{"href":"https:\/\/arnwiesen.net\/wpt\/wp-json\/wp\/v2\/posts\/2536","targetHints":{"allow":["GET"]}}],"collection":[{"href":"https:\/\/arnwiesen.net\/wpt\/wp-json\/wp\/v2\/posts"}],"about":[{"href":"https:\/\/arnwiesen.net\/wpt\/wp-json\/wp\/v2\/types\/post"}],"author":[{"embeddable":true,"href":"https:\/\/arnwiesen.net\/wpt\/wp-json\/wp\/v2\/users\/6"}],"replies":[{"embeddable":true,"href":"https:\/\/arnwiesen.net\/wpt\/wp-json\/wp\/v2\/comments?post=2536"}],"version-history":[{"count":4,"href":"https:\/\/arnwiesen.net\/wpt\/wp-json\/wp\/v2\/posts\/2536\/revisions"}],"predecessor-version":[{"id":3745,"href":"https:\/\/arnwiesen.net\/wpt\/wp-json\/wp\/v2\/posts\/2536\/revisions\/3745"}],"wp:attachment":[{"href":"https:\/\/arnwiesen.net\/wpt\/wp-json\/wp\/v2\/media?parent=2536"}],"wp:term":[{"taxonomy":"category","embeddable":true,"href":"https:\/\/arnwiesen.net\/wpt\/wp-json\/wp\/v2\/categories?post=2536"},{"taxonomy":"post_tag","embeddable":true,"href":"https:\/\/arnwiesen.net\/wpt\/wp-json\/wp\/v2\/tags?post=2536"}],"curies":[{"name":"wp","href":"https:\/\/api.w.org\/{rel}","templated":true}]}}