{"id":2534,"date":"2014-01-15T14:01:00","date_gmt":"2014-01-15T13:01:00","guid":{"rendered":"https:\/\/arnwiesen.net\/wpt\/?p=2534"},"modified":"2022-07-24T19:30:28","modified_gmt":"2022-07-24T17:30:28","slug":"sandkruger-schleife","status":"publish","type":"post","link":"https:\/\/arnwiesen.net\/wpt\/2014\/sandkruger-schleife\/","title":{"rendered":"Sandkruger Schleife"},"content":{"rendered":"\n<p>Die erste Veranstaltung ist schon wieder Geschichte. Letzten Sonntag konnte ich als Auftaktveranstaltung an der Sandkruger Schleife teilnehmen.<\/p>\n\n\n\n<p>Auf der 13 km Strecke ging es teils \u00fcber Asphalt, teils durch etwas tiefgr\u00fcndigen Waldboden bei herrlicher Sonne durch das Bernef\u00fchrer Holz.<\/p>\n\n\n<div class=\"wp-block-image\">\n<figure class=\"aligncenter\"><img decoding=\"async\" src=\"https:\/\/arnwiesen.net\/wpt\/wp-content\/uploads\/2014\/sandkrug-2014.jpg\" alt=\"\"\/><\/figure>\n<\/div>\n\n\n<!--more-->\n\n\n\n<p>Zu stoppen war ich nur durch die NordWestbahn, die kurz vor Schluss eine kleine Pause verordnete. Mit Schlussspurt ging es dann, bei 900 im Ziel angekommenen L\u00e4ufern auf einen ordentlichen Mittelfeldplatz mit 1:08:44 &#8211; etwa 28 min nach dem Erstplazierten.<\/p>\n\n\n\n<p>Viele Gr\u00fc\u00dfe<\/p>\n\n\n\n<p>Carsten<\/p>\n\n\n\n<p><strong>Sandkruger Schleife &#8211; 13 km<\/strong><\/p>\n\n\n\n<figure class=\"wp-block-table\"><table><tbody><tr><td>Name<\/td><td>Platz<\/td><td>AK<\/td><td>Platz AK<\/td><td>Zeit<\/td><\/tr><tr><td>Ralf (h\u00fcpd\u00fcd\u00fc)<\/td><td>183<\/td><td>M50<\/td><td>37<\/td><td>00:59:56<\/td><\/tr><tr><td>Jens (dickmann)<\/td><td>353<\/td><td>M45<\/td><td>97<\/td><td>01:05:21<\/td><\/tr><tr><td>Lars<\/td><td>360<\/td><td>M50<\/td><td>81<\/td><td>01:05:41<\/td><\/tr><tr><td>Carsten<\/td><td>436<\/td><td>M50<\/td><td>91<\/td><td>01:08:44<\/td><\/tr><tr><td>Babara<\/td><td>197<\/td><td>W50<\/td><td>34<\/td><td>01:22:35<\/td><\/tr><\/tbody><\/table><\/figure>\n","protected":false},"excerpt":{"rendered":"<p>Die erste Veranstaltung ist schon wieder Geschichte. Letzten Sonntag konnte ich als Auftaktveranstaltung an der Sandkruger Schleife teilnehmen. Auf der 13 km Strecke ging es teils \u00fcber Asphalt, teils durch etwas tiefgr\u00fcndigen Waldboden bei herrlicher Sonne durch das Bernef\u00fchrer Holz.<\/p>\n","protected":false},"author":1,"featured_media":0,"comment_status":"closed","ping_status":"open","sticky":false,"template":"","format":"standard","meta":{"footnotes":""},"categories":[19],"tags":[125,159,350],"class_list":["post-2534","post","type-post","status-publish","format-standard","hentry","category-berichte-2014","tag-10km","tag-landschaftslauf","tag-sandkrug"],"_links":{"self":[{"href":"https:\/\/arnwiesen.net\/wpt\/wp-json\/wp\/v2\/posts\/2534","targetHints":{"allow":["GET"]}}],"collection":[{"href":"https:\/\/arnwiesen.net\/wpt\/wp-json\/wp\/v2\/posts"}],"about":[{"href":"https:\/\/arnwiesen.net\/wpt\/wp-json\/wp\/v2\/types\/post"}],"author":[{"embeddable":true,"href":"https:\/\/arnwiesen.net\/wpt\/wp-json\/wp\/v2\/users\/1"}],"replies":[{"embeddable":true,"href":"https:\/\/arnwiesen.net\/wpt\/wp-json\/wp\/v2\/comments?post=2534"}],"version-history":[{"count":2,"href":"https:\/\/arnwiesen.net\/wpt\/wp-json\/wp\/v2\/posts\/2534\/revisions"}],"predecessor-version":[{"id":2670,"href":"https:\/\/arnwiesen.net\/wpt\/wp-json\/wp\/v2\/posts\/2534\/revisions\/2670"}],"wp:attachment":[{"href":"https:\/\/arnwiesen.net\/wpt\/wp-json\/wp\/v2\/media?parent=2534"}],"wp:term":[{"taxonomy":"category","embeddable":true,"href":"https:\/\/arnwiesen.net\/wpt\/wp-json\/wp\/v2\/categories?post=2534"},{"taxonomy":"post_tag","embeddable":true,"href":"https:\/\/arnwiesen.net\/wpt\/wp-json\/wp\/v2\/tags?post=2534"}],"curies":[{"name":"wp","href":"https:\/\/api.w.org\/{rel}","templated":true}]}}