{"id":2524,"date":"2015-06-27T13:54:00","date_gmt":"2015-06-27T11:54:00","guid":{"rendered":"https:\/\/arnwiesen.net\/wpt\/?p=2524"},"modified":"2022-07-12T13:21:26","modified_gmt":"2022-07-12T11:21:26","slug":"rennsteig-staffellauf-rocking-the-woods","status":"publish","type":"post","link":"https:\/\/arnwiesen.net\/wpt\/2015\/rennsteig-staffellauf-rocking-the-woods\/","title":{"rendered":"Rennsteig-Staffellauf &#8230; rocking the woods"},"content":{"rendered":"\n<p>&#8230; immer zur Sommersonnenwende brennt nochmal die Luft auf dem Rennsteig !!&nbsp;&#8211; der legend\u00e4re Rennsteig-Staffellauf steht an und Heerscharen von L\u00e4ufern, Begleitern mit und ohne Rad sowie tausende Autos machen sich auf den Weg zur und entlang der Strecke von Blankenstein (M\u00fcndung der Selbitz in die Saale) nach H\u00f6rschel (an der Werra) \u00fcber 169 km !<\/p>\n\n\n<div class=\"wp-block-image\">\n<figure class=\"aligncenter\"><img decoding=\"async\" src=\"https:\/\/arnwiesen.net\/wpt\/wp-content\/uploads\/2015\/rstst.jpg\" alt=\"\"\/><\/figure>\n<\/div>\n\n\n<!--more-->\n\n\n\n<p><a href=\"http:\/\/www.rennsteig-staffellauf.de\/\">http:\/\/www.rennsteig-staffellauf.de\/<\/a><\/p>\n\n\n\n<p>Es starten ca. 230 Staffeln&nbsp;je 10 Mann (oder Frauen- oder Mix-Staffeln) ab fr\u00fch um 5 (Frauen, Mix) oder um 6 (M\u00e4nner) &#8230;<br>bitte mal selbst&nbsp;in die Fotos und Impressionen reinbl\u00e4ttern &#8211;&nbsp;<a href=\"http:\/\/www.rennsteig-staffellauf.de\/fotogalerien\/nggallery\/rennsteiglauf\/17-rennsteig-staffellauf\">siehe hier<\/a><\/p>\n\n\n\n<p>ich war erstmalig als L\u00e4ufer in der Jenaer Staffel namens &#8222;Kaltstart&#8220; eingetaktet und sollte den Abschnitt Nr. 6 laufen, welcher von Allzunah nach Oberhof (Grenzadler &#8211; Biathlon-Stadion) \u00fcber knapp 20 km f\u00fchrte:<\/p>\n\n\n<div class=\"wp-block-image\">\n<figure class=\"aligncenter\"><img decoding=\"async\" src=\"https:\/\/arnwiesen.net\/wpt\/wp-content\/uploads\/2015\/rstst_6.jpg\" alt=\"\"\/><\/figure>\n<\/div>\n\n\n<p>w\u00e4hrend unser erster L\u00e4ufer schon von Blankenstein aus unterwegs war, drehte ich mich im Bett in Jena nochmal um und stand dann gem\u00fctlich um 8 auf &#8211; und schaltete das smartphone auf Empfang ! &#8230; ab jetzt war der live-ticker im whatsapp&nbsp;unserer Laufgruppe&nbsp;die wichtigste Kommunikationszentrale f\u00fcr den Rest des Tages&nbsp;!&nbsp;&nbsp;<img decoding=\"async\" src=\"https:\/\/www.jaronline.de\/tckj\/media\/editors\/tinymce\/plugins\/emoticons\/img\/smiley-smile.gif\" alt=\"smile\"><\/p>\n\n\n\n<p>es gab einen ambitionierten Zeitplan unseres Laufguru Micha nachdem sich alle richten konnten&nbsp;bzw. mussten, um selbst\u00e4ndig (meist 2 Mann mit einem Auto) und rechtzeitig an den entsprechenden Wechselstellen zu sein !! &#8230; dazu gibt es folgende Vorgeschichte:<br>&#8211; der Start des L\u00e4ufers 7 am Grenzadler ist f\u00fcr alle Staffeln immer auf einen NOTSTART um 16:00 ausgelegt ! &#8211; damit alle Staffeln halbwegs um 22:00 bis 22:20<br>&nbsp;&nbsp;&nbsp;im Ziel in H\u00f6rschel ankommen !<br>&#8211;&nbsp;d.h wenn Nr. 6 erst 17:00 dort ankommt ist sein n\u00e4chster Mann z.B.&nbsp;schon eine Stunde&nbsp;unterwegs&nbsp;(und zwar mit einem neuen Laufchip) &#8230;<br>&nbsp; die beiden Zeiten werden sp\u00e4ter zusammen gerechnet &#8230;<br>&#8211; die &#8222;echte&#8220; Laufchip-\u00dcbergabe bis 16:00 hatten die Jungs dieser Jenaer&nbsp;Staffel in den letzten 3 Jahren nie geschafft !<\/p>\n\n\n<div class=\"wp-block-image\">\n<figure class=\"aligncenter size-large\"><img decoding=\"async\" src=\"https:\/\/arnwiesen.net\/wpt\/wp-content\/uploads\/2015\/DSC_0013_rstst.jpg\" alt=\"\"\/><\/figure>\n<\/div>\n\n\n<p>auf&nbsp;dem obigen Foto sieht man z.B. den dramatischen Fall, dass sich hier die L\u00e4uferin Nr. 4 \u00fcber 17 km abgehetzt hat und dann ihre Kollegin Nr. 5 nicht am Start (hier Masserberg) bereit steht !!! &#8230; der Begleiter muss hektisch herum telefonieren, was los ist &#8230;<br>dieser Vauxpas war auch unserer Staffel voriges 2x passiert (je 15 min Verz\u00f6gerung &#8211; zu sp\u00e4t mit Auto losgefahren oder sonstige Widrigkeiten) &#8230;<\/p>\n\n\n<div class=\"wp-block-image\">\n<figure class=\"aligncenter size-large\"><img decoding=\"async\" src=\"https:\/\/arnwiesen.net\/wpt\/wp-content\/uploads\/2015\/DSC_0016_rstst.jpg\" alt=\"\"\/><\/figure>\n<\/div>\n\n\n<p>ca. 11:50 hatte ich Micha als Nr. 5 zum seinem Start in Masserberg&nbsp;abgesetzt und wir warten gespannt auf Nr. 4 &#8211; zu diesem Zeitpunkt war der Zeitplan ziemlich genau eingehalten worden (Nr. 1 und 2 hatten 10 min heraus gelaufen , Nr. 3 und 4 wieder 10 min eingeb\u00fc\u00dft), der darauf hinaus lief, dass ich dann 15:59:45 am Grenzadler ankommen sollte &#8230;<\/p>\n\n\n\n<p>anschl. fuhr ich zu meinem Wechselpunkt in Allzunah, wo ich gem\u00e4\u00df Zeitplan ca. 14:12 allersp\u00e4testens loslaufen sollte &#8230; nach 25 min Stau konnte ich endlich das Auto abstellen, mich umziehen und vorbereiten &#8230;<br>beim Wechsel \u00fcbergab ich dann Micha innerhalb von 2 sec den Autoschl\u00fcssel, sagte kurz wo dies steht, und \u00fcbernahm den Laufchip &#8230;&nbsp;<img decoding=\"async\" src=\"https:\/\/www.jaronline.de\/tckj\/media\/editors\/tinymce\/plugins\/emoticons\/img\/smiley-cool.gif\" alt=\"cool\">&nbsp;&#8230; er hatte zum Zeitplan wieder 2 min heraus gelaufen &#8230;<\/p>\n\n\n<div class=\"wp-block-image\">\n<figure class=\"aligncenter size-large\"><img decoding=\"async\" src=\"https:\/\/arnwiesen.net\/wpt\/wp-content\/uploads\/2015\/DSC_0020_rstst.jpg\" alt=\"\"\/><\/figure>\n<\/div>\n\n\n<p>auf der der nun folgenden 20km-Strecke war ich ziemlich allein unterwegs &#8211; ich \u00fcberholte 3 L\u00e4uferInnen und mich \u00fcberholten h\u00f6chstens 4 &#8230; es war da oben im Wald \u00fcbrigens sehr k\u00fchles Aprilwetter um die 7-9\u00b0 ! &#8211; aber der gro\u00dfe Regen erwischte mich zum Gl\u00fcck nicht !<\/p>\n\n\n\n<p>das Laufen ist aber mental sehr anstrengend, da man eine gro\u00dfe Verantwortung tr\u00e4gt und bei uns der Ehrgeiz dazu kam diese 16:00-Zeit zu schaffen ! &#8230; und siehe da &#8211; es gelang !!<\/p>\n\n\n<div class=\"wp-block-image\">\n<figure class=\"aligncenter\"><img decoding=\"async\" src=\"https:\/\/arnwiesen.net\/wpt\/wp-content\/uploads\/2015\/DSC_0027x_20150620-WA0010_rstst.jpg\" alt=\"\"\/><\/figure>\n<\/div>\n\n\n<p>um 15:57 lief ich allein unter gro\u00dfem Geschrei und Hallo des Wechselstellen-Sprechers und meiner Mitl\u00e4ufer zur \u00dcbergabe an Nr. 7 am Grenzadler durchs Ziel !&nbsp;&nbsp;<img decoding=\"async\" src=\"https:\/\/www.jaronline.de\/tckj\/media\/editors\/tinymce\/plugins\/emoticons\/img\/smiley-laughing.gif\" alt=\"laughing\"><\/p>\n\n\n\n<p>nach mir schaffte es gerade noch so eine weitere Staffel zur &#8222;echten \u00dcbergabe&#8220;,&nbsp;bevor ca. 35 Staffeln als Notstarter losliefen &#8230;<\/p>\n\n\n<div class=\"wp-block-image\">\n<figure class=\"aligncenter size-large\"><img decoding=\"async\" src=\"https:\/\/arnwiesen.net\/wpt\/wp-content\/uploads\/2015\/DSC_0031_rstst.jpg\" alt=\"\"\/><\/figure>\n<\/div>\n\n\n<p>nachdem wir uns erholt hatten fuhren wir zu einer weiteren \u00dcbergabe&nbsp;an den Inselsberg (Nr. 8 -&gt; Nr. 9) und anschl. weiter zum Ziel nach H\u00f6rschel &#8230;<\/p>\n\n\n<div class=\"wp-block-image\">\n<figure class=\"aligncenter size-large\"><img decoding=\"async\" src=\"https:\/\/arnwiesen.net\/wpt\/wp-content\/uploads\/2015\/DSC_0059x_rstst.jpg\" alt=\"\"\/><\/figure>\n<\/div>\n\n\n<p>dort ist man normalerweise in kleinen Gr\u00fcppchen zur Rennsteigwanderung unterwegs &#8211; aber heute waren dort mindestens 1000 Leute in dem kleinen Areal unterwegs &#8230; die letzten L\u00e4ufer wurden oft von vielen (oder sogar allen 9) Mitl\u00e4ufern des Teams die letzten 100 m bis ins Ziel mit Fahnen und sonstigem Hallo begleitet &#8230; sch\u00f6ne Stimmung !<\/p>\n\n\n<div class=\"wp-block-image\">\n<figure class=\"aligncenter size-large\"><img decoding=\"async\" src=\"https:\/\/arnwiesen.net\/wpt\/wp-content\/uploads\/2015\/DSC_0067_rstst.jpg\" alt=\"\"\/><\/figure>\n<\/div>\n\n\n<p>endlich kann man sich entspannt am Ziel an der Werra einfinden &#8211; es wird der Stein r\u00fcckw\u00e4rts \u00fcber den Kopf in den Fluss geworfen, den viele Staffeln auch noch vom Start an der Selbitz mitnehmen &#8230; ob es das erhoffte Gl\u00fcck bringt &#8230;&nbsp;?!?&nbsp;&nbsp;&nbsp;<img decoding=\"async\" src=\"https:\/\/www.jaronline.de\/tckj\/media\/editors\/tinymce\/plugins\/emoticons\/img\/smiley-smile.gif\" alt=\"smile\">&nbsp;&nbsp; &#8230; einige springen sogar aus \u00dcbermut in die kalte Werra &#8230;<\/p>\n\n\n<div class=\"wp-block-image\">\n<figure class=\"aligncenter size-large\"><img decoding=\"async\" src=\"https:\/\/arnwiesen.net\/wpt\/wp-content\/uploads\/2015\/DSC_0074x_rstst.jpg\" alt=\"\"\/><\/figure>\n<\/div>\n\n\n<p>die Profi-Staffeln (mit einigen Wintersport-Assen) brauchten&nbsp;\u00fcbrigens&nbsp;10,5 Stunden f\u00fcr die ganzen 169 km !!! &#8230; unser letzter Teaml\u00e4ufer kam 21:52 &#8211; d.h. nach ca. 16 Stunden ins Ziel &#8230;<\/p>\n\n\n<div class=\"wp-block-image\">\n<figure class=\"aligncenter size-large\"><img decoding=\"async\" src=\"https:\/\/arnwiesen.net\/wpt\/wp-content\/uploads\/2015\/DSC_0081_rstst.jpg\" alt=\"\"\/><\/figure>\n<\/div>\n\n\n<p>wir waren dann noch 4 zufriedene L\u00e4ufer aus der Staffel dort anwesend und konnten die wohlverdienten Medaillen in Empfang nehmen &#8230;&nbsp;<img decoding=\"async\" src=\"https:\/\/www.jaronline.de\/tckj\/media\/editors\/tinymce\/plugins\/emoticons\/img\/smiley-laughing.gif\" alt=\"laughing\"><\/p>\n\n\n\n<p>\u00fcbrigens: ich traf unterwegs nur 6 der 9 Mitl\u00e4ufer an den diversen Wechseln und Micha als 4-maliger Teilnehmer hat einen der anderen (diesmal Nr. 2) noch NIE beim Lauf oder in Jena getroffen !!! &#8211; verr\u00fcckte Staffel &#8211; muss man mal mitgemacht haben &nbsp;!&nbsp;<img decoding=\"async\" src=\"https:\/\/www.jaronline.de\/tckj\/media\/editors\/tinymce\/plugins\/emoticons\/img\/smiley-wink.gif\" alt=\"wink\"><\/p>\n\n\n\n<p>viele Gr\u00fc\u00dfe aus Th\u00fcringen !<br>Atze<\/p>\n","protected":false},"excerpt":{"rendered":"<p>&#8230; immer zur Sommersonnenwende brennt nochmal die Luft auf dem Rennsteig !!&nbsp;&#8211; der legend\u00e4re Rennsteig-Staffellauf steht an und Heerscharen von L\u00e4ufern, Begleitern mit und ohne Rad sowie tausende Autos machen sich auf den Weg zur und entlang der Strecke von Blankenstein (M\u00fcndung der Selbitz in die Saale) nach H\u00f6rschel (an der Werra) \u00fcber 169 km &hellip; <a href=\"https:\/\/arnwiesen.net\/wpt\/2015\/rennsteig-staffellauf-rocking-the-woods\/\" class=\"more-link\"><span class=\"screen-reader-text\">\u201eRennsteig-Staffellauf &#8230; rocking the woods\u201c<\/span> weiterlesen<\/a><\/p>\n","protected":false},"author":4,"featured_media":0,"comment_status":"closed","ping_status":"open","sticky":false,"template":"","format":"standard","meta":{"footnotes":""},"categories":[20],"tags":[117,42,124],"class_list":["post-2524","post","type-post","status-publish","format-standard","hentry","category-berichte-2015","tag-marathon","tag-rennsteig","tag-staffelmarathon"],"_links":{"self":[{"href":"https:\/\/arnwiesen.net\/wpt\/wp-json\/wp\/v2\/posts\/2524","targetHints":{"allow":["GET"]}}],"collection":[{"href":"https:\/\/arnwiesen.net\/wpt\/wp-json\/wp\/v2\/posts"}],"about":[{"href":"https:\/\/arnwiesen.net\/wpt\/wp-json\/wp\/v2\/types\/post"}],"author":[{"embeddable":true,"href":"https:\/\/arnwiesen.net\/wpt\/wp-json\/wp\/v2\/users\/4"}],"replies":[{"embeddable":true,"href":"https:\/\/arnwiesen.net\/wpt\/wp-json\/wp\/v2\/comments?post=2524"}],"version-history":[{"count":2,"href":"https:\/\/arnwiesen.net\/wpt\/wp-json\/wp\/v2\/posts\/2524\/revisions"}],"predecessor-version":[{"id":2625,"href":"https:\/\/arnwiesen.net\/wpt\/wp-json\/wp\/v2\/posts\/2524\/revisions\/2625"}],"wp:attachment":[{"href":"https:\/\/arnwiesen.net\/wpt\/wp-json\/wp\/v2\/media?parent=2524"}],"wp:term":[{"taxonomy":"category","embeddable":true,"href":"https:\/\/arnwiesen.net\/wpt\/wp-json\/wp\/v2\/categories?post=2524"},{"taxonomy":"post_tag","embeddable":true,"href":"https:\/\/arnwiesen.net\/wpt\/wp-json\/wp\/v2\/tags?post=2524"}],"curies":[{"name":"wp","href":"https:\/\/api.w.org\/{rel}","templated":true}]}}