{"id":2516,"date":"2015-03-27T13:50:00","date_gmt":"2015-03-27T12:50:00","guid":{"rendered":"https:\/\/arnwiesen.net\/wpt\/?p=2516"},"modified":"2022-07-07T22:43:06","modified_gmt":"2022-07-07T20:43:06","slug":"meia-marathona-lisboa","status":"publish","type":"post","link":"https:\/\/arnwiesen.net\/wpt\/2015\/meia-marathona-lisboa\/","title":{"rendered":"Meia Marathona Lisboa"},"content":{"rendered":"\n<p>Halbmarathon Lissabon &#8211; einmal zu Fu\u00df \u00fcber die &#8222;Ponte 25 de Abril&#8220;. Fast 3 km lang ist sie weltweit die zweitl\u00e4ngste H\u00e4ngebr\u00fccke mit kombiniertem Stra\u00dfen- und Eisenbahnverkehr. Das hat einmal j\u00e4hrlich in Lissabon Volksfestcharakter mit mehr als 40.000 Teilnehmern. Der gr\u00f6\u00dfte Teil beim sogenannten Minimarathon (7km zu Fu\u00df). Mit bekannten Gesichtern vom Nordseelauf flogen wir Donnerstag nach Lissabon.<\/p>\n\n\n<div class=\"wp-block-image\">\n<figure class=\"aligncenter\"><img decoding=\"async\" src=\"https:\/\/arnwiesen.net\/wpt\/wp-content\/uploads\/2015\/052-kl.jpg\" alt=\"\"\/><figcaption>Ponte 25 de Abril<\/figcaption><\/figure>\n<\/div>\n\n\n<!--more-->\n\n\n\n<p>Das Abholen der Startunterlagen auf dem SportExpo-Gel\u00e4nde nutzten wir zum Einlaufen &#8211; 6 km hin und wieder zur\u00fcck durch die h\u00fcgelige Metropole. Am Samstag vor der Halbmarathon fand der 7km-Vitalis Freundschaftslauf statt. Auch ein Grund zum Warmlaufen.<\/p>\n\n\n\n<p>Sonntagmorgen dann die gro\u00dfe V\u00f6lkerwanderung zum Start auf die andere Uferseite. Bei herrlichen Laufbedingungen &#8211; eher zu warm &#8211; ging es p\u00fcnktlich \u00fcber die sonst f\u00fcr Fu\u00dfg\u00e4nger gesperrte Br\u00fccke.<\/p>\n\n\n\n<p>Und das war es nach 3 km auch. Ab hier ging es \u00fcber die Stadtautobahn, fernab von jubelnden Massen 4 km erst in die eine Richtung und nach der 1. Wende 10 km in die andere Richtung. Nach der 2. Wende wieder zur\u00fcck und zum Ziel. 18 km auf der \u00dcberholspur &#8211; f\u00fcr den Sieger hie\u00df das neuer Europarekord und f\u00fcr uns ein eher langweiliges Vergn\u00fcgen. Einige Musikgruppen am Rand sorgten f\u00fcr Motivation.<\/p>\n\n\n\n<p>Die offiziellen Platzierungen basieren auf der Brutto-Zeit und verf\u00e4lschen das Ergebnis. Rosi war von unserer Gruppe mit 2:17 die Schnellste. Pier ist der Schnellste mit 1:52. F\u00fcr Marleen war es der erste Halbmarathon &#8211; mit 2:34 hat sie noch Luft nach oben. Es werden schon neue Ziele gesucht. Mein Lauf geh\u00f6rt in die Gruppe Sightseeing. Hier macht sich ein krankheitsbedingter Trainingsr\u00fcckstand bemerkbar.<\/p>\n\n\n\n<p>Der Halbmarathon \u00fcber die &#8222;Ponte Vasco da Gama&#8220; findet im Oktober statt (Rock\u2019n\u2019Roll Meia Maratona de Lisboa). Leider wird nur ein Teilst\u00fcck der 17 km langen Br\u00fccke in die Laufstrecke \u00fcbernommen.<\/p>\n\n\n<div class=\"wp-block-image\">\n<figure class=\"aligncenter size-full\"><img loading=\"lazy\" decoding=\"async\" width=\"640\" height=\"480\" src=\"https:\/\/arnwiesen.net\/wpt\/wp-content\/uploads\/2015\/P1150913-kl.jpg\" alt=\"\" class=\"wp-image-787\" srcset=\"https:\/\/arnwiesen.net\/wpt\/wp-content\/uploads\/2015\/P1150913-kl.jpg 640w, https:\/\/arnwiesen.net\/wpt\/wp-content\/uploads\/2015\/P1150913-kl-300x225.jpg 300w\" sizes=\"auto, (max-width: 709px) 85vw, (max-width: 909px) 67vw, (max-width: 984px) 61vw, (max-width: 1362px) 45vw, 600px\" \/><\/figure>\n<\/div>\n\n\n<p>Mehr als 40.000 Teilnehmer &#8211; der \u00fcberwiegende Teil Fu\u00dfg\u00e4nger beim sogenannten Minimarathon<\/p>\n\n\n\n<figure class=\"wp-block-image size-full\"><img loading=\"lazy\" decoding=\"async\" width=\"640\" height=\"480\" src=\"https:\/\/arnwiesen.net\/wpt\/wp-content\/uploads\/2015\/P1150917-kl.jpg\" alt=\"\" class=\"wp-image-788\" srcset=\"https:\/\/arnwiesen.net\/wpt\/wp-content\/uploads\/2015\/P1150917-kl.jpg 640w, https:\/\/arnwiesen.net\/wpt\/wp-content\/uploads\/2015\/P1150917-kl-300x225.jpg 300w\" sizes=\"auto, (max-width: 709px) 85vw, (max-width: 909px) 67vw, (max-width: 984px) 61vw, (max-width: 1362px) 45vw, 600px\" \/><\/figure>\n\n\n\n<p>1 km nach dem Start &#8211; Pier und Rosi haben sich schon abgesetzt<\/p>\n\n\n<div class=\"wp-block-image\">\n<figure class=\"aligncenter size-full\"><img loading=\"lazy\" decoding=\"async\" width=\"640\" height=\"480\" src=\"https:\/\/arnwiesen.net\/wpt\/wp-content\/uploads\/2015\/P1150929-kl.jpg\" alt=\"\" class=\"wp-image-789\" srcset=\"https:\/\/arnwiesen.net\/wpt\/wp-content\/uploads\/2015\/P1150929-kl.jpg 640w, https:\/\/arnwiesen.net\/wpt\/wp-content\/uploads\/2015\/P1150929-kl-300x225.jpg 300w\" sizes=\"auto, (max-width: 709px) 85vw, (max-width: 909px) 67vw, (max-width: 984px) 61vw, (max-width: 1362px) 45vw, 600px\" \/><figcaption>Marleen nach der ersten Wende bei km 8<\/figcaption><\/figure>\n<\/div>\n\n\n<p><\/p>\n\n\n<div class=\"wp-block-image\">\n<figure class=\"aligncenter size-full\"><img loading=\"lazy\" decoding=\"async\" width=\"640\" height=\"480\" src=\"https:\/\/arnwiesen.net\/wpt\/wp-content\/uploads\/2015\/P1150934-kl.jpg\" alt=\"\" class=\"wp-image-790\" srcset=\"https:\/\/arnwiesen.net\/wpt\/wp-content\/uploads\/2015\/P1150934-kl.jpg 640w, https:\/\/arnwiesen.net\/wpt\/wp-content\/uploads\/2015\/P1150934-kl-300x225.jpg 300w\" sizes=\"auto, (max-width: 709px) 85vw, (max-width: 909px) 67vw, (max-width: 984px) 61vw, (max-width: 1362px) 45vw, 600px\" \/><figcaption>Marleen nach der zweiten Wende bei km 18 &#8211; ich habe noch 5 km vor mir.<\/figcaption><\/figure>\n<\/div>\n\n\n<p><\/p>\n\n\n\n<figure class=\"wp-block-table\"><table><tbody><tr><td><strong>&nbsp;Meia Marathona Lisboa 2015<\/strong><\/td><td>&nbsp;<\/td><td>&nbsp;<\/td><td>&nbsp;<\/td><td>&nbsp;<\/td><td>&nbsp;<\/td><td>&nbsp;<\/td><\/tr><tr><td>&nbsp;Starter<\/td><td>AK<\/td><td>Platz<br>10541<\/td><td>&nbsp;Platz AK<\/td><td>Platz M\/F<br>8264\/2277<\/td><td>Platz GER<br>462<\/td><td>Netto-Zeit<\/td><\/tr><tr><td>&nbsp;Pier (km-Spiel)<\/td><td>Sen-M<\/td><td>4011.<\/td><td>1112.\/2471.<\/td><td>3675.<\/td><td>135.<\/td><td>01:52:17<\/td><\/tr><tr><td>&nbsp;Lars (Nordselauf)<\/td><td>M50<\/td><td>6894.<\/td><td>537.\/758.<\/td><td>5934.<\/td><td>261.<\/td><td>02:04:55<\/td><\/tr><tr><td>&nbsp;Maren<\/td><td>F40<\/td><td>8354.<\/td><td>249.\/400.<\/td><td>1397.<\/td><td>338.<\/td><td>02:18:45<\/td><\/tr><tr><td>&nbsp;Kristin (Nordseelauf)<\/td><td>F35<\/td><td>8352.<\/td><td>278.\/430.<\/td><td>1396.<\/td><td>337.<\/td><td>02:18:47<\/td><\/tr><tr><td>&nbsp;Rosi<\/td><td>F55<\/td><td>8523.<\/td><td>51.\/100.<\/td><td>1459.<\/td><td>357.<\/td><td>02:17:53<\/td><\/tr><tr><td>&nbsp;Barbara (Nordseelauf)<\/td><td>F50<\/td><td>9299.<\/td><td>104.\/144.<\/td><td>1731.<\/td><td>393.<\/td><td>02:26:57<\/td><\/tr><tr><td>&nbsp;Marleen<\/td><td>Sen-F<\/td><td>9891.<\/td><td>792.\/903.<\/td><td>1987.<\/td><td>434.<\/td><td>02:34:02<\/td><\/tr><tr><td>&nbsp;Susanne (Nordseelauf)<\/td><td>F50<\/td><td>10145.<\/td><td>133.\/144.<\/td><td>2092.<\/td><td>445.<\/td><td>02:42:33<\/td><\/tr><tr><td>&nbsp;Ulli<\/td><td>M55<\/td><td>10366.<\/td><td>410.\/415.<\/td><td>8176.<\/td><td>456.<\/td><td>02:49:29<\/td><\/tr><\/tbody><\/table><\/figure>\n\n\n\n<p>&nbsp;<img decoding=\"async\" src=\"https:\/\/arnwiesen.net\/wpt\/wp-content\/uploads\/2015\/P1150811-kl.jpg\" alt=\"\"><br>7k-Vorlauf Ulli, Rosi, Maren, Pier und Marleen<\/p>\n\n\n\n<figure class=\"wp-block-table\"><table><tbody><tr><td><strong>&nbsp;Vitalis 7k Jamor-Lisboa 2015<\/strong><\/td><td>&nbsp;<\/td><td>&nbsp;<\/td><td>&nbsp;<\/td><td>&nbsp;<\/td><td>&nbsp;<\/td><td>&nbsp;<\/td><\/tr><tr><td>&nbsp;Starter<\/td><td>AK<\/td><td>Platz<\/td><td>Platz AK<\/td><td>Platz M\/F<\/td><td>Platz GER<\/td><td>Netto-Zeit<\/td><\/tr><tr><td>&nbsp;Maren<\/td><td>F40<\/td><td>360.<\/td><td>17.<\/td><td>85.<\/td><td>3.<\/td><td>00:43:27<\/td><\/tr><tr><td>&nbsp;Rosi<\/td><td>F55<\/td><td>361.<\/td><td>2.<\/td><td>86.<\/td><td>4.<\/td><td>00:43:27<\/td><\/tr><tr><td>&nbsp;Ulli<\/td><td>M55<\/td><td>467.<\/td><td>21.<\/td><td>325.<\/td><td>8.<\/td><td>00:48:33<\/td><\/tr><tr><td>&nbsp;Marleen<\/td><td>Sen-F<\/td><td>521.<\/td><td>72.<\/td><td>174.<\/td><td>11.<\/td><td>00:50:58<\/td><\/tr><tr><td>&nbsp;Pier (km-Spiel)<\/td><td>Sen-M<\/td><td>520.<\/td><td>137.<\/td><td>347.<\/td><td>10.<\/td><td>00:50:58<\/td><\/tr><\/tbody><\/table><\/figure>\n","protected":false},"excerpt":{"rendered":"<p>Halbmarathon Lissabon &#8211; einmal zu Fu\u00df \u00fcber die &#8222;Ponte 25 de Abril&#8220;. Fast 3 km lang ist sie weltweit die zweitl\u00e4ngste H\u00e4ngebr\u00fccke mit kombiniertem Stra\u00dfen- und Eisenbahnverkehr. Das hat einmal j\u00e4hrlich in Lissabon Volksfestcharakter mit mehr als 40.000 Teilnehmern. Der gr\u00f6\u00dfte Teil beim sogenannten Minimarathon (7km zu Fu\u00df). Mit bekannten Gesichtern vom Nordseelauf flogen wir &hellip; <a href=\"https:\/\/arnwiesen.net\/wpt\/2015\/meia-marathona-lisboa\/\" class=\"more-link\"><span class=\"screen-reader-text\">\u201eMeia Marathona Lisboa\u201c<\/span> weiterlesen<\/a><\/p>\n","protected":false},"author":1,"featured_media":0,"comment_status":"closed","ping_status":"open","sticky":false,"template":"","format":"standard","meta":{"footnotes":""},"categories":[20],"tags":[123,166],"class_list":["post-2516","post","type-post","status-publish","format-standard","hentry","category-berichte-2015","tag-halbmarathon","tag-lissabon"],"_links":{"self":[{"href":"https:\/\/arnwiesen.net\/wpt\/wp-json\/wp\/v2\/posts\/2516","targetHints":{"allow":["GET"]}}],"collection":[{"href":"https:\/\/arnwiesen.net\/wpt\/wp-json\/wp\/v2\/posts"}],"about":[{"href":"https:\/\/arnwiesen.net\/wpt\/wp-json\/wp\/v2\/types\/post"}],"author":[{"embeddable":true,"href":"https:\/\/arnwiesen.net\/wpt\/wp-json\/wp\/v2\/users\/1"}],"replies":[{"embeddable":true,"href":"https:\/\/arnwiesen.net\/wpt\/wp-json\/wp\/v2\/comments?post=2516"}],"version-history":[{"count":2,"href":"https:\/\/arnwiesen.net\/wpt\/wp-json\/wp\/v2\/posts\/2516\/revisions"}],"predecessor-version":[{"id":2631,"href":"https:\/\/arnwiesen.net\/wpt\/wp-json\/wp\/v2\/posts\/2516\/revisions\/2631"}],"wp:attachment":[{"href":"https:\/\/arnwiesen.net\/wpt\/wp-json\/wp\/v2\/media?parent=2516"}],"wp:term":[{"taxonomy":"category","embeddable":true,"href":"https:\/\/arnwiesen.net\/wpt\/wp-json\/wp\/v2\/categories?post=2516"},{"taxonomy":"post_tag","embeddable":true,"href":"https:\/\/arnwiesen.net\/wpt\/wp-json\/wp\/v2\/tags?post=2516"}],"curies":[{"name":"wp","href":"https:\/\/api.w.org\/{rel}","templated":true}]}}