{"id":2509,"date":"2016-09-24T13:46:00","date_gmt":"2016-09-24T11:46:00","guid":{"rendered":"https:\/\/arnwiesen.net\/wpt\/?p=2509"},"modified":"2022-07-12T11:35:08","modified_gmt":"2022-07-12T09:35:08","slug":"radtour-in-okzitanien-2016","status":"publish","type":"post","link":"https:\/\/arnwiesen.net\/wpt\/2016\/radtour-in-okzitanien-2016\/","title":{"rendered":"Radtour in Okzitanien 2016"},"content":{"rendered":"\n<p><strong>Radtour im Land der Katharer<\/strong><\/p>\n\n\n\n<p>Vom 24.09. &#8211; 02.10.2016 waren Ludger, Werner, Uli und Frank mit dem Fahrrad in S\u00fcdfrankreich unterwegs.<br>Dort haben wir das Land der Katharer erkundet.<br>Die Idee zu dieser wundersch\u00f6nen Tour kam urspr\u00fcnglich von Ludwig. Leider war er dann gar nicht mit dabei.<br>@Ludwig: Du hast etwas verpa\u00dft !<br>Wir sind durch unendliche Weinfelder gefahren, haben sehr viele alte Burgen auf den Bergen gesehen, u.a. die&nbsp;<strong>Burg Montsegur<\/strong>&nbsp;und die&nbsp;<strong>Festung Carcassonne<\/strong>,&nbsp;und wir haben ausgiebig die gute franz\u00f6sische K\u00fcche genossen.<br>Narbonne war Start und Ziel unserer Rundfahrt. Es waren insgesamt&nbsp;knapp 500 km in 6 Tagen.<br>Am Heimfahrtstag haben wir noch einen Abstecher nach Rennes-le-Chateau (Wirkungsst\u00e4tte von Berenger Sauniere) gemacht.<\/p>\n\n\n<div class=\"wp-block-image\">\n<figure class=\"aligncenter\"><a href=\"https:\/\/drive.google.com\/open?id=11pV1Lq5ozetQzo_BJKXHuQ4zQ-g&amp;usp=sharing\" target=\"_blank\" rel=\"noreferrer noopener\"><img decoding=\"async\" src=\"https:\/\/arnwiesen.net\/wpt\/wp-content\/uploads\/2016\/radtour_katharer\/Radtour_Okzitanien.jpg\" alt=\"\"\/><\/a><\/figure>\n<\/div>\n\n\n<!--more-->\n\n\n\n<p>Wer die GPS-Daten genauer betrachten will und sich in die Karte hineinzoomen m\u00f6chte, kann folgenden Link benutzen:<br><a href=\"https:\/\/drive.google.com\/open?id=11pV1Lq5ozetQzo_BJKXHuQ4zQ-g&amp;usp=sharing\" target=\"_blank\" rel=\"noreferrer noopener\">https:\/\/drive.google.com\/open?id=11pV1Lq5ozetQzo_BJKXHuQ4zQ-g&amp;usp=sharing<\/a>&nbsp;<\/p>\n\n\n\n<p>(Leider akzeptiert das Joomla keine iFrames, sonst h\u00e4tte ich die interaktive Google-Karte gleich direkt hier&nbsp;eingebunden.<br>&nbsp;Auf die Schnelle habe ich leider keinen geeigneten Workaround f\u00fcr iFrames in Joomla gefunden.)<\/p>\n\n\n<div class=\"wp-block-image\">\n<figure class=\"aligncenter\"><img decoding=\"async\" src=\"https:\/\/arnwiesen.net\/wpt\/wp-content\/uploads\/2016\/radtour_katharer\/TCKJ_RF0440.jpg\" alt=\"\"\/><\/figure>\n<\/div>\n\n\n<p><strong>1. Tag:<\/strong><br>An den vielen Weinfeldern konnten wir nicht widerstehen und mu\u00dften immer mal naschen.<\/p>\n\n\n<div class=\"wp-block-image\">\n<figure class=\"aligncenter\"><img decoding=\"async\" src=\"https:\/\/arnwiesen.net\/wpt\/wp-content\/uploads\/2016\/radtour_katharer\/TCKJ_RF0525.jpg\" alt=\"\"\/><\/figure>\n<\/div>\n\n\n<p><strong>1. Tag:<\/strong><br>Hier sieht man schon eine der unz\u00e4hligen Burgen auf den Berggipfeln. Ich glaube, dies ist das Chateau de Durfort.<\/p>\n\n\n<div class=\"wp-block-image\">\n<figure class=\"aligncenter\"><img decoding=\"async\" src=\"https:\/\/arnwiesen.net\/wpt\/wp-content\/uploads\/2016\/radtour_katharer\/TCKJ_RF0645.jpg\" alt=\"\"\/><\/figure>\n<\/div>\n\n\n<p><strong>1. Tag:<\/strong><br><strong>Termes<\/strong>&nbsp;ist ein kleines idyllisches Bergdorf. Hier haben wir uns Zeit f\u00fcr einen ausf\u00fchrlichen Rundgang genommen.<br>siehe&nbsp;<a href=\"https:\/\/de.wikipedia.org\/wiki\/Termes_(Aude)\" target=\"_blank\" rel=\"noreferrer noopener\">https:\/\/de.wikipedia.org\/wiki\/Termes_(Aude)<\/a><\/p>\n\n\n<div class=\"wp-block-image\">\n<figure class=\"aligncenter\"><img decoding=\"async\" src=\"https:\/\/arnwiesen.net\/wpt\/wp-content\/uploads\/2016\/radtour_katharer\/TCKJ_RF0795.jpg\" alt=\"\"\/><\/figure>\n<\/div>\n\n\n<p><strong>&nbsp;2. Tag:<\/strong><br>Wir hatten immer sch\u00f6nes Wetter und teilweise war es sehr warm. An diesem Brunnen mu\u00dften wir uns in der Mittagshitze erst mal erfrischen.<\/p>\n\n\n<div class=\"wp-block-image\">\n<figure class=\"aligncenter\"><img decoding=\"async\" src=\"https:\/\/arnwiesen.net\/wpt\/wp-content\/uploads\/2016\/radtour_katharer\/TCKJ_RF1120.jpg\" alt=\"\"\/><\/figure>\n<\/div>\n\n\n<p><strong>2. Tag:<\/strong><br>Der&nbsp;<strong>Gorges de Galamus<\/strong>&nbsp;ist sehr beeindruckend und bietet jede Menge Fotomotive.<br>siehe&nbsp;<a href=\"https:\/\/de.wikipedia.org\/wiki\/Gorges_de_Galamus\" target=\"_blank\" rel=\"noreferrer noopener\">https:\/\/de.wikipedia.org\/wiki\/Gorges_de_Galamus<\/a><\/p>\n\n\n<div class=\"wp-block-image\">\n<figure class=\"aligncenter\"><img decoding=\"async\" src=\"https:\/\/arnwiesen.net\/wpt\/wp-content\/uploads\/2016\/radtour_katharer\/TCKJ_RF1210.jpg\" alt=\"\"\/><\/figure>\n<\/div>\n\n\n<p><strong>2. Tag:<\/strong><br>Gruppenfoto am Ausgang des&nbsp;<strong>Gorges de Galamus<\/strong>.<\/p>\n\n\n<div class=\"wp-block-image\">\n<figure class=\"aligncenter\"><img decoding=\"async\" src=\"https:\/\/arnwiesen.net\/wpt\/wp-content\/uploads\/2016\/radtour_katharer\/TCKJ_RF1230.jpg\" alt=\"\"\/><\/figure>\n<\/div>\n\n\n<p><strong>2. Tag:<\/strong><br>Am Ende des 2. Tages hatten wir diesen Blick auf Saint-Paul-de-Fenouillet.<\/p>\n\n\n<div class=\"wp-block-image\">\n<figure class=\"aligncenter\"><img decoding=\"async\" src=\"https:\/\/arnwiesen.net\/wpt\/wp-content\/uploads\/2016\/radtour_katharer\/TCKJ_RF1340.jpg\" alt=\"\"\/><\/figure>\n<\/div>\n\n\n<p><strong>&nbsp;3. Tag:<\/strong><br>Und wieder sehen wir eine der unz\u00e4hligen Burgen auf einem Berggipfel. Dies ist das Chateau de Puilaurens.<\/p>\n\n\n<div class=\"wp-block-image\">\n<figure class=\"aligncenter\"><img decoding=\"async\" src=\"https:\/\/arnwiesen.net\/wpt\/wp-content\/uploads\/2016\/radtour_katharer\/TCKJ_RF1410.jpg\" alt=\"\"\/><\/figure>\n<\/div>\n\n\n<p><strong>&nbsp;3. Tag:<\/strong><br>Nach einem ausgiebigen Mittagsmahl&nbsp;mit ausreichend Rotwein und K\u00e4se&nbsp;im Le Relais du Pays de Sault in Espezel geht es nun wieder bergab.<\/p>\n\n\n<div class=\"wp-block-image\">\n<figure class=\"aligncenter\"><img decoding=\"async\" src=\"https:\/\/arnwiesen.net\/wpt\/wp-content\/uploads\/2016\/radtour_katharer\/TCKJ_RF1490.jpg\" alt=\"\"\/><\/figure>\n<\/div>\n\n\n<p><strong>&nbsp;3. Tag:<\/strong><br>Die&nbsp;<strong>Fontaine de Fontestorbes<\/strong>&nbsp;ist eine pulsierende Quelle, die ca.&nbsp;jede Stunde&nbsp;ihren Wasseraussto\u00df von Minimum zu Maximum \u00e4ndert.<br>siehe&nbsp;<a href=\"https:\/\/de.wikipedia.org\/wiki\/Fontaine_de_Fontestorbes\" target=\"_blank\" rel=\"noreferrer noopener\">https:\/\/de.wikipedia.org\/wiki\/Fontaine_de_Fontestorbes<\/a><br><\/p>\n\n\n<div class=\"wp-block-image\">\n<figure class=\"aligncenter\"><img decoding=\"async\" src=\"https:\/\/arnwiesen.net\/wpt\/wp-content\/uploads\/2016\/radtour_katharer\/TCKJ_RF1580.jpg\" alt=\"\"\/><\/figure>\n<\/div>\n\n\n<p><strong>4. Tag:<\/strong><br>Nach einer \u00dcbernachtung im Ort Montsegur geht es nun die letzten Serpentinen hinauf zum Pa\u00df.&nbsp;Auf den Gipfel zur Burg&nbsp;mu\u00dften wir laufen.<\/p>\n\n\n<div class=\"wp-block-image\">\n<figure class=\"aligncenter\"><img decoding=\"async\" src=\"https:\/\/arnwiesen.net\/wpt\/wp-content\/uploads\/2016\/radtour_katharer\/TCKJ_RF1705.jpg\" alt=\"\"\/><\/figure>\n<\/div>\n\n\n<p><strong>&nbsp;4. Tag:<\/strong><br>Gruppenfoto mit guter Fernsicht auf der&nbsp;<strong>Burg Montsegur<\/strong>.<br>siehe&nbsp;<a href=\"https:\/\/de.wikipedia.org\/wiki\/Burg_Monts%C3%A9gur\" target=\"_blank\" rel=\"noreferrer noopener\">https:\/\/de.wikipedia.org\/wiki\/Burg_Monts%C3%A9gur<\/a><\/p>\n\n\n<div class=\"wp-block-image\">\n<figure class=\"aligncenter\"><img decoding=\"async\" src=\"https:\/\/arnwiesen.net\/wpt\/wp-content\/uploads\/2016\/radtour_katharer\/TCKJ_RF1810.jpg\" alt=\"\"\/><\/figure>\n<\/div>\n\n\n<p><strong>&nbsp;4. Tag:<\/strong><br>Die Treppe hier hoch war eigentlich f\u00fcr Besucher gesperrt. Aber wir konnten uns den sch\u00f6nen Ausblick von der Burgmauer nicht entgehen lassen.<\/p>\n\n\n<div class=\"wp-block-image\">\n<figure class=\"aligncenter\"><img decoding=\"async\" src=\"https:\/\/arnwiesen.net\/wpt\/wp-content\/uploads\/2016\/radtour_katharer\/TCKJ_RF1870.jpg\" alt=\"\"\/><\/figure>\n<\/div>\n\n\n<p><strong>4. Tag:<\/strong><br>Der Col de Montsegur war mit seinen 1059 m der h\u00f6chste Punkt unserer diesj\u00e4hrigen Radtour.<br>Trotzdem war die Tour im Vorland der Pyren\u00e4en genauso anstrengend wie manche Alpen\u00fcberquerung, da es immer auf und ab ging.<\/p>\n\n\n<div class=\"wp-block-image\">\n<figure class=\"aligncenter\"><img decoding=\"async\" src=\"https:\/\/arnwiesen.net\/wpt\/wp-content\/uploads\/2016\/radtour_katharer\/TCKJ_RF2125.jpg\" alt=\"\"\/><\/figure>\n<\/div>\n\n\n<p><strong>5. Tag:<br><\/strong>Blick am Vormittag \u00fcber weite Felder in Richtung Pyren\u00e4en.<strong><\/strong><\/p>\n\n\n<div class=\"wp-block-image\">\n<figure class=\"aligncenter\"><img decoding=\"async\" src=\"https:\/\/arnwiesen.net\/wpt\/wp-content\/uploads\/2016\/radtour_katharer\/TCKJ_RF2335.jpg\" alt=\"\"\/><\/figure>\n<\/div>\n\n\n<p><strong>5. Tag:<\/strong><br>die Burg&nbsp;<strong>Carcassonne<\/strong>&nbsp;ist eine gewaltige Festung, in der sich hinter 2 Ringen von Festungsmauern eine ganze Stadt verbirgt.&nbsp;<\/p>\n\n\n<div class=\"wp-block-image\">\n<figure class=\"aligncenter\"><img decoding=\"async\" src=\"https:\/\/arnwiesen.net\/wpt\/wp-content\/uploads\/2016\/radtour_katharer\/TCKJ_RF2490.jpg\" alt=\"\"\/><\/figure>\n<\/div>\n\n\n<p><strong>5. Tag:<\/strong><br>Nachdem wir unsere Hotelzimmer bezogen hatten, gingen wir zu Fu\u00df in die Festung&nbsp;<strong>Carcassonne<\/strong>, kauften Andenken und suchten uns ein sch\u00f6nes Restaurant f\u00fcrs Abendbrot.&nbsp;<\/p>\n\n\n<div class=\"wp-block-image\">\n<figure class=\"aligncenter\"><img decoding=\"async\" src=\"https:\/\/arnwiesen.net\/wpt\/wp-content\/uploads\/2016\/radtour_katharer\/TCKJ_RF2680.jpg\" alt=\"\"\/><\/figure>\n<\/div>\n\n\n<p><strong>&nbsp;5. Tag:<\/strong><br>Nachts werden die Festungsmauern von&nbsp;<strong>Carcassonne<\/strong>&nbsp;sch\u00f6n angestrahlt. Wir befinden uns gerade zwischen den beiden Mauerringen.<\/p>\n\n\n<div class=\"wp-block-image\">\n<figure class=\"aligncenter\"><img decoding=\"async\" src=\"https:\/\/arnwiesen.net\/wpt\/wp-content\/uploads\/2016\/radtour_katharer\/TCKJ_RF2720.jpg\" alt=\"\"\/><\/figure>\n<\/div>\n\n\n<p>&nbsp;<strong>5. Tag:<\/strong><br>Auch bei Nacht im Scheinwerferlicht beeindrucken die riesigen Festungsmauern von&nbsp;<strong>Carcassonne<\/strong>.<\/p>\n\n\n<div class=\"wp-block-image\">\n<figure class=\"aligncenter\"><img decoding=\"async\" src=\"https:\/\/arnwiesen.net\/wpt\/wp-content\/uploads\/2016\/radtour_katharer\/TCKJ_RF2755.jpg\" alt=\"\"\/><\/figure>\n<\/div>\n\n\n<p>&nbsp;<strong>6. Tag:<\/strong><br>Vor der Weiterfahrt am n\u00e4chsten Morgen nahmen wir uns nochmals ein paar Stunden Zeit f\u00fcr die Festung&nbsp;<strong>Carcassonne<\/strong>.<\/p>\n\n\n<div class=\"wp-block-image\">\n<figure class=\"aligncenter\"><img decoding=\"async\" src=\"https:\/\/arnwiesen.net\/wpt\/wp-content\/uploads\/2016\/radtour_katharer\/TCKJ_RF3075.jpg\" alt=\"\"\/><\/figure>\n<\/div>\n\n\n<p><strong>&nbsp;6. Tag:<\/strong><br>Der&nbsp;<strong>Canal du Midi<\/strong>&nbsp;verbindet das Mittelmeer mit Toulouse und weiter \u00fcber den Flu\u00df Garonne mit dem Atlantik.<br>siehe&nbsp;<a href=\"https:\/\/de.wikipedia.org\/wiki\/Canal_du_Midi\" target=\"_blank\" rel=\"noreferrer noopener\">https:\/\/de.wikipedia.org\/wiki\/Canal_du_Midi<\/a><\/p>\n\n\n<div class=\"wp-block-image\">\n<figure class=\"aligncenter\"><img decoding=\"async\" src=\"https:\/\/arnwiesen.net\/wpt\/wp-content\/uploads\/2016\/radtour_katharer\/TCKJ_RF3230.jpg\" alt=\"\"\/><\/figure>\n<\/div>\n\n\n<p><strong>&nbsp;6. Tag:<\/strong><br>Am&nbsp;<strong>Canal du Midi<\/strong>&nbsp;gibt es unendlich viele Schleu\u00dfen. Heute wird er haupts\u00e4chlich von Touristen mit Hausbooten befahren.<\/p>\n\n\n\n<figure class=\"wp-block-image size-full\"><img loading=\"lazy\" decoding=\"async\" width=\"800\" height=\"450\" src=\"https:\/\/arnwiesen.net\/wpt\/wp-content\/uploads\/2016\/radtour_katharer\/TCKJ_RF3290.jpg\" alt=\"\" class=\"wp-image-759\" srcset=\"https:\/\/arnwiesen.net\/wpt\/wp-content\/uploads\/2016\/radtour_katharer\/TCKJ_RF3290.jpg 800w, https:\/\/arnwiesen.net\/wpt\/wp-content\/uploads\/2016\/radtour_katharer\/TCKJ_RF3290-300x169.jpg 300w, https:\/\/arnwiesen.net\/wpt\/wp-content\/uploads\/2016\/radtour_katharer\/TCKJ_RF3290-768x432.jpg 768w\" sizes=\"auto, (max-width: 709px) 85vw, (max-width: 909px) 67vw, (max-width: 984px) 61vw, (max-width: 1362px) 45vw, 600px\" \/><\/figure>\n\n\n\n<p>&nbsp;<strong>6. Tag:<\/strong><br>Die wohlbehaltene Ankunft in Narbonne, ohne Pannen oder andere Zwischenf\u00e4lle, wird mit einer Flasche Sekt gefeiert.<\/p>\n\n\n<div class=\"wp-block-image\">\n<figure class=\"aligncenter\"><img decoding=\"async\" src=\"https:\/\/arnwiesen.net\/wpt\/wp-content\/uploads\/2016\/radtour_katharer\/TCKJ_RF4005.jpg\" alt=\"\"\/><\/figure>\n<\/div>\n\n\n<p>&nbsp;<strong>R\u00fcckfahrt:<\/strong><br>Auf dem Heimweg machten wir noch einen Abstecher nach Rennes-le-Chateau, einem wichtigen Ort in der Mythologie um die&nbsp;<a href=\"https:\/\/de.wikipedia.org\/wiki\/Prieur%C3%A9_de_Sion\" target=\"_blank\" rel=\"noreferrer noopener\">Prieur\u00e9 de Sion<\/a>.<\/p>\n\n\n<div class=\"wp-block-image\">\n<figure class=\"aligncenter\"><img decoding=\"async\" src=\"https:\/\/arnwiesen.net\/wpt\/wp-content\/uploads\/2016\/radtour_katharer\/TCKJ_RF4125.jpg\" alt=\"\"\/><\/figure>\n<\/div>\n\n\n<p><strong>R\u00fcckfahrt:<\/strong><br>Der Tour Magdala in Rennes- le-Chateau.<br>siehe&nbsp;<a href=\"https:\/\/de.wikipedia.org\/wiki\/Rennes-le-Ch%C3%A2teau\" target=\"_blank\" rel=\"noreferrer noopener\">https:\/\/de.wikipedia.org\/wiki\/Rennes-le-Ch%C3%A2teau<\/a><\/p>\n\n\n\n<p>Es war wie immer wieder eine sch\u00f6ne, gelungene Radtour in einer f\u00fcr uns alle bisher unbekannten Gegend.<br>Wir haben viel Neues kennengelernt \u00fcber die Katharer und ihre Geschichte.<\/p>\n\n\n\n<p>Mehr Fotos gibt es wie immer unter<\/p>\n\n\n\n<p><a href=\"http:\/\/franklehmann.dyndns.eu\/index.php?folder=\/2016\/11_Katharertour\/\" target=\"_blank\" rel=\"noreferrer noopener\">http:\/\/franklehmann.dyndns.eu\/index.php?folder=\/2016\/11_Katharertour\/<\/a><\/p>\n","protected":false},"excerpt":{"rendered":"<p>Radtour im Land der Katharer Vom 24.09. &#8211; 02.10.2016 waren Ludger, Werner, Uli und Frank mit dem Fahrrad in S\u00fcdfrankreich unterwegs.Dort haben wir das Land der Katharer erkundet.Die Idee zu dieser wundersch\u00f6nen Tour kam urspr\u00fcnglich von Ludwig. Leider war er dann gar nicht mit dabei.@Ludwig: Du hast etwas verpa\u00dft !Wir sind durch unendliche Weinfelder gefahren, &hellip; <a href=\"https:\/\/arnwiesen.net\/wpt\/2016\/radtour-in-okzitanien-2016\/\" class=\"more-link\"><span class=\"screen-reader-text\">\u201eRadtour in Okzitanien 2016\u201c<\/span> weiterlesen<\/a><\/p>\n","protected":false},"author":6,"featured_media":0,"comment_status":"closed","ping_status":"open","sticky":false,"template":"","format":"standard","meta":{"footnotes":""},"categories":[21],"tags":[59,58,57,56,31],"class_list":["post-2509","post","type-post","status-publish","format-standard","hentry","category-berichte-2016","tag-canal-du-midi","tag-carcassonne","tag-col-de-montsegur","tag-okzitanien","tag-radtour"],"_links":{"self":[{"href":"https:\/\/arnwiesen.net\/wpt\/wp-json\/wp\/v2\/posts\/2509","targetHints":{"allow":["GET"]}}],"collection":[{"href":"https:\/\/arnwiesen.net\/wpt\/wp-json\/wp\/v2\/posts"}],"about":[{"href":"https:\/\/arnwiesen.net\/wpt\/wp-json\/wp\/v2\/types\/post"}],"author":[{"embeddable":true,"href":"https:\/\/arnwiesen.net\/wpt\/wp-json\/wp\/v2\/users\/6"}],"replies":[{"embeddable":true,"href":"https:\/\/arnwiesen.net\/wpt\/wp-json\/wp\/v2\/comments?post=2509"}],"version-history":[{"count":2,"href":"https:\/\/arnwiesen.net\/wpt\/wp-json\/wp\/v2\/posts\/2509\/revisions"}],"predecessor-version":[{"id":2605,"href":"https:\/\/arnwiesen.net\/wpt\/wp-json\/wp\/v2\/posts\/2509\/revisions\/2605"}],"wp:attachment":[{"href":"https:\/\/arnwiesen.net\/wpt\/wp-json\/wp\/v2\/media?parent=2509"}],"wp:term":[{"taxonomy":"category","embeddable":true,"href":"https:\/\/arnwiesen.net\/wpt\/wp-json\/wp\/v2\/categories?post=2509"},{"taxonomy":"post_tag","embeddable":true,"href":"https:\/\/arnwiesen.net\/wpt\/wp-json\/wp\/v2\/tags?post=2509"}],"curies":[{"name":"wp","href":"https:\/\/api.w.org\/{rel}","templated":true}]}}